[{"command":"settings","settings":{"pluralDelimiter":"\u0003","suppressDeprecationErrors":true,"ajaxPageState":{"libraries":"core\/drupal.ajax,core\/picturefill,ds\/ds_3col_equal_width","theme":"gaceta","theme_token":null},"ajaxTrustedUrl":[],"field_group":{"html_element":{"mode":"media_expanded","context":"view","settings":{"classes":"datos","show_empty_fields":false,"id":"","element":"div","show_label":false,"label_element":"h3","label_element_classes":"","attributes":"","effect":"none","speed":"fast"}}},"user":{"uid":0,"permissionsHash":"55dc977d165ab1e05e51b6cc6487f6d73e65ab536d99ee82c6990d9001d5c21c"}},"merge":true},{"command":"add_css","data":"\u003Clink rel=\u0022stylesheet\u0022 media=\u0022all\u0022 href=\u0022\/sites\/default\/files\/css\/css_mxJrjoKKAZuuB4_4f-B1u9VnFZxvSor3Az4JEdrFEso.css\u0022 \/\u003E\n\u003Clink rel=\u0022stylesheet\u0022 media=\u0022all\u0022 href=\u0022\/sites\/default\/files\/css\/css_-BXSGQpS8YTwwuXGbPoshUvZ7W-_HbYR3H7d0DA_mEY.css\u0022 \/\u003E\n\u003Clink rel=\u0022stylesheet\u0022 media=\u0022all\u0022 href=\u0022\/sites\/default\/files\/css\/css_89YreTu0npezhXSakRJR9TVHyBS9bTcyt0s3IckAe-M.css\u0022 \/\u003E\n"},{"command":"add_js","selector":"body","data":[{"src":"\/sites\/default\/files\/js\/js_9UaAhXvc9u0KYXXUw-OKyLP2baQxdV4zY3Y_KGurcvY.js"},{"src":"\/sites\/default\/files\/js\/js_oDJxUBLBzfRb_FDgNfkNOm9-tiatS2kNfxQIeVRZA7Y.js"},{"src":"\/sites\/default\/files\/js\/js_YM82KRuzNIr2X-Kb8pQW8cOcSbWgQ_QGKclTYJ_aMlI.js"},{"src":"\/sites\/default\/files\/js\/js_pqqsPPmPmxKgamY6qk_WSawtL05XH_yAY8GkPHVyahI.js"}]},{"command":"insert","method":"replaceWith","selector":".view-mode-full","data":"\u003Cdiv data-history-node-id=\u002212218\u0022 class=\u0022contenido view-mode-media_expanded ds-3col-equal clearfix\u0022\u003E\n\n  \n\n  \u003Cdiv class=\u0022area-medios group-left\u0022\u003E\n        \n                          \u003Cdiv  class=\u0022imagen\u0022 \u003E\n          \u003Cpicture\u003E\n                  \u003Csource srcset=\u0022\/sites\/default\/files\/styles\/max_650x650\/public\/2019-07\/COMIENZAN%20JORNADAS%20FCAYS%202012%20%282%29.webp?itok=hcp34DK0 650w, \/sites\/default\/files\/styles\/max_1300x1300\/public\/2019-07\/COMIENZAN%20JORNADAS%20FCAYS%202012%20%282%29.webp?itok=K8deMN8n 1300w, \/sites\/default\/files\/styles\/max_1900x1900\/public\/2019-07\/COMIENZAN%20JORNADAS%20FCAYS%202012%20%282%29.webp?itok=s-JSdEmD 1772w\u0022 type=\u0022image\/webp\u0022 sizes=\u0022100vw\u0022\/\u003E\n              \u003Csource srcset=\u0022\/sites\/default\/files\/styles\/max_650x650\/public\/2019-07\/COMIENZAN%20JORNADAS%20FCAYS%202012%20%282%29.jpg?itok=hcp34DK0 650w, \/sites\/default\/files\/styles\/max_1300x1300\/public\/2019-07\/COMIENZAN%20JORNADAS%20FCAYS%202012%20%282%29.jpg?itok=K8deMN8n 1300w, \/sites\/default\/files\/styles\/max_1900x1900\/public\/2019-07\/COMIENZAN%20JORNADAS%20FCAYS%202012%20%282%29.jpg?itok=s-JSdEmD 1772w\u0022 type=\u0022image\/jpeg\u0022 sizes=\u0022100vw\u0022\/\u003E\n                  \u003Cimg srcset=\u0022\/sites\/default\/files\/styles\/max_650x650\/public\/2019-07\/COMIENZAN%20JORNADAS%20FCAYS%202012%20%282%29.jpg?itok=hcp34DK0 650w, \/sites\/default\/files\/styles\/max_1300x1300\/public\/2019-07\/COMIENZAN%20JORNADAS%20FCAYS%202012%20%282%29.jpg?itok=K8deMN8n 1300w, \/sites\/default\/files\/styles\/max_1900x1900\/public\/2019-07\/COMIENZAN%20JORNADAS%20FCAYS%202012%20%282%29.jpg?itok=s-JSdEmD 1772w\u0022 sizes=\u0022100vw\u0022 src=\u0022\/sites\/default\/files\/styles\/max_1300x1300\/public\/2019-07\/COMIENZAN%20JORNADAS%20FCAYS%202012%20%282%29.jpg?itok=K8deMN8n\u0022 alt=\u0022\u0022 typeof=\u0022foaf:Image\u0022 class=\u0022img-fluid\u0022 \/\u003E\n\n  \u003C\/picture\u003E\n\n\u003C\/div\u003E\n      \n  \n\n      \u003Cdiv  class=\u0022boton-expander\u0022\u003E\n        \n                  \u003Cdiv class=\u0022item-list\u0022\u003E\u003Cul\u003E\u003Cli\u003E\u003Ca href=\u0022\/ds-switch-view-mode\/node\/12218\/media_collapsed?selector=view-mode-media_expanded\u0022 class=\u0022use-ajax\u0022\u003E\u2191\u003C\/a\u003E\u003C\/li\u003E\u003C\/ul\u003E\u003C\/div\u003E\n      \n  \n    \u003C\/div\u003E\n\n\n  \u003C\/div\u003E\n\n  \u003Cdiv class=\u0022area-info group-middle\u0022\u003E\n    \n\u003Cdiv  class=\u0022inner\u0022\u003E\n          \n                          \u003Ch2  class=\u0022titulo\u0022 \u003E\n        Comienzan las primeras Jornadas FCAyS 2012\n\u003C\/h2\u003E\n      \n  \n\n    \n                          \u003Cdiv  class=\u0022resumen\u0022 \u003E\n      Es la primera vez que se organiza el evento y m\u00e1s de 80 alumnos participan en su organizaci\u00f3n.\u003C\/div\u003E\n      \n  \n\n\n\u003Cdiv  class=\u0022datos\u0022\u003E\n            \u003Cdiv  class=\u0022campus\u0022\u003E\n            \u003Cdiv  class=\u0022field-label-inline\u0022\u003ECampus\u003C\/div\u003E\n  \n                  \u003Ca href=\u0022\/campus\/ensenada\u0022 hreflang=\u0022es\u0022\u003EEnsenada\u003C\/a\u003E\n      \n  \n    \u003C\/div\u003E\n\n    \n                          \u003Cdiv  class=\u0022fecha\u0022 \u003E\n      30 de Octubre de 2012\u003C\/div\u003E\n      \n  \n\n\n  \u003C\/div\u003E\n    \n                          \u003Cdiv  class=\u0022texto\u0022 \u003E\n      \u003Cp\u003EBajo el lema \u201cExpresarse, aprender y divertirse juntos\u201d se inauguraron las actividades de las Jornadas FCAyS 2012, que fungir\u00e1n como un espacio promotor de formaci\u00f3n integral para los estudiantes de las distintas licenciaturas de la Facultad de Ciencias Administrativas y Sociales de la Universidad Aut\u00f3noma de Baja California (UABC).\u003C\/p\u003E\u003Cp\u003EEl doctor Oscar Roberto L\u00f3pez Bonilla, Vicerrector de la UABC Campus Ensenada y la doctora M\u00f3nica Lacavex Berumen, Directora de la FCAyS, coincidieron en que se trata de un evento hist\u00f3rico para la Facultad, ya que es la primera vez que se realizan las jornadas reuniendo actividades de corte acad\u00e9mico, cultural, recreativo y deportivo; mismas que son resultado de una consulta de inquietudes en la que se involucr\u00f3 a estudiantes, acad\u00e9micos y administrativos.\u003C\/p\u003E\n\u003Cp\u003E\u00a8La formaci\u00f3n de profesionistas requiere desarrollar habilidades, fomentar actitudes y trabajar en equipo, lo cual ayuda a enriquecer el ambiente acad\u00e9mico de los cimarrones\u201d, expres\u00f3 en su mensaje el doctor Oscar L\u00f3pez Bonilla, resaltando que lo que permite lograr el \u00e9xito en una comunidad es la diversidad de profesiones y destrezas, cualidades que sin duda re\u00fane la comunidad estudiantil de la FCAyS.\u003C\/p\u003E\n\u003Cp\u003EEl evento es operado y organizado por 80 estudiantes de licenciatura, quienes se encuentran bajo la coordinaci\u00f3n de las maestras Nina Mart\u00ednez Arellano y Virginia Hern\u00e1ndez L\u00f3pez, docentes de la Facultad.\u003C\/p\u003E\n\u003Cp\u003ELas Jornadas se llevar\u00e1n a cabo del 28 de octubre al 3 noviembre del presente a\u00f1o, d\u00edas en los que se presentar\u00e1n conferencias, muestras de danza, feria gastron\u00f3mica, expresi\u00f3n musical y karaoke, torneos deportivos, cineclub, as\u00ed como el tradicional Concurso de Altares y Ofrendas del D\u00eda de Muertos; propiciando en este sentido la formaci\u00f3n integral de los estudiantes, misi\u00f3n principal de la Universidad.\u003C\/p\u003E\n\u003Cp\u003EPara mayores informes sobre las actividades, los interesados pueden consultar la p\u00e1gina de Internet labrujula.ens.uabc.mx , o bien, comunicarse al n\u00famero telef\u00f3nico de la FCAyS (646) 176-66-00.\u003C\/p\u003E\n\u003Cp\u003EDurante la inauguraci\u00f3n estuvieron presentes la maestra Eva Olivia Mart\u00ednez Lucero, subdirectora de la FCAyS; el maestro Ricardo Osorio Cayetano, en representaci\u00f3n de los acad\u00e9micos de la Facultad, y la alumna M\u00f3nica Mercado Mac\u00edas, representante del Comit\u00e9 organizador.\u003C\/p\u003E\u003C\/div\u003E\n      \n  \n\n\n  \u003C\/div\u003E\n\n  \u003C\/div\u003E\n\n  \u003Cdiv class=\u0022area-extras group-right\u0022\u003E\n        \n                          \u003Cdiv  class=\u0022enlace-blockBottom\u0022 \u003E\n      \u003Cdiv\u003EVer m\u00e1s \u003Ca href=\u0022http:\/\/gaceta.uabc.mx\/notas\u0022\u003ENotas\u003C\/a\u003E\u003C\/div\u003E\n\u003C\/div\u003E\n      \n  \n\n\n  \u003C\/div\u003E\n\n\u003C\/div\u003E\n\n","settings":null}]