[{"command":"settings","settings":{"pluralDelimiter":"\u0003","suppressDeprecationErrors":true,"ajaxPageState":{"libraries":"core\/drupal.ajax,ds\/ds_3col_equal_width","theme":"gaceta","theme_token":null},"ajaxTrustedUrl":[],"field_group":{"html_element":{"mode":"media_expanded","context":"view","settings":{"classes":"datos","show_empty_fields":false,"id":"","element":"div","show_label":false,"label_element":"h3","label_element_classes":"","attributes":"","effect":"none","speed":"fast"}}},"user":{"uid":0,"permissionsHash":"55dc977d165ab1e05e51b6cc6487f6d73e65ab536d99ee82c6990d9001d5c21c"}},"merge":true},{"command":"add_css","data":"\u003Clink rel=\u0022stylesheet\u0022 media=\u0022all\u0022 href=\u0022\/sites\/default\/files\/css\/css_mxJrjoKKAZuuB4_4f-B1u9VnFZxvSor3Az4JEdrFEso.css\u0022 \/\u003E\n\u003Clink rel=\u0022stylesheet\u0022 media=\u0022all\u0022 href=\u0022\/sites\/default\/files\/css\/css_-BXSGQpS8YTwwuXGbPoshUvZ7W-_HbYR3H7d0DA_mEY.css\u0022 \/\u003E\n\u003Clink rel=\u0022stylesheet\u0022 media=\u0022all\u0022 href=\u0022\/sites\/default\/files\/css\/css_89YreTu0npezhXSakRJR9TVHyBS9bTcyt0s3IckAe-M.css\u0022 \/\u003E\n"},{"command":"add_js","selector":"body","data":[{"src":"\/sites\/default\/files\/js\/js_9UaAhXvc9u0KYXXUw-OKyLP2baQxdV4zY3Y_KGurcvY.js"},{"src":"\/sites\/default\/files\/js\/js_oDJxUBLBzfRb_FDgNfkNOm9-tiatS2kNfxQIeVRZA7Y.js"},{"src":"\/sites\/default\/files\/js\/js_1RP4qUEvRifRPl9mYl8nA5jNqky6vVqo6nKEmFCp0ko.js"},{"src":"\/sites\/default\/files\/js\/js_JWYilEE4EQG7Dr-JhBmcQVwxs1c7FMUMbFbUcXjlSYw.js"}]},{"command":"insert","method":"replaceWith","selector":".view-mode-full","data":"\u003Cdiv data-history-node-id=\u002213287\u0022 class=\u0022contenido view-mode-media_expanded ds-3col-equal clearfix\u0022\u003E\n\n  \n\n  \u003Cdiv class=\u0022area-medios group-left\u0022\u003E\n          \u003Cdiv  class=\u0022boton-expander\u0022\u003E\n        \n                  \u003Cdiv class=\u0022item-list\u0022\u003E\u003Cul\u003E\u003Cli\u003E\u003Ca href=\u0022\/ds-switch-view-mode\/node\/13287\/media_collapsed?selector=view-mode-media_expanded\u0022 class=\u0022use-ajax\u0022\u003E\u2191\u003C\/a\u003E\u003C\/li\u003E\u003C\/ul\u003E\u003C\/div\u003E\n      \n  \n    \u003C\/div\u003E\n\n\n  \u003C\/div\u003E\n\n  \u003Cdiv class=\u0022area-info group-middle\u0022\u003E\n    \n\u003Cdiv  class=\u0022inner\u0022\u003E\n          \n                          \u003Ch2  class=\u0022titulo\u0022 \u003E\n        UABC invita al Foro Movilidad Urbana y Ciclov\u00edas\n\u003C\/h2\u003E\n      \n  \n\n    \n                          \u003Cdiv  class=\u0022resumen\u0022 \u003E\n      Con el tema \u0026quot; Retos y avances en el contexto nacional\u0026quot; inicia el foro gratuito en la UABC.\u003C\/div\u003E\n      \n  \n\n\n\u003Cdiv  class=\u0022datos\u0022\u003E\n            \u003Cdiv  class=\u0022campus\u0022\u003E\n            \u003Cdiv  class=\u0022field-label-inline\u0022\u003ECampus\u003C\/div\u003E\n  \n                  \u003Ca href=\u0022\/campus\/ensenada\u0022 hreflang=\u0022es\u0022\u003EEnsenada\u003C\/a\u003E\n      \n  \n    \u003C\/div\u003E\n\n    \n                          \u003Cdiv  class=\u0022fecha\u0022 \u003E\n      2 de Octubre de 2012\u003C\/div\u003E\n      \n  \n\n\n  \u003C\/div\u003E\n    \n                          \u003Cdiv  class=\u0022texto\u0022 \u003E\n      \u003Cp\u003EPara todos aquellos interesados en la calidad de vida, la cultura vial y el uso de la bicicleta como medio de transporte, la Universidad Aut\u00f3noma de Baja California, a trav\u00e9s de la Red de Estudios Sociales Transfronterizos del Norte de M\u00e9xico, invitan a la comunidad al Foro Movilidad urbana y ciclov\u00edas. Retos y avances en el contexto nacional, que se llevar\u00e1 a cabo el jueves 30 y viernes 31 de agosto, en la sala audiovisual del Departamento de Informaci\u00f3n Acad\u00e9mica (DIA) de la UABC Unidad Valle Dorado.\u003C\/p\u003E\u003Cp\u003EEl objetivo del Foro es crear un espacio para el di\u00e1logo y la discusi\u00f3n de las propuestas, avances y retos que visualizan actores estrat\u00e9gicos en relaci\u00f3n a la movilidad urbana sustentable en el contexto local, regional y nacional.\u003C\/p\u003E\n\u003Cp\u003EEl jueves 30, de las 17:00 a las 18:30 horas se brindar\u00e1 la conferencia \u201cEl impulso de la movilidad urbana sustentable en la Ciudad de M\u00e9xico\u201d, por la licenciada Mar\u00eda del Carmen Mendoza y de la Llave, de la Secretar\u00eda de Medio Ambiente de la Ciudad de M\u00e9xico; concluyendo con la mesa redonda: \u201cRetos para la planeaci\u00f3n y la movilidad urbana\u201d de las 18:30 a las 21:00 horas.\u003C\/p\u003E\n\u003Cp\u003EEl viernes 31 con los mismos horarios se llevar\u00e1 a cabo la conferencia \u201cLa experiencia de la movilidad y recreaci\u00f3n en Guadalajara\u201d, impartida por el Arquitecto Gabriel Michel Estrada, iniciador de la V\u00eda Recre-Activa de Guadalajara; y la mesa redonda: \u201cDe paseos recreativos a propuestas ciudadanas: la experiencia de los grupos en pro del ciclismo urbano en Baja California\u201d.\u003C\/p\u003E\n\u003Cp\u003ELa asistencia al foro es gratuita, mayores informes al correo nellycalderon@uabc.edu.mx o en el Facebook UABICI Paseos Mensuales.\u003C\/p\u003E\n\u003Cp\u003E\u00a0\u003C\/p\u003E\u003C\/div\u003E\n      \n  \n\n\n  \u003C\/div\u003E\n\n  \u003C\/div\u003E\n\n  \u003Cdiv class=\u0022area-extras group-right\u0022\u003E\n        \n                          \u003Cdiv  class=\u0022enlace-blockBottom\u0022 \u003E\n      \u003Cdiv\u003EVer m\u00e1s \u003Ca href=\u0022http:\/\/gaceta.uabc.mx\/notas\u0022\u003ENotas\u003C\/a\u003E\u003C\/div\u003E\n\u003C\/div\u003E\n      \n  \n\n\n  \u003C\/div\u003E\n\n\u003C\/div\u003E\n\n","settings":null}]