[{"command":"settings","settings":{"pluralDelimiter":"\u0003","suppressDeprecationErrors":true,"ajaxPageState":{"libraries":"core\/drupal.ajax,core\/picturefill,ds\/ds_3col_equal_width","theme":"gaceta","theme_token":null},"ajaxTrustedUrl":[],"field_group":{"html_element":{"mode":"media_expanded","context":"view","settings":{"classes":"datos","show_empty_fields":false,"id":"","element":"div","show_label":false,"label_element":"h3","label_element_classes":"","attributes":"","effect":"none","speed":"fast"}}},"user":{"uid":0,"permissionsHash":"55dc977d165ab1e05e51b6cc6487f6d73e65ab536d99ee82c6990d9001d5c21c"}},"merge":true},{"command":"add_css","data":"\u003Clink rel=\u0022stylesheet\u0022 media=\u0022all\u0022 href=\u0022\/sites\/default\/files\/css\/css_mxJrjoKKAZuuB4_4f-B1u9VnFZxvSor3Az4JEdrFEso.css\u0022 \/\u003E\n\u003Clink rel=\u0022stylesheet\u0022 media=\u0022all\u0022 href=\u0022\/sites\/default\/files\/css\/css_-BXSGQpS8YTwwuXGbPoshUvZ7W-_HbYR3H7d0DA_mEY.css\u0022 \/\u003E\n\u003Clink rel=\u0022stylesheet\u0022 media=\u0022all\u0022 href=\u0022\/sites\/default\/files\/css\/css_89YreTu0npezhXSakRJR9TVHyBS9bTcyt0s3IckAe-M.css\u0022 \/\u003E\n"},{"command":"add_js","selector":"body","data":[{"src":"\/sites\/default\/files\/js\/js_9UaAhXvc9u0KYXXUw-OKyLP2baQxdV4zY3Y_KGurcvY.js"},{"src":"\/sites\/default\/files\/js\/js_oDJxUBLBzfRb_FDgNfkNOm9-tiatS2kNfxQIeVRZA7Y.js"},{"src":"\/sites\/default\/files\/js\/js_YM82KRuzNIr2X-Kb8pQW8cOcSbWgQ_QGKclTYJ_aMlI.js"},{"src":"\/sites\/default\/files\/js\/js_pqqsPPmPmxKgamY6qk_WSawtL05XH_yAY8GkPHVyahI.js"}]},{"command":"insert","method":"replaceWith","selector":".view-mode-full","data":"\u003Cdiv data-history-node-id=\u002213291\u0022 class=\u0022contenido view-mode-media_expanded ds-3col-equal clearfix\u0022\u003E\n\n  \n\n  \u003Cdiv class=\u0022area-medios group-left\u0022\u003E\n        \n                          \u003Cdiv  class=\u0022imagen\u0022 \u003E\n          \u003Cpicture\u003E\n                  \u003Csource srcset=\u0022\/sites\/default\/files\/styles\/max_650x650\/public\/2019-07\/prounivalleoficina_0.webp?itok=8CLl8J-q 650w, \/sites\/default\/files\/styles\/max_1900x1900\/public\/2019-07\/prounivalleoficina_0.webp?itok=83plvRJ2 750w\u0022 type=\u0022image\/webp\u0022 sizes=\u0022100vw\u0022\/\u003E\n              \u003Csource srcset=\u0022\/sites\/default\/files\/styles\/max_650x650\/public\/2019-07\/prounivalleoficina_0.jpg?itok=8CLl8J-q 650w, \/sites\/default\/files\/styles\/max_1900x1900\/public\/2019-07\/prounivalleoficina_0.jpg?itok=83plvRJ2 750w\u0022 type=\u0022image\/jpeg\u0022 sizes=\u0022100vw\u0022\/\u003E\n                  \u003Cimg srcset=\u0022\/sites\/default\/files\/styles\/max_650x650\/public\/2019-07\/prounivalleoficina_0.jpg?itok=8CLl8J-q 650w, \/sites\/default\/files\/styles\/max_1900x1900\/public\/2019-07\/prounivalleoficina_0.jpg?itok=83plvRJ2 750w\u0022 sizes=\u0022100vw\u0022 src=\u0022\/sites\/default\/files\/styles\/max_1300x1300\/public\/2019-07\/prounivalleoficina_0.jpg?itok=gy4nbWHC\u0022 alt=\u0022\u0022 typeof=\u0022foaf:Image\u0022 class=\u0022img-fluid\u0022 \/\u003E\n\n  \u003C\/picture\u003E\n\n\u003C\/div\u003E\n      \n  \n\n      \u003Cdiv  class=\u0022boton-expander\u0022\u003E\n        \n                  \u003Cdiv class=\u0022item-list\u0022\u003E\u003Cul\u003E\u003Cli\u003E\u003Ca href=\u0022\/ds-switch-view-mode\/node\/13291\/media_collapsed?selector=view-mode-media_expanded\u0022 class=\u0022use-ajax\u0022\u003E\u2191\u003C\/a\u003E\u003C\/li\u003E\u003C\/ul\u003E\u003C\/div\u003E\n      \n  \n    \u003C\/div\u003E\n\n\n  \u003C\/div\u003E\n\n  \u003Cdiv class=\u0022area-info group-middle\u0022\u003E\n    \n\u003Cdiv  class=\u0022inner\u0022\u003E\n          \n                          \u003Ch2  class=\u0022titulo\u0022 \u003E\n        Abre UABC Centro de Artes y Atenci\u00f3n Comunitaria en el Valle de Mexicali\n\u003C\/h2\u003E\n      \n  \n\n    \n                          \u003Cdiv  class=\u0022resumen\u0022 \u003E\n      Espacio creado para fortalecer los valores, fomentar el arte y la cultura as\u00ed como los valores, derechos y salus en el Valle de Mexicali.\u003C\/div\u003E\n      \n  \n\n\n\u003Cdiv  class=\u0022datos\u0022\u003E\n            \u003Cdiv  class=\u0022campus\u0022\u003E\n            \u003Cdiv  class=\u0022field-label-inline\u0022\u003ECampus\u003C\/div\u003E\n  \n                  \u003Ca href=\u0022\/campus\/mexicali\u0022 hreflang=\u0022es\u0022\u003EMexicali\u003C\/a\u003E\n      \n  \n    \u003C\/div\u003E\n\n    \n                          \u003Cdiv  class=\u0022fecha\u0022 \u003E\n      28 de Septiembre de 2012\u003C\/div\u003E\n      \n  \n\n\n  \u003C\/div\u003E\n    \n                          \u003Cdiv  class=\u0022texto\u0022 \u003E\n      \u003Cp\u003ESe inaugur\u00f3 el Centro de Artes y Atenci\u00f3n Comunitaria ubicado en la Escuela de Ingenier\u00eda y Negocios de Guadalupe Victoria (EIN-GV) de la Universidad Aut\u00f3noma de Baja California (UABC).\u003C\/p\u003E\u003Cp\u003EEl Centro surgi\u00f3 en Programas Universitarios para el Valle (Prounivalle), desarrollados en convenio con la Comisi\u00f3n Federal de Electricidad (CFE) que aport\u00f3 un mill\u00f3n 58 mil pesos para su creaci\u00f3n.\u003C\/p\u003E\n\u003Cp\u003EEn la ceremonia inaugural, el Rector de la UABC, doctor Felipe Cuamea Vel\u00e1zquez coment\u00f3: \u201cEste acto es un ejercicio de transparencia y rendici\u00f3n de cuentas en la aplicaci\u00f3n de los recursos. Pero no solamente de la inversi\u00f3n econ\u00f3mica que nos han confiado, sino de los resultados de la inversi\u00f3n social que permitir\u00e1 beneficiar a muchos en la comunidad del Valle de Mexicali\u201d.\u003C\/p\u003E\n\u003Cp\u003E\u201cComo universitarios tenemos muy clara la visi\u00f3n institucional que se relaciona con la extensi\u00f3n de la cultura, la divulgaci\u00f3n de las ciencias y de las artes. Uno de los cambios que tienen las pol\u00edticas de la UABC es darle \u00e9nfasis fundamental a la presencia universitaria en la comunidad\u201d, agreg\u00f3 el Rector.\u003C\/p\u003E\n\u003Cp\u003ESe\u00f1al\u00f3 que este proyecto beneficiar\u00e1 no solo a las generaciones actuales, sino tambi\u00e9n a las futuras. En los proyectos surgidos en Prounivalle UABC-CFE, adem\u00e1s de la EIN-GV, tambi\u00e9n participan de manera coordinada la Escuela de Deportes, la Facultad de Artes y el Instituto de Investigaciones Culturales IIC-Museo de la UABC.\u003C\/p\u003E\n\u003Cp\u003EEn su participaci\u00f3n, la doctora Margarita P\u00e9rez Gavil\u00e1n, Gerente de Desarrollo Social de la CFE, mencion\u00f3: \u201cEste proyecto ser\u00e1 nuestro granito de arena para poder llevar a cabo esta labor tan encomiable que tiene la UABC, formar a nuestros j\u00f3venes para que ellos puedan transmitir a su vez a las futuras generaciones los conocimientos\u201c. Exhort\u00f3 a los habitantes del valle a asistir a este Centro y aprovechar todos los cursos que se impartan en \u00e9l.\u003C\/p\u003E\n\u003Cp\u003EUna vez inaugurado la unidad m\u00f3vil que alberga el Centro, el Rector e invitados especiales recorrieron las instalaciones, en donde alumnos de los cursos de Ritmos Latinos, Jazz y Guitarra, dieron muestra de lo aprendido.\u003C\/p\u003E\u003C\/div\u003E\n      \n  \n\n\n  \u003C\/div\u003E\n\n  \u003C\/div\u003E\n\n  \u003Cdiv class=\u0022area-extras group-right\u0022\u003E\n        \n                          \u003Cdiv  class=\u0022enlace-blockBottom\u0022 \u003E\n      \u003Cdiv\u003EVer m\u00e1s \u003Ca href=\u0022http:\/\/gaceta.uabc.mx\/notas\u0022\u003ENotas\u003C\/a\u003E\u003C\/div\u003E\n\u003C\/div\u003E\n      \n  \n\n\n  \u003C\/div\u003E\n\n\u003C\/div\u003E\n\n","settings":null}]