[{"command":"settings","settings":{"pluralDelimiter":"\u0003","suppressDeprecationErrors":true,"ajaxPageState":{"libraries":"core\/drupal.ajax,core\/picturefill,ds\/ds_3col_equal_width","theme":"gaceta","theme_token":null},"ajaxTrustedUrl":[],"field_group":{"html_element":{"mode":"media_expanded","context":"view","settings":{"classes":"datos","show_empty_fields":false,"id":"","element":"div","show_label":false,"label_element":"h3","label_element_classes":"","attributes":"","effect":"none","speed":"fast"}}},"user":{"uid":0,"permissionsHash":"55dc977d165ab1e05e51b6cc6487f6d73e65ab536d99ee82c6990d9001d5c21c"}},"merge":true},{"command":"add_css","data":"\u003Clink rel=\u0022stylesheet\u0022 media=\u0022all\u0022 href=\u0022\/sites\/default\/files\/css\/css_mxJrjoKKAZuuB4_4f-B1u9VnFZxvSor3Az4JEdrFEso.css\u0022 \/\u003E\n\u003Clink rel=\u0022stylesheet\u0022 media=\u0022all\u0022 href=\u0022\/sites\/default\/files\/css\/css_-BXSGQpS8YTwwuXGbPoshUvZ7W-_HbYR3H7d0DA_mEY.css\u0022 \/\u003E\n\u003Clink rel=\u0022stylesheet\u0022 media=\u0022all\u0022 href=\u0022\/sites\/default\/files\/css\/css_89YreTu0npezhXSakRJR9TVHyBS9bTcyt0s3IckAe-M.css\u0022 \/\u003E\n"},{"command":"add_js","selector":"body","data":[{"src":"\/sites\/default\/files\/js\/js_9UaAhXvc9u0KYXXUw-OKyLP2baQxdV4zY3Y_KGurcvY.js"},{"src":"\/sites\/default\/files\/js\/js_oDJxUBLBzfRb_FDgNfkNOm9-tiatS2kNfxQIeVRZA7Y.js"},{"src":"\/sites\/default\/files\/js\/js_YM82KRuzNIr2X-Kb8pQW8cOcSbWgQ_QGKclTYJ_aMlI.js"},{"src":"\/sites\/default\/files\/js\/js_pqqsPPmPmxKgamY6qk_WSawtL05XH_yAY8GkPHVyahI.js"}]},{"command":"insert","method":"replaceWith","selector":".view-mode-full","data":"\u003Cdiv data-history-node-id=\u002213294\u0022 class=\u0022contenido view-mode-media_expanded ds-3col-equal clearfix\u0022\u003E\n\n  \n\n  \u003Cdiv class=\u0022area-medios group-left\u0022\u003E\n        \n                          \u003Cdiv  class=\u0022imagen\u0022 \u003E\n          \u003Cpicture\u003E\n                  \u003Csource srcset=\u0022\/sites\/default\/files\/styles\/max_650x650\/public\/2019-07\/092912_0026_Reconocerna1.webp?itok=D5MOn5ig 650w, \/sites\/default\/files\/styles\/max_1900x1900\/public\/2019-07\/092912_0026_Reconocerna1.webp?itok=htU8UQlH 713w\u0022 type=\u0022image\/webp\u0022 sizes=\u0022100vw\u0022\/\u003E\n              \u003Csource srcset=\u0022\/sites\/default\/files\/styles\/max_650x650\/public\/2019-07\/092912_0026_Reconocerna1.jpg?itok=D5MOn5ig 650w, \/sites\/default\/files\/styles\/max_1900x1900\/public\/2019-07\/092912_0026_Reconocerna1.jpg?itok=htU8UQlH 713w\u0022 type=\u0022image\/jpeg\u0022 sizes=\u0022100vw\u0022\/\u003E\n                  \u003Cimg srcset=\u0022\/sites\/default\/files\/styles\/max_650x650\/public\/2019-07\/092912_0026_Reconocerna1.jpg?itok=D5MOn5ig 650w, \/sites\/default\/files\/styles\/max_1900x1900\/public\/2019-07\/092912_0026_Reconocerna1.jpg?itok=htU8UQlH 713w\u0022 sizes=\u0022100vw\u0022 src=\u0022\/sites\/default\/files\/styles\/max_1300x1300\/public\/2019-07\/092912_0026_Reconocerna1.jpg?itok=HDpURalX\u0022 alt=\u0022\u0022 typeof=\u0022foaf:Image\u0022 class=\u0022img-fluid\u0022 \/\u003E\n\n  \u003C\/picture\u003E\n\n\u003C\/div\u003E\n      \n  \n\n      \u003Cdiv  class=\u0022boton-expander\u0022\u003E\n        \n                  \u003Cdiv class=\u0022item-list\u0022\u003E\u003Cul\u003E\u003Cli\u003E\u003Ca href=\u0022\/ds-switch-view-mode\/node\/13294\/media_collapsed?selector=view-mode-media_expanded\u0022 class=\u0022use-ajax\u0022\u003E\u2191\u003C\/a\u003E\u003C\/li\u003E\u003C\/ul\u003E\u003C\/div\u003E\n      \n  \n    \u003C\/div\u003E\n\n\n  \u003C\/div\u003E\n\n  \u003Cdiv class=\u0022area-info group-middle\u0022\u003E\n    \n\u003Cdiv  class=\u0022inner\u0022\u003E\n          \n                          \u003Ch2  class=\u0022titulo\u0022 \u003E\n        Reconocer\u00e1n al Valle de Mexicali como paisaje cultural y zona tur\u00edstica\n\u003C\/h2\u003E\n      \n  \n\n    \n                          \u003Cdiv  class=\u0022resumen\u0022 \u003E\n      En marcha proyecto de Caracterizaci\u00f3n del Paisaje Cultural Evolutivo del Valle de Mexicali desde Tres Perspectivas Convergentes.\u003C\/div\u003E\n      \n  \n\n\n\u003Cdiv  class=\u0022datos\u0022\u003E\n            \u003Cdiv  class=\u0022campus\u0022\u003E\n            \u003Cdiv  class=\u0022field-label-inline\u0022\u003ECampus\u003C\/div\u003E\n  \n                  \u003Ca href=\u0022\/campus\/mexicali\u0022 hreflang=\u0022es\u0022\u003EMexicali\u003C\/a\u003E\n      \n  \n    \u003C\/div\u003E\n\n    \n                          \u003Cdiv  class=\u0022fecha\u0022 \u003E\n      28 de Septiembre de 2012\u003C\/div\u003E\n      \n  \n\n\n  \u003C\/div\u003E\n    \n                          \u003Cdiv  class=\u0022texto\u0022 \u003E\n      \u003Cp\u003EEl proyecto de Caracterizaci\u00f3n del Paisaje Cultural Evolutivo del Valle de Mexicali, surge en colaboraci\u00f3n con el Instituto de Investigaciones Sociales de la UABC, la Facultad de Ciencias Humanas, la Facultad de Arquitectura y Dise\u00f1o y la Universidad Aut\u00f3noma Metropolitana (UAM).\u003C\/p\u003E\u003Cp\u003EEl proyecto nace por la inquietud de rescatar el paisaje cultural del Valle de Mexicali, por ello particip\u00f3 en un concurso del Consejo Nacional de Ciencia y Tecnolog\u00eda (Conacyt), del cual result\u00f3 ganador y gracias a ello se pudo llevar a cabo.\u003C\/p\u003E\n\u003Cp\u003ELa Organizaci\u00f3n de las Naciones Unidas para la Educaci\u00f3n, la Ciencia y la Cultura (Unesco), incorpor\u00f3 esta nueva categor\u00eda de paisaje culturales, que son todos aquellos paisajes naturales que han sido transformados por el hombre; en M\u00e9xico se cuenta con una serie de ellos, algunos ejemplos son los santuarios de mariposas monarcas, las pir\u00e1mides, zonas arqueol\u00f3gicas, zonas de tequila en Jalisco y algunas \u00e1reas verdes protegidas.\u003C\/p\u003E\n\u003Cp\u003EA partir de esta premisa es que se comenzaron a ver los valores que tiene el Valle de Mexicali, pero a diferencia de pir\u00e1mides o las zonas arqueol\u00f3gicas, este es un paisaje que a\u00fan se est\u00e1 transformando, est\u00e1 en constante evoluci\u00f3n, por ello se ve como un paisaje cultural evolutivo, por esto fue necesario tomar en cuenta los distintos factores que lo transforman como son, fuerzas pol\u00edticas, econ\u00f3micas, inversiones en carreteras, naturales e incluso la misma gente que lo habita.\u003C\/p\u003E\n\u003Cp\u003E\u003Cspan style=\u0022line-height: 1.538em;\u0022\u003ECuerpo acad\u00e9mico: Sociedad y Territorio.\u003C\/span\u003E\u003C\/p\u003E\n\u003Cp\u003EL\u00ednea\u00a0de\u00a0generaci\u00f3n\u00a0del conocimiento al que responde el proyecto: Procesos urbano-regionales y sustentabilidad\u003C\/p\u003E\n\u003Cp\u003EPosgrado: Maestr\u00eda y Doctorado en Planeaci\u00f3n y Desarrollo Sustentable, http:\/\/www.uabc.mx\/iis\/pds\/\u003C\/p\u003E\n\u003Cp\u003E\u003Cstrong\u003E\u003Cspan style=\u0022line-height: 1.538em;\u0022\u003ETres ejes centrales\u003C\/span\u003E\u003C\/strong\u003E\u003C\/p\u003E\n\u003Cp\u003EEn base a esto se dividi\u00f3 en tres ejes centrales de investigaci\u00f3n, el evolutivo en el cual se pretende saber cu\u00e1les han sido los cambios que ha sufrido el Valle y que es lo que lo llev\u00f3 a eso.\u003C\/p\u003E\n\u003Cp\u003EEn segundo lugar lo visual y con ello evaluar qu\u00e9 tan atractivo es y para esto se requiri\u00f3 de la evaluaci\u00f3n de la misma gente que vive en \u00e9l; y en tercer lugar lo simb\u00f3lico, es decir que representa para la gente que vive ah\u00ed.\u003C\/p\u003E\n\u003Cp\u003ECon apoyo de alumnos de posgrado del Instituto de Investigaci\u00f3n Sociales se aplicaron una serie de encuestas a una muestra aproximadamente de 500 personas originarias de las distintas zonas del Valle, y en base a esto se pudieron dar a conocer perfiles de habitantes. Posterior a ello, a estas mismas personas se les ense\u00f1aron fotograf\u00edas representativas de la zona y apoyadas en su experiencia seleccionar\u00edan las que les dijeran algo sobre el lugar, y explicar\u00edan el porqu\u00e9 de su elecci\u00f3n.\u003C\/p\u003E\n\u003Cp\u003EEn este momento el proyecto se encuentra en una fase de entrevistas con las personas que viven en el lugar; y al finalizar esto, lo que prosigue es un seminario con los doctores que lo realizan donde se va a dialogar acerca de lo que se encontr\u00f3 en la investigaci\u00f3n.\u003C\/p\u003E\n\u003Cp\u003ECon lo cual el objetivo final es crear conocimiento cient\u00edfico a la comunidad estudiantil y a la poblaci\u00f3n en general, y al mismo tiempo que se conozca y se reconozca el Valle de Mexicali como paisaje cultural y zona tur\u00edstica.\u003C\/p\u003E\n\u003Cp\u003E\u003Cstrong\u003E\u003Cspan style=\u0022line-height: 1.538em;\u0022\u003EColaboran en el proyecto\u003C\/span\u003E\u003C\/strong\u003E\u003C\/p\u003E\n\u003Cp\u003EEst\u00e1n trabajando en \u00e9l, la doctora Judith Ley Garc\u00eda como responsable del proyecto y doctores F\u00e9lix Alfonso Mart\u00ednez S\u00e1nchez, Rosa Imelda Rojas Caldelas, Luz Mar\u00eda Ortega Villa, Cesar \u00c1ngel Pe\u00f1a Salm\u00f3n, Norma Alicia Fimbres Durazo, Guillermo Benjam\u00edn \u00c1lvarez de la Torre, Carlos Lic\u00f3n, Armando Alonso Navarrete, y alumnos del posgrado del Instituto de Investigaciones Sociales.\u003C\/p\u003E\u003C\/div\u003E\n      \n  \n\n\n  \u003C\/div\u003E\n\n  \u003C\/div\u003E\n\n  \u003Cdiv class=\u0022area-extras group-right\u0022\u003E\n        \n                          \u003Cdiv  class=\u0022enlace-blockBottom\u0022 \u003E\n      \u003Cdiv\u003EVer m\u00e1s \u003Ca href=\u0022http:\/\/gaceta.uabc.mx\/notas\u0022\u003ENotas\u003C\/a\u003E\u003C\/div\u003E\n\u003C\/div\u003E\n      \n  \n\n\n  \u003C\/div\u003E\n\n\u003C\/div\u003E\n\n","settings":null}]