[{"command":"settings","settings":{"pluralDelimiter":"\u0003","suppressDeprecationErrors":true,"ajaxPageState":{"libraries":"core\/drupal.ajax,core\/picturefill,ds\/ds_3col_equal_width","theme":"gaceta","theme_token":null},"ajaxTrustedUrl":[],"field_group":{"html_element":{"mode":"media_expanded","context":"view","settings":{"classes":"datos","show_empty_fields":false,"id":"","element":"div","show_label":false,"label_element":"h3","label_element_classes":"","attributes":"","effect":"none","speed":"fast"}}},"user":{"uid":0,"permissionsHash":"55dc977d165ab1e05e51b6cc6487f6d73e65ab536d99ee82c6990d9001d5c21c"}},"merge":true},{"command":"add_css","data":"\u003Clink rel=\u0022stylesheet\u0022 media=\u0022all\u0022 href=\u0022\/sites\/default\/files\/css\/css_mxJrjoKKAZuuB4_4f-B1u9VnFZxvSor3Az4JEdrFEso.css\u0022 \/\u003E\n\u003Clink rel=\u0022stylesheet\u0022 media=\u0022all\u0022 href=\u0022\/sites\/default\/files\/css\/css_-BXSGQpS8YTwwuXGbPoshUvZ7W-_HbYR3H7d0DA_mEY.css\u0022 \/\u003E\n\u003Clink rel=\u0022stylesheet\u0022 media=\u0022all\u0022 href=\u0022\/sites\/default\/files\/css\/css_89YreTu0npezhXSakRJR9TVHyBS9bTcyt0s3IckAe-M.css\u0022 \/\u003E\n"},{"command":"add_js","selector":"body","data":[{"src":"\/sites\/default\/files\/js\/js_9UaAhXvc9u0KYXXUw-OKyLP2baQxdV4zY3Y_KGurcvY.js"},{"src":"\/sites\/default\/files\/js\/js_oDJxUBLBzfRb_FDgNfkNOm9-tiatS2kNfxQIeVRZA7Y.js"},{"src":"\/sites\/default\/files\/js\/js_YM82KRuzNIr2X-Kb8pQW8cOcSbWgQ_QGKclTYJ_aMlI.js"},{"src":"\/sites\/default\/files\/js\/js_pqqsPPmPmxKgamY6qk_WSawtL05XH_yAY8GkPHVyahI.js"}]},{"command":"insert","method":"replaceWith","selector":".view-mode-full","data":"\u003Cdiv data-history-node-id=\u002213295\u0022 class=\u0022contenido view-mode-media_expanded ds-3col-equal clearfix\u0022\u003E\n\n  \n\n  \u003Cdiv class=\u0022area-medios group-left\u0022\u003E\n        \n                          \u003Cdiv  class=\u0022imagen\u0022 \u003E\n          \u003Cpicture\u003E\n                  \u003Csource srcset=\u0022\/sites\/default\/files\/styles\/max_650x650\/public\/2019-07\/estudiantedeintercambio.webp?itok=QK3sASNw 650w, \/sites\/default\/files\/styles\/max_1900x1900\/public\/2019-07\/estudiantedeintercambio.webp?itok=y8S5VEBt 750w\u0022 type=\u0022image\/webp\u0022 sizes=\u0022100vw\u0022\/\u003E\n              \u003Csource srcset=\u0022\/sites\/default\/files\/styles\/max_650x650\/public\/2019-07\/estudiantedeintercambio.jpg?itok=QK3sASNw 650w, \/sites\/default\/files\/styles\/max_1900x1900\/public\/2019-07\/estudiantedeintercambio.jpg?itok=y8S5VEBt 750w\u0022 type=\u0022image\/jpeg\u0022 sizes=\u0022100vw\u0022\/\u003E\n                  \u003Cimg srcset=\u0022\/sites\/default\/files\/styles\/max_650x650\/public\/2019-07\/estudiantedeintercambio.jpg?itok=QK3sASNw 650w, \/sites\/default\/files\/styles\/max_1900x1900\/public\/2019-07\/estudiantedeintercambio.jpg?itok=y8S5VEBt 750w\u0022 sizes=\u0022100vw\u0022 src=\u0022\/sites\/default\/files\/styles\/max_1300x1300\/public\/2019-07\/estudiantedeintercambio.jpg?itok=vDa6MBuS\u0022 alt=\u0022\u0022 typeof=\u0022foaf:Image\u0022 class=\u0022img-fluid\u0022 \/\u003E\n\n  \u003C\/picture\u003E\n\n\u003C\/div\u003E\n      \n  \n\n      \u003Cdiv  class=\u0022boton-expander\u0022\u003E\n        \n                  \u003Cdiv class=\u0022item-list\u0022\u003E\u003Cul\u003E\u003Cli\u003E\u003Ca href=\u0022\/ds-switch-view-mode\/node\/13295\/media_collapsed?selector=view-mode-media_expanded\u0022 class=\u0022use-ajax\u0022\u003E\u2191\u003C\/a\u003E\u003C\/li\u003E\u003C\/ul\u003E\u003C\/div\u003E\n      \n  \n    \u003C\/div\u003E\n\n\n  \u003C\/div\u003E\n\n  \u003Cdiv class=\u0022area-info group-middle\u0022\u003E\n    \n\u003Cdiv  class=\u0022inner\u0022\u003E\n          \n                          \u003Ch2  class=\u0022titulo\u0022 \u003E\n        De intercambio un a\u00f1o en escuela de Francia\n\u003C\/h2\u003E\n      \n  \n\n    \n                          \u003Cdiv  class=\u0022resumen\u0022 \u003E\n      \u201cGracias a que las clases fueron franc\u00e9s conoc\u00ed la gram\u00e1tica, realmente cuando aprendes un idioma es en el lugar donde lo hablan y tienes oportunidad de practicarlo\u201d.\u003C\/div\u003E\n      \n  \n\n\n\u003Cdiv  class=\u0022datos\u0022\u003E\n            \u003Cdiv  class=\u0022campus\u0022\u003E\n            \u003Cdiv  class=\u0022field-label-inline\u0022\u003ECampus\u003C\/div\u003E\n  \n                  \u003Ca href=\u0022\/campus\/mexicali\u0022 hreflang=\u0022es\u0022\u003EMexicali\u003C\/a\u003E\n      \n  \n    \u003C\/div\u003E\n\n    \n                          \u003Cdiv  class=\u0022fecha\u0022 \u003E\n      28 de Septiembre de 2012\u003C\/div\u003E\n      \n  \n\n\n  \u003C\/div\u003E\n    \n                          \u003Cdiv  class=\u0022texto\u0022 \u003E\n      \u003Cp\u003ELa idea de viajar por el mundo siempre estuvo latente en la mente de Tonatiuh, quien en el 2011 cursaba estudios de franc\u00e9s en la Facultad de Idiomas simult\u00e1neamente con la Licenciatura en Ciencias Computacionales, en la Universidad Aut\u00f3noma de Baja California.\u003C\/p\u003E\u003Cp\u003EMotivado por sus compa\u00f1eros de franc\u00e9s, se enter\u00f3 de la posibilidad de realizar un intercambio a otro continente por medio del Programa Mexfitec (M\u00e9xico Francia Ingenieros Tecnolog\u00eda) que oferta de Secretar\u00eda de Educaci\u00f3n P\u00fablica.\u003C\/p\u003E\n\u003Cp\u003EAplic\u00f3 junto con otros compa\u00f1eros para recibir una beca en este programa, en donde compiti\u00f3 en la rama de ingenier\u00eda y computaci\u00f3n con candidatos de otras universidades aut\u00f3nomas a nivel nacional. Su habilidad de dominio del idioma franc\u00e9s y el rendimiento acad\u00e9mico, lo hicieron acreedor a una beca mensual de 700 euros que sirvi\u00f3 para solventar los gastos de su estancia en el viejo continente.\u003C\/p\u003E\n\u003Cp\u003ELa ciudad de Grenoble, ubicada al sureste de Francia en la regi\u00f3n de Rh\u00f4ne-Alpes, fue el lugar de su elecci\u00f3n, asisti\u00f3 a la Escuela nacional superior de inform\u00e1tica (computaci\u00f3n) y matem\u00e1ticas aplicadas, que forma parte de lo que denominan \u2018Grandes escuelas\u2019, ya que escogi\u00f3 el doble diploma, que permite tener el t\u00edtulo de ingeniero en inform\u00e1tica y matem\u00e1ticas aplicadas en Francia y el de Ciencias Computacionales en UABC.\u003C\/p\u003E\n\u003Cp\u003ECuenta el joven cimarr\u00f3n de 21 a\u00f1os que el nivel de exigencia es alto, las matem\u00e1ticas y computaci\u00f3n son aplicadas a un excelente nivel, ya que el plan de estudios es m\u00e1s r\u00edgido que en M\u00e9xico.\u003C\/p\u003E\n\u003Cp\u003ECon la firme convicci\u00f3n de especializarse en las \u00e1reas de Algoritmos, Sistemas Operativos y Bases de Datos, decidi\u00f3 cursar 31 materias durante su estancia, entre sus preferidas se encuentran: Pr\u00e1ctica de sistemas, Sistemas Operativos y Programaci\u00f3n Concurrente, Concepci\u00f3n de Sistemas Operativos, Algoritmos y Programaci\u00f3n Orientada a Objetos, Algoritmos Avanzados, An\u00e1lisis, Concepci\u00f3n y Validaci\u00f3n de software, Desarrollo Personal y un Proyecto de Especialidad donde se realiz\u00f3 un peque\u00f1o Sistema Operativo.\u003C\/p\u003E\n\u003Cp\u003E\u201cLa forma de trabajar es completamente distinta, una materia se compone de clase, taller, trabajos y pr\u00e1cticas extracurriculares que tienes que realizar durante el tiempo libre fuera de la escuela. La exigencia es alta y las materias demandan mucho tiempo, en cada asignatura se tiene que investigar bastante, se puede decir que es una formaci\u00f3n con enfoque te\u00f3rico \u2013 pr\u00e1ctico\u201d.\u003C\/p\u003E\n\u003Cp\u003E\u201cLa manera de evaluar tambi\u00e9n es distinta, un examen se compon\u00eda de cinco partes y cada una era revisada por un profesor experto en el \u00e1rea, lo que aseguraba que ten\u00edas el mismo nivel para todas las secciones de las materias\u201d.\u003C\/p\u003E\n\u003Cp\u003E\u201cGracias a que las clases fueron franc\u00e9s conoc\u00ed la gram\u00e1tica, realmente cuando aprendes un idioma es en el lugar donde lo hablan y tienes oportunidad de practicarlo\u201d.\u003C\/p\u003E\n\u003Cp\u003E\u003Cstrong\u003E\u003Cspan style=\u0022line-height: 1.538em;\u0022\u003EEn cuanto a los maestros\u003C\/span\u003E\u003C\/strong\u003E\u003C\/p\u003E\n\u003Cp\u003E\u201cLos maestros me parecieron de lo mejor, por cada materia hay un profesor a cargo, pero detr\u00e1s hay un grupo de 2 a 4 investigadores. La manera de ense\u00f1anza var\u00eda de profesor a profesor, algunos son m\u00e1s did\u00e1cticos que otros, sin embargo el contenido de las materias es muy completo y actualizado en todos los sentidos, especialmente en teor\u00eda b\u00e1sica\u201d.\u003C\/p\u003E\n\u003Cp\u003E\u201cComo personas son muy accesibles, tal vez hubo uno que ten\u00eda un car\u00e1cter muy fuerte pero en general fueron muy amables conmigo al igual que con todos los extranjeros; particularmente los de idioma franc\u00e9s e ingl\u00e9s y Aur\u00e9lie, la encargada de relaciones internacionales quien fue como nuestra mam\u00e1, contest\u00f3 nuestras dudas y nos ayud\u00f3 con todos los procesos de papeleo\u201d.\u003C\/p\u003E\n\u003Cp\u003ETonatiuh es un joven de metas y talento, estudia el octavo semestre y planea iniciar una maestr\u00eda en el 2013, se encuentra meditando la posibilidad de regresar a Europa a estudiar o trabajar ya que considera que ambas opciones son esenciales para continuar su formaci\u00f3n profesional y personal.\u003C\/p\u003E\n\u003Cp\u003EAtribuye en gran parte sus logros al apoyo y formaci\u00f3n que sus padres le dieron, a sus maestros de UABC que lo corrigen y exigen, a la profesora Olga (su primera maestra de franc\u00e9s), a todos los profesores que le ayudaron en este proceso por parte de la SEP y la Universidad y a sus amigos, a quienes considera como la otra parte de su familia; as\u00ed como el trabajo y colaboraci\u00f3n que hay entre los gobiernos y la escuela, ya que permiten a estudiantes seguir creciendo acad\u00e9micamente.\u003C\/p\u003E\n\u003Cp\u003E\u201cDesear\u00eda que mi experiencia motivara a muchos de mis compa\u00f1eros de la Universidad a salir a otros pa\u00edses, especialmente en donde puedan practicar otro idioma, conocer otras culturas para abrir su mente, tener nuevas perspectivas y objetivos de la vida; de esta manera podr\u00edamos crear un mejor presente y futuro \u00a0para M\u00e9xico\u201d.\u003C\/p\u003E\n\u003Cp\u003E\u003Cspan style=\u0022line-height: 1.538em;\u0022\u003ETonatiuh Rafael S\u00e1nchez Torres\u003C\/span\u003E\u003C\/p\u003E\n\u003Cp\u003EEstudiante de Lic. en Ciencias Computacionales, Facultad de Ciencias Campus Ensenada\u003C\/p\u003E\n\u003Cp\u003EIntercambio a Grenoble, Francia\u003C\/p\u003E\n\u003Cp\u003EEscuela: \u00c9cole nationale sup\u00e9rieure d\u2019informatique et de math\u00e9matiques appliqu\u00e9es\u00a0(Escuela nacional superior de inform\u00e1tica (computaci\u00f3n) y matem\u00e1ticas aplicadas).\u003C\/p\u003E\n\u003Cp\u003EPeriodo: 2011-2, 2012-1.\u003C\/p\u003E\u003C\/div\u003E\n      \n  \n\n\n  \u003C\/div\u003E\n\n  \u003C\/div\u003E\n\n  \u003Cdiv class=\u0022area-extras group-right\u0022\u003E\n        \n                          \u003Cdiv  class=\u0022enlace-blockBottom\u0022 \u003E\n      \u003Cdiv\u003EVer m\u00e1s \u003Ca href=\u0022http:\/\/gaceta.uabc.mx\/notas\u0022\u003ENotas\u003C\/a\u003E\u003C\/div\u003E\n\u003C\/div\u003E\n      \n  \n\n\n  \u003C\/div\u003E\n\n\u003C\/div\u003E\n\n","settings":null}]