[{"command":"settings","settings":{"pluralDelimiter":"\u0003","suppressDeprecationErrors":true,"ajaxPageState":{"libraries":"core\/drupal.ajax,core\/picturefill,ds\/ds_3col_equal_width","theme":"gaceta","theme_token":null},"ajaxTrustedUrl":[],"field_group":{"html_element":{"mode":"media_expanded","context":"view","settings":{"classes":"datos","show_empty_fields":false,"id":"","element":"div","show_label":false,"label_element":"h3","label_element_classes":"","attributes":"","effect":"none","speed":"fast"}}},"user":{"uid":0,"permissionsHash":"55dc977d165ab1e05e51b6cc6487f6d73e65ab536d99ee82c6990d9001d5c21c"}},"merge":true},{"command":"add_css","data":"\u003Clink rel=\u0022stylesheet\u0022 media=\u0022all\u0022 href=\u0022\/sites\/default\/files\/css\/css_mxJrjoKKAZuuB4_4f-B1u9VnFZxvSor3Az4JEdrFEso.css\u0022 \/\u003E\n\u003Clink rel=\u0022stylesheet\u0022 media=\u0022all\u0022 href=\u0022\/sites\/default\/files\/css\/css_-BXSGQpS8YTwwuXGbPoshUvZ7W-_HbYR3H7d0DA_mEY.css\u0022 \/\u003E\n\u003Clink rel=\u0022stylesheet\u0022 media=\u0022all\u0022 href=\u0022\/sites\/default\/files\/css\/css_89YreTu0npezhXSakRJR9TVHyBS9bTcyt0s3IckAe-M.css\u0022 \/\u003E\n"},{"command":"add_js","selector":"body","data":[{"src":"\/sites\/default\/files\/js\/js_9UaAhXvc9u0KYXXUw-OKyLP2baQxdV4zY3Y_KGurcvY.js"},{"src":"\/sites\/default\/files\/js\/js_oDJxUBLBzfRb_FDgNfkNOm9-tiatS2kNfxQIeVRZA7Y.js"},{"src":"\/sites\/default\/files\/js\/js_YM82KRuzNIr2X-Kb8pQW8cOcSbWgQ_QGKclTYJ_aMlI.js"},{"src":"\/sites\/default\/files\/js\/js_pqqsPPmPmxKgamY6qk_WSawtL05XH_yAY8GkPHVyahI.js"}]},{"command":"insert","method":"replaceWith","selector":".view-mode-full","data":"\u003Cdiv data-history-node-id=\u002213654\u0022 class=\u0022contenido view-mode-media_expanded ds-3col-equal clearfix\u0022\u003E\n\n  \n\n  \u003Cdiv class=\u0022area-medios group-left\u0022\u003E\n        \n                          \u003Cdiv  class=\u0022imagen\u0022 \u003E\n          \u003Cpicture\u003E\n                  \u003Csource srcset=\u0022\/sites\/default\/files\/styles\/max_650x650\/public\/2019-07\/022112_1849_SereneRecto1.webp?itok=8nueeSuE 476w\u0022 type=\u0022image\/webp\u0022 sizes=\u0022100vw\u0022\/\u003E\n              \u003Csource srcset=\u0022\/sites\/default\/files\/styles\/max_650x650\/public\/2019-07\/022112_1849_SereneRecto1.jpg?itok=8nueeSuE 476w\u0022 type=\u0022image\/jpeg\u0022 sizes=\u0022100vw\u0022\/\u003E\n                  \u003Cimg srcset=\u0022\/sites\/default\/files\/styles\/max_650x650\/public\/2019-07\/022112_1849_SereneRecto1.jpg?itok=8nueeSuE 476w\u0022 sizes=\u0022100vw\u0022 src=\u0022\/sites\/default\/files\/styles\/max_1300x1300\/public\/2019-07\/022112_1849_SereneRecto1.jpg?itok=Ut3rqLhS\u0022 alt=\u0022\u0022 typeof=\u0022foaf:Image\u0022 class=\u0022img-fluid\u0022 \/\u003E\n\n  \u003C\/picture\u003E\n\n\u003C\/div\u003E\n      \n  \n\n      \u003Cdiv  class=\u0022boton-expander\u0022\u003E\n        \n                  \u003Cdiv class=\u0022item-list\u0022\u003E\u003Cul\u003E\u003Cli\u003E\u003Ca href=\u0022\/ds-switch-view-mode\/node\/13654\/media_collapsed?selector=view-mode-media_expanded\u0022 class=\u0022use-ajax\u0022\u003E\u2191\u003C\/a\u003E\u003C\/li\u003E\u003C\/ul\u003E\u003C\/div\u003E\n      \n  \n    \u003C\/div\u003E\n\n\n  \u003C\/div\u003E\n\n  \u003Cdiv class=\u0022area-info group-middle\u0022\u003E\n    \n\u003Cdiv  class=\u0022inner\u0022\u003E\n          \n                          \u003Ch2  class=\u0022titulo\u0022 \u003E\n        Se re\u00fane Rector con Grupo Madrugadores\n\u003C\/h2\u003E\n      \n  \n\n    \n                          \u003Cdiv  class=\u0022resumen\u0022 \u003E\n      Grupo Madrugadores afina temas para Informe de Actividades.\u003C\/div\u003E\n      \n  \n\n\n\u003Cdiv  class=\u0022datos\u0022\u003E\n            \u003Cdiv  class=\u0022campus\u0022\u003E\n            \u003Cdiv  class=\u0022field-label-inline\u0022\u003ECampus\u003C\/div\u003E\n  \n                  \u003Ca href=\u0022\/campus\/mexicali\u0022 hreflang=\u0022es\u0022\u003EMexicali\u003C\/a\u003E\n      \n  \n    \u003C\/div\u003E\n\n    \n                          \u003Cdiv  class=\u0022fecha\u0022 \u003E\n      21 de Febrero de 2012\u003C\/div\u003E\n      \n  \n\n\n  \u003C\/div\u003E\n    \n                          \u003Cdiv  class=\u0022texto\u0022 \u003E\n      \u003Cp\u003EEl Rector, doctor Felipe Cuamea Vel\u00e1zquez, se reuni\u00f3 con el Grupo Madrugadores de Mexicali, para exponerles las tem\u00e1ticas que comprender\u00e1 en la rendici\u00f3n de su informe de primer a\u00f1o de gesti\u00f3n, as\u00ed como de la celebraci\u00f3n del 55 aniversario de la Universidad.\u003C\/p\u003E\u003Cp\u003EMencion\u00f3 que este a\u00f1o la UABC fue declarada Benem\u00e9rita por la XX Legislatura del Congreso del Estado, distinci\u00f3n que destaca el trabajo realizado y que a su vez incrementa la responsabilidad y el compromiso que se tiene de rendir buenas cuentas a Baja California y al pa\u00eds, a trav\u00e9s de la labor de los acad\u00e9micos, alumnos y egresados.\u003C\/p\u003E\n\u003Cp\u003ESobre el tema de la transparencia universitaria, mencion\u00f3 que desde el a\u00f1o pasado las sesiones de la Junta de Gobierno comenzaron a transmitirse en vivo a trav\u00e9s de Internet, as\u00ed como las sesiones de los candidatos a directores de diversas unidades acad\u00e9micas. Agreg\u00f3 que en ese mismo sentido, espera sea aprobada la iniciativa para que las sesiones del Consejo Universitario tambi\u00e9n se transmitan en vivo por Internet, ya que la UABC est\u00e1 abierta a la transparencia y al acceso a la informaci\u00f3n.\u003C\/p\u003E\n\u003Cp\u003EDestac\u00f3 que en diciembre del 2011 por s\u00e9ptimo a\u00f1o consecutivo, la Secretar\u00eda de Educaci\u00f3n P\u00fablica reconoci\u00f3 a la UABC por los programas educativos de calidad, lo cual significa el esfuerzo de todos los universitarios. Indic\u00f3 que tambi\u00e9n durante el primer a\u00f1o de su gesti\u00f3n, diversos organismos entregaron reconocimientos a maestros y alumnos de esta Universidad por su trabajo realizado en los \u00e1mbitos de las artes, ciencia y deporte.\u003C\/p\u003E\n\u003Cp\u003ESobre el crecimiento de la matr\u00edcula, el doctor Cuamea Vel\u00e1zquez mencion\u00f3 que en la convocatoria de ingreso del a\u00f1o pasado se increment\u00f3 al 10.5 por ciento, lo que signific\u00f3 la entrada de 18 mil alumnos de nuevo ingreso en todo el Estado. Esto represent\u00f3 que la UABC atendi\u00f3 al 65 por ciento de los aspirantes a realizar sus estudios en la Educaci\u00f3n Superior.\u003C\/p\u003E\n\u003Cp\u003EAdem\u00e1s dijo que la Universidad apuesta por la ampliaci\u00f3n de la difusi\u00f3n y divulgaci\u00f3n de la ciencia y la cultura, por lo que se le dio mayor \u00e9nfasis a las actividades de Extensi\u00f3n Universitaria, al crear la Orquesta Sinf\u00f3nica, renovar UABC Radio, entre otras actividades, con la intenci\u00f3n de tener proyectos que permitan dar un acercamiento con la comunidad.\u003C\/p\u003E\n\u003Cp\u003EEl Rector se\u00f1al\u00f3 que se adicion\u00f3 un nuevo programa de apoyo en el que se hizo entrega de 100 computadoras a estudiantes de nuevo ingreso de escasos recursos, sin que tuvieran la necesidad de cumplir con un promedio espec\u00edfico, tan solo estudiar en la UABC. Para finalizar, mencion\u00f3 que se ha insistido en los alumnos a formarse no s\u00f3lo acad\u00e9micamente, sino tambi\u00e9n a trav\u00e9s de los valores \u00e9ticos, los cuales les permitir\u00e1n ser profesionales honestos y comprometidos con la sociedad.\u003C\/p\u003E\n\u003Cp\u003E\u00a0\u003C\/p\u003E\u003C\/div\u003E\n      \n  \n\n\n  \u003C\/div\u003E\n\n  \u003C\/div\u003E\n\n  \u003Cdiv class=\u0022area-extras group-right\u0022\u003E\n        \n                          \u003Cdiv  class=\u0022enlace-blockBottom\u0022 \u003E\n      \u003Cdiv\u003EVer m\u00e1s \u003Ca href=\u0022http:\/\/gaceta.uabc.mx\/notas\u0022\u003ENotas\u003C\/a\u003E\u003C\/div\u003E\n\u003C\/div\u003E\n      \n  \n\n\n  \u003C\/div\u003E\n\n\u003C\/div\u003E\n\n","settings":null}]