[{"command":"settings","settings":{"pluralDelimiter":"\u0003","suppressDeprecationErrors":true,"ajaxPageState":{"libraries":"core\/drupal.ajax,core\/picturefill,ds\/ds_3col_equal_width","theme":"gaceta","theme_token":null},"ajaxTrustedUrl":[],"field_group":{"html_element":{"mode":"media_expanded","context":"view","settings":{"classes":"datos","show_empty_fields":false,"id":"","element":"div","show_label":false,"label_element":"h3","label_element_classes":"","attributes":"","effect":"none","speed":"fast"}}},"user":{"uid":0,"permissionsHash":"55dc977d165ab1e05e51b6cc6487f6d73e65ab536d99ee82c6990d9001d5c21c"}},"merge":true},{"command":"add_css","data":"\u003Clink rel=\u0022stylesheet\u0022 media=\u0022all\u0022 href=\u0022\/sites\/default\/files\/css\/css_mxJrjoKKAZuuB4_4f-B1u9VnFZxvSor3Az4JEdrFEso.css\u0022 \/\u003E\n\u003Clink rel=\u0022stylesheet\u0022 media=\u0022all\u0022 href=\u0022\/sites\/default\/files\/css\/css_-BXSGQpS8YTwwuXGbPoshUvZ7W-_HbYR3H7d0DA_mEY.css\u0022 \/\u003E\n\u003Clink rel=\u0022stylesheet\u0022 media=\u0022all\u0022 href=\u0022\/sites\/default\/files\/css\/css_89YreTu0npezhXSakRJR9TVHyBS9bTcyt0s3IckAe-M.css\u0022 \/\u003E\n"},{"command":"add_js","selector":"body","data":[{"src":"\/sites\/default\/files\/js\/js_9UaAhXvc9u0KYXXUw-OKyLP2baQxdV4zY3Y_KGurcvY.js"},{"src":"\/sites\/default\/files\/js\/js_oDJxUBLBzfRb_FDgNfkNOm9-tiatS2kNfxQIeVRZA7Y.js"},{"src":"\/sites\/default\/files\/js\/js_YM82KRuzNIr2X-Kb8pQW8cOcSbWgQ_QGKclTYJ_aMlI.js"},{"src":"\/sites\/default\/files\/js\/js_pqqsPPmPmxKgamY6qk_WSawtL05XH_yAY8GkPHVyahI.js"}]},{"command":"insert","method":"replaceWith","selector":".view-mode-full","data":"\u003Cdiv data-history-node-id=\u002214955\u0022 class=\u0022contenido view-mode-media_expanded ds-3col-equal clearfix\u0022\u003E\n\n  \n\n  \u003Cdiv class=\u0022area-medios group-left\u0022\u003E\n        \n                          \u003Cdiv  class=\u0022imagen\u0022 \u003E\n          \u003Cpicture\u003E\n                  \u003Csource srcset=\u0022\/sites\/default\/files\/styles\/max_650x650\/public\/2019-09\/Presentan%20libro%20sobre%20tuberculosis_0.webp?itok=_opCZX4n 650w, \/sites\/default\/files\/styles\/max_1300x1300\/public\/2019-09\/Presentan%20libro%20sobre%20tuberculosis_0.webp?itok=YAFizRBK 1300w, \/sites\/default\/files\/styles\/max_1900x1900\/public\/2019-09\/Presentan%20libro%20sobre%20tuberculosis_0.webp?itok=zkaTxqUd 1900w\u0022 type=\u0022image\/webp\u0022 sizes=\u0022100vw\u0022\/\u003E\n              \u003Csource srcset=\u0022\/sites\/default\/files\/styles\/max_650x650\/public\/2019-09\/Presentan%20libro%20sobre%20tuberculosis_0.JPG?itok=_opCZX4n 650w, \/sites\/default\/files\/styles\/max_1300x1300\/public\/2019-09\/Presentan%20libro%20sobre%20tuberculosis_0.JPG?itok=YAFizRBK 1300w, \/sites\/default\/files\/styles\/max_1900x1900\/public\/2019-09\/Presentan%20libro%20sobre%20tuberculosis_0.JPG?itok=zkaTxqUd 1900w\u0022 type=\u0022image\/jpeg\u0022 sizes=\u0022100vw\u0022\/\u003E\n                  \u003Cimg srcset=\u0022\/sites\/default\/files\/styles\/max_650x650\/public\/2019-09\/Presentan%20libro%20sobre%20tuberculosis_0.JPG?itok=_opCZX4n 650w, \/sites\/default\/files\/styles\/max_1300x1300\/public\/2019-09\/Presentan%20libro%20sobre%20tuberculosis_0.JPG?itok=YAFizRBK 1300w, \/sites\/default\/files\/styles\/max_1900x1900\/public\/2019-09\/Presentan%20libro%20sobre%20tuberculosis_0.JPG?itok=zkaTxqUd 1900w\u0022 sizes=\u0022100vw\u0022 src=\u0022\/sites\/default\/files\/styles\/max_1300x1300\/public\/2019-09\/Presentan%20libro%20sobre%20tuberculosis_0.JPG?itok=YAFizRBK\u0022 alt=\u0022libro_tuberculosis\u0022 typeof=\u0022foaf:Image\u0022 class=\u0022img-fluid\u0022 \/\u003E\n\n  \u003C\/picture\u003E\n\n\u003C\/div\u003E\n      \n  \n\n      \u003Cdiv  class=\u0022boton-expander\u0022\u003E\n        \n                  \u003Cdiv class=\u0022item-list\u0022\u003E\u003Cul\u003E\u003Cli\u003E\u003Ca href=\u0022\/ds-switch-view-mode\/node\/14955\/media_collapsed?selector=view-mode-media_expanded\u0022 class=\u0022use-ajax\u0022\u003E\u2191\u003C\/a\u003E\u003C\/li\u003E\u003C\/ul\u003E\u003C\/div\u003E\n      \n  \n    \u003C\/div\u003E\n\n\n  \u003C\/div\u003E\n\n  \u003Cdiv class=\u0022area-info group-middle\u0022\u003E\n    \n\u003Cdiv  class=\u0022inner\u0022\u003E\n          \n                          \u003Ch2  class=\u0022titulo\u0022 \u003E\n        Presentan libro sobre tuberculosis\n\u003C\/h2\u003E\n      \n  \n\n    \n                          \u003Cdiv  class=\u0022resumen\u0022 \u003E\n      Contiene resultados de investigaciones de 26 autores de M\u00e9xico y Estados Unidos\u003Cbr \/\u003E\r\n\u003C\/div\u003E\n      \n  \n\n\n\u003Cdiv  class=\u0022datos\u0022\u003E\n            \u003Cdiv  class=\u0022autor\u0022\u003E\n            \u003Cdiv  class=\u0022field-label-inline\u0022\u003EPor\u003C\/div\u003E\n  \n                  \u003Ca href=\u0022\/autores\/mtra-paulina-moreno-rangel\u0022 hreflang=\u0022es\u0022\u003EMtra. Paulina Moreno Rangel\u003C\/a\u003E\n      \n  \n    \u003C\/div\u003E\n\n      \u003Cdiv  class=\u0022campus\u0022\u003E\n            \u003Cdiv  class=\u0022field-label-inline\u0022\u003ECampus\u003C\/div\u003E\n  \n                  \u003Ca href=\u0022\/campus\/ensenada\u0022 hreflang=\u0022es\u0022\u003EEnsenada\u003C\/a\u003E\n      \n  \n    \u003C\/div\u003E\n\n    \n                          \u003Cdiv  class=\u0022fecha\u0022 \u003E\n      4 de Septiembre de 2019\u003C\/div\u003E\n      \n  \n\n\n  \u003C\/div\u003E\n    \n                          \u003Cdiv  class=\u0022texto\u0022 \u003E\n      \u003Cp dir=\u0022ltr\u0022\u003ELa doctora Raquel Mu\u00f1iz Salazar, profesora investigadora en la Escuela de Ciencias de la Salud (ECS) del Campus Ensenada y el doctor Rafael Laniado Laborin, profesor investigador de la Facultad de Medicina y Psicolog\u00eda (FMP) del Campus Tijuana, presentaron el libro \u201cLa Tuberculosis en M\u00e9xico\u201d, del cual fungieron como coordinadores.\u00a0\u003C\/p\u003E\n\n\u003Cp dir=\u0022ltr\u0022\u003ELa doctora Fabiola Flores Monsiv\u00e1is, coordinadora de Formaci\u00f3n B\u00e1sica de la ECS, en representaci\u00f3n de la directora, doctora Patricia Radilla Ch\u00e1vez, dio la bienvenida al p\u00fablico asistente y expres\u00f3 que el libro integra toda la informaci\u00f3n cient\u00edfica que se ha generado en M\u00e9xico acerca de la Tuberculosis, la cual es una enfermedad infecciosa que ha producido el mayor n\u00famero de muertes en el mundo por arriba del Virus de Inmunodeficiencia Humana (VIH) y la malaria.\u00a0\u003C\/p\u003E\n\n\u003Cp dir=\u0022ltr\u0022\u003E\u201cEste libro, producto de la investigaci\u00f3n en salud, contribuir\u00e1 a descubrimientos importantes, quiz\u00e1 en el desarrollo de nuevas terapias o tratamientos cortos para la tuberculosis incluso a mejorar la salud p\u00fablica de los mexicanos mediante una medicina de dise\u00f1o personalizado\u201d, se\u00f1al\u00f3 la doctora Monsiv\u00e1is.\u00a0\u003C\/p\u003E\n\n\u003Cp dir=\u0022ltr\u0022\u003EPor otra parte, el doctor Laniado Laborin, tambi\u00e9n responsable de la Cl\u00ednica de Tuberculosis del Hospital General de Tijuana, explic\u00f3 que este libro surgi\u00f3 debido a que en M\u00e9xico no se contaba con alguna publicaci\u00f3n que se refiriera de manera completa y extensa a esta enfermedad.\u00a0\u003C\/p\u003E\n\n\u003Cp dir=\u0022ltr\u0022\u003E\u00a0\u201cLa tuberculosis en M\u00e9xico sigue siendo un problema grave de salud p\u00fablica y cre\u00edamos que era necesario tener un volumen para los estudiantes de Medicina y los m\u00e9dicos, donde se pudiera documentar sobre este problema en nuestro pa\u00eds\u201d, coment\u00f3 el catedr\u00e1tico universitario.\u00a0\u003C\/p\u003E\n\n\u003Cp dir=\u0022ltr\u0022\u003ELa doctora Raquel Mu\u00f1iz Salazar destac\u00f3 que el objetivo principal de este libro fue recabar toda la informaci\u00f3n que existe tanto en art\u00edculos, libros y tesis de lo que\u00a0 se ha hecho en M\u00e9xico por cient\u00edficos y m\u00e9dicos mexicanos.\u00a0\u003C\/p\u003E\n\n\u003Cp dir=\u0022ltr\u0022\u003ERefiri\u00f3 que el libro est\u00e1 conformado por 11 cap\u00edtulos en cuyo contenido se plasma informaci\u00f3n que es resultado del conocimiento e investigaci\u00f3n de 26 autores adscritos a distintas instituciones de educaci\u00f3n superior y centros de investigaci\u00f3n del pa\u00eds y de Estados Unidos, as\u00ed como la colaboraci\u00f3n del Instituto de Diagn\u00f3stico y Referencia Epidemiol\u00f3gicos (InDRE) de la Secretar\u00eda de Salud.\u00a0\u003C\/p\u003E\n\n\u003Cp dir=\u0022ltr\u0022\u003EDurante la presentaci\u00f3n se se\u00f1al\u00f3 que la publicaci\u00f3n editorial incluye aspectos cl\u00ednicos, mecanismos inmunol\u00f3gicos, la utilizaci\u00f3n de t\u00e9cnicas de biolog\u00eda molecular para diagn\u00f3stico, el estado actual de la investigaci\u00f3n de la tuberculosis en nuestro pa\u00eds, incluyendo lo concerniente al desarrollo de vacunas, la tuberculosis bovina y la influencia de comorbilidades en una poblaci\u00f3n que cada vez vive m\u00e1s y con m\u00e1s enfermedades.\u003C\/p\u003E\n\n\u003Cp dir=\u0022ltr\u0022\u003EAsimismo, se dio a conocer que la Organizaci\u00f3n Mundial de la Salud (OMS) calcula que M\u00e9xico tiene 28 000 casos nuevos al a\u00f1o de esta enfermedad, pero el programa nacional de salud reporta 16 mil. Hay una brecha de 12 000 casos que la OMS considera que est\u00e1n pero que no se han descubierto.\u00a0\u003C\/p\u003E\n\n\u003Cp dir=\u0022ltr\u0022\u003EPara finalizar, el doctor Fernando Laniado afirm\u00f3 que Baja California es el estado que tiene la tasa m\u00e1s alta de tuberculosis en M\u00e9xico. Se tiene registro de 1 500 a 1 600 casos cada a\u00f1o, de los cuales 1 100 est\u00e1n en Tijuana, lo cual arroja que es un problema regional importante debido a que el estado es el primer lugar en incidencia y mortalidad a causa de este enfermedad, sumando a estas cifras la presencia de casos de tuberculosis bovina que se transmite a humanos.\u00a0\u003C\/p\u003E\n\n\u003Cp dir=\u0022ltr\u0022\u003ECabe destacar que el libro fue publicado por el Departamento de Editorial UABC, se present\u00f3 por primera vez en la Feria Internacional del Libro 2019 que organiza la m\u00e1xima casa de estudios y ya se encuentra a la venta.\u00a0\u003C\/p\u003E\n\n\u003Cp\u003E\u00a0\u003C\/p\u003E\u003C\/div\u003E\n      \n  \n\n    \n            \u003Cdiv  class=\u0022palabras-clave\u0022\u003E\n                        \u003Ca href=\u0022\/tags\/presentacion\u0022 hreflang=\u0022es\u0022\u003EPresentaci\u00f3n\u003C\/a\u003E\n                \u003Ca href=\u0022\/tags\/libro\u0022 hreflang=\u0022es\u0022\u003ELibro\u003C\/a\u003E\n                \u003Ca href=\u0022\/tags\/tuberculosis\u0022 hreflang=\u0022es\u0022\u003ETuberculosis\u003C\/a\u003E\n      \n      \u003C\/div\u003E\n  \n\n\n  \u003C\/div\u003E\n\n  \u003C\/div\u003E\n\n  \u003Cdiv class=\u0022area-extras group-right\u0022\u003E\n        \n                          \u003Cdiv  class=\u0022enlace-blockBottom\u0022 \u003E\n      \u003Cdiv\u003EVer m\u00e1s \u003Ca href=\u0022http:\/\/gaceta.uabc.mx\/notas\u0022\u003ENotas\u003C\/a\u003E\u003C\/div\u003E\n\u003C\/div\u003E\n      \n  \n\n\n  \u003C\/div\u003E\n\n\u003C\/div\u003E\n\n","settings":null}]