[{"command":"settings","settings":{"pluralDelimiter":"\u0003","suppressDeprecationErrors":true,"ajaxPageState":{"libraries":"core\/drupal.ajax,core\/picturefill,ds\/ds_3col_equal_width","theme":"gaceta","theme_token":null},"ajaxTrustedUrl":[],"field_group":{"html_element":{"mode":"media_expanded","context":"view","settings":{"classes":"datos","show_empty_fields":false,"id":"","element":"div","show_label":false,"label_element":"h3","label_element_classes":"","attributes":"","effect":"none","speed":"fast"}}},"user":{"uid":0,"permissionsHash":"55dc977d165ab1e05e51b6cc6487f6d73e65ab536d99ee82c6990d9001d5c21c"}},"merge":true},{"command":"add_css","data":"\u003Clink rel=\u0022stylesheet\u0022 media=\u0022all\u0022 href=\u0022\/sites\/default\/files\/css\/css_mxJrjoKKAZuuB4_4f-B1u9VnFZxvSor3Az4JEdrFEso.css\u0022 \/\u003E\n\u003Clink rel=\u0022stylesheet\u0022 media=\u0022all\u0022 href=\u0022\/sites\/default\/files\/css\/css_-BXSGQpS8YTwwuXGbPoshUvZ7W-_HbYR3H7d0DA_mEY.css\u0022 \/\u003E\n\u003Clink rel=\u0022stylesheet\u0022 media=\u0022all\u0022 href=\u0022\/sites\/default\/files\/css\/css_89YreTu0npezhXSakRJR9TVHyBS9bTcyt0s3IckAe-M.css\u0022 \/\u003E\n"},{"command":"add_js","selector":"body","data":[{"src":"\/sites\/default\/files\/js\/js_9UaAhXvc9u0KYXXUw-OKyLP2baQxdV4zY3Y_KGurcvY.js"},{"src":"\/sites\/default\/files\/js\/js_oDJxUBLBzfRb_FDgNfkNOm9-tiatS2kNfxQIeVRZA7Y.js"},{"src":"\/sites\/default\/files\/js\/js_YM82KRuzNIr2X-Kb8pQW8cOcSbWgQ_QGKclTYJ_aMlI.js"},{"src":"\/sites\/default\/files\/js\/js_pqqsPPmPmxKgamY6qk_WSawtL05XH_yAY8GkPHVyahI.js"}]},{"command":"insert","method":"replaceWith","selector":".view-mode-full","data":"\u003Cdiv data-history-node-id=\u002222796\u0022 class=\u0022contenido view-mode-media_expanded ds-3col-equal clearfix\u0022\u003E\n\n  \n\n  \u003Cdiv class=\u0022area-medios group-left\u0022\u003E\n        \n                          \u003Cdiv  class=\u0022imagen\u0022 \u003E\n          \u003Cpicture\u003E\n                  \u003Csource srcset=\u0022\/sites\/default\/files\/styles\/max_650x650\/public\/notas\/2025-03-10\/PABELLON-UNIVERSITARIO.webp?itok=Sm7r2D5A 650w, \/sites\/default\/files\/styles\/max_1300x1300\/public\/notas\/2025-03-10\/PABELLON-UNIVERSITARIO.webp?itok=Mzn9M2B6 1300w, \/sites\/default\/files\/styles\/max_1900x1900\/public\/notas\/2025-03-10\/PABELLON-UNIVERSITARIO.webp?itok=g_V8cv51 1615w\u0022 type=\u0022image\/webp\u0022 sizes=\u0022100vw\u0022\/\u003E\n              \u003Csource srcset=\u0022\/sites\/default\/files\/styles\/max_650x650\/public\/notas\/2025-03-10\/PABELLON-UNIVERSITARIO.jpg?itok=Sm7r2D5A 650w, \/sites\/default\/files\/styles\/max_1300x1300\/public\/notas\/2025-03-10\/PABELLON-UNIVERSITARIO.jpg?itok=Mzn9M2B6 1300w, \/sites\/default\/files\/styles\/max_1900x1900\/public\/notas\/2025-03-10\/PABELLON-UNIVERSITARIO.jpg?itok=g_V8cv51 1615w\u0022 type=\u0022image\/jpeg\u0022 sizes=\u0022100vw\u0022\/\u003E\n                  \u003Cimg srcset=\u0022\/sites\/default\/files\/styles\/max_650x650\/public\/notas\/2025-03-10\/PABELLON-UNIVERSITARIO.jpg?itok=Sm7r2D5A 650w, \/sites\/default\/files\/styles\/max_1300x1300\/public\/notas\/2025-03-10\/PABELLON-UNIVERSITARIO.jpg?itok=Mzn9M2B6 1300w, \/sites\/default\/files\/styles\/max_1900x1900\/public\/notas\/2025-03-10\/PABELLON-UNIVERSITARIO.jpg?itok=g_V8cv51 1615w\u0022 sizes=\u0022100vw\u0022 src=\u0022\/sites\/default\/files\/styles\/max_1300x1300\/public\/notas\/2025-03-10\/PABELLON-UNIVERSITARIO.jpg?itok=Mzn9M2B6\u0022 alt=\u0022.\u0022 typeof=\u0022foaf:Image\u0022 class=\u0022img-fluid\u0022 \/\u003E\n\n  \u003C\/picture\u003E\n\n\u003C\/div\u003E\n      \n  \n\n      \u003Cdiv  class=\u0022boton-expander\u0022\u003E\n        \n                  \u003Cdiv class=\u0022item-list\u0022\u003E\u003Cul\u003E\u003Cli\u003E\u003Ca href=\u0022\/ds-switch-view-mode\/node\/22796\/media_collapsed?selector=view-mode-media_expanded\u0022 class=\u0022use-ajax\u0022\u003E\u2191\u003C\/a\u003E\u003C\/li\u003E\u003C\/ul\u003E\u003C\/div\u003E\n      \n  \n    \u003C\/div\u003E\n\n\n  \u003C\/div\u003E\n\n  \u003Cdiv class=\u0022area-info group-middle\u0022\u003E\n    \n\u003Cdiv  class=\u0022inner\u0022\u003E\n          \n                          \u003Ch2  class=\u0022titulo\u0022 \u003E\n        Inauguraron Pabell\u00f3n Bienestar Cimarr\u00f3n en la Facultad de Pedagog\u00eda e Innovaci\u00f3n Educativa \n\u003C\/h2\u003E\n      \n  \n\n    \n                          \u003Cdiv  class=\u0022resumen\u0022 \u003E\n      Este nuevo entorno busca fortalecer la integraci\u00f3n de la comunidad estudiantil y fomentar el aprendizaje m\u00e1s all\u00e1 del aula\u003C\/div\u003E\n      \n  \n\n\n\u003Cdiv  class=\u0022datos\u0022\u003E\n            \u003Cdiv  class=\u0022autor\u0022\u003E\n            \u003Cdiv  class=\u0022field-label-inline\u0022\u003EPor\u003C\/div\u003E\n  \n                  \u003Ca href=\u0022\/autores\/olivia-yaritza-lopez-segoviano\u0022 hreflang=\u0022es\u0022\u003EOlivia Yaritza L\u00f3pez Segoviano\u003C\/a\u003E\n      \n  \n    \u003C\/div\u003E\n\n      \u003Cdiv  class=\u0022campus\u0022\u003E\n            \u003Cdiv  class=\u0022field-label-inline\u0022\u003ECampus\u003C\/div\u003E\n  \n                  \u003Ca href=\u0022\/campus\/mexicali\u0022 hreflang=\u0022es\u0022\u003EMexicali\u003C\/a\u003E\n      \n  \n    \u003C\/div\u003E\n\n    \n                          \u003Cdiv  class=\u0022fecha\u0022 \u003E\n      10 de Marzo de 2025\u003C\/div\u003E\n      \n  \n\n\n  \u003C\/div\u003E\n    \n                          \u003Cdiv  class=\u0022texto\u0022 \u003E\n      \u003Cp\u003ECon el objetivo de fortalecer el bienestar de la comunidad universitaria y fomentar la convivencia y el aprendizaje en espacios que estimulen la creatividad, la Facultad de Pedagog\u00eda e Innovaci\u00f3n Educativa de la Universidad Aut\u00f3noma de Baja California (UABC) inaugur\u00f3 el Pabell\u00f3n Bienestar Cimarr\u00f3n.\u003C\/p\u003E\n\n\u003Cp\u003EEl evento cont\u00f3 con la presencia del rector de la UABC, doctor Luis Enrique Palafox Maestre, quien resalt\u00f3 que la construcci\u00f3n de esta \u00e1rea responde a la Prioridad Institucional \u201cBienestar de la comunidad universitaria\u201d establecida en el Plan de Desarrollo Institucional 2023-2027.\u003C\/p\u003E\n\n\u003Cp\u003EExplic\u00f3 que el Pabell\u00f3n Bienestar Cimarr\u00f3n surge con la intenci\u00f3n de ofrecer un entorno que trascienda las aulas y talleres tradicionales, promoviendo la interacci\u00f3n social y la integraci\u00f3n de la comunidad universitaria.\u003C\/p\u003E\n\n\u003Cp\u003EExtern\u00f3 que este proyecto fue pensado con la intenci\u00f3n de brindar a las y los estudiantes, principalmente, un lugar de esparcimiento que impulse el desarrollo integral de cada persona. Asimismo, invit\u00f3 a la comunidad de la FPIE a que \u201cse apropien del espacio, lo utilicen y sea una herramienta de convivencia social y de aprendizaje\u201d.\u003C\/p\u003E\n\n\u003Cp\u003EPor su parte, la directora de la unidad acad\u00e9mica, doctora Griselda Mend\u00edvil Rosas, coment\u00f3 que la inauguraci\u00f3n de este pabell\u00f3n representa la materializaci\u00f3n de una visi\u00f3n que busca fomentar el aprendizaje, la creatividad y la convivencia en la UABC. Subray\u00f3 que el espacio ha sido dise\u00f1ado para que la comunidad universitaria viva su experiencia acad\u00e9mica de manera distinta, en un entorno que inspire y motive.\u003C\/p\u003E\n\n\u003Cp\u003E\u201cEl pabell\u00f3n es un reflejo de nuestra misi\u00f3n como facultad; es un espacio que nos recuerda que la educaci\u00f3n va m\u00e1s all\u00e1 de las aulas, que el aprendizaje ocurre en la interacci\u00f3n, en la reflexi\u00f3n al aire libre, en la construcci\u00f3n de ideas colectivas y en la posibilidad de compartir conocimientos en un ambiente que invita al encuentro y al descubrimiento\u201d, dijo la directora.\u003C\/p\u003E\n\n\u003Cp\u003EAsimismo, la doctora Mend\u00edvil Rosas expres\u00f3 su agradecimiento a las autoridades universitarias, docentes y personal administrativo que contribuyeron a la realizaci\u00f3n de este proyecto. Destac\u00f3 el respaldo del rector y de su equipo de trabajo, as\u00ed como el esfuerzo del personal de la facultad y de Sorteos UABC, que hicieron posible la creaci\u00f3n de este espacio.\u003C\/p\u003E\n\n\u003Cp\u003ECon esta inauguraci\u00f3n, la UABC reafirma su compromiso con la innovaci\u00f3n en los espacios acad\u00e9micos y el bienestar de su comunidad universitaria, promoviendo un entorno integral de formaci\u00f3n para las y los estudiantes.\u003C\/p\u003E\n\n\u003Cp\u003E\u003Cimg alt=\u0022.\u0022 data-entity-type=\u0022file\u0022 data-entity-uuid=\u0022846e5cc6-98c2-41d0-8105-770a8786e3d5\u0022 src=\u0022\/sites\/default\/files\/inline-images\/DSC_2323.jpg\u0022 width=\u00225799\u0022 height=\u00223858\u0022 loading=\u0022lazy\u0022 \/\u003E\u003C\/p\u003E\n\n\u003Cp\u003E\u003Cstrong\u003EFotos\u003C\/strong\u003E: Armando Ruiz.\u003C\/p\u003E\u003C\/div\u003E\n      \n  \n\n    \n            \u003Cdiv  class=\u0022palabras-clave\u0022\u003E\n                        \u003Ca href=\u0022\/tags\/pabellon-bienestar-cimarron\u0022 hreflang=\u0022es\u0022\u003Epabell\u00f3n bienestar cimarr\u00f3n\u003C\/a\u003E\n      \n      \u003C\/div\u003E\n  \n\n\n  \u003C\/div\u003E\n\n  \u003C\/div\u003E\n\n  \u003Cdiv class=\u0022area-extras group-right\u0022\u003E\n        \n                          \u003Cdiv  class=\u0022enlace-blockBottom\u0022 \u003E\n      \u003Cdiv\u003EVer m\u00e1s \u003Ca href=\u0022http:\/\/gaceta.uabc.mx\/notas\u0022\u003ENotas\u003C\/a\u003E\u003C\/div\u003E\n\u003C\/div\u003E\n      \n  \n\n\n  \u003C\/div\u003E\n\n\u003C\/div\u003E\n\n","settings":null}]