[{"command":"settings","settings":{"pluralDelimiter":"\u0003","suppressDeprecationErrors":true,"ajaxPageState":{"libraries":"core\/drupal.ajax,core\/picturefill,ds\/ds_3col_equal_width","theme":"gaceta","theme_token":null},"ajaxTrustedUrl":[],"field_group":{"html_element":{"mode":"media_expanded","context":"view","settings":{"classes":"datos","show_empty_fields":false,"id":"","element":"div","show_label":false,"label_element":"h3","label_element_classes":"","attributes":"","effect":"none","speed":"fast"}}},"user":{"uid":0,"permissionsHash":"55dc977d165ab1e05e51b6cc6487f6d73e65ab536d99ee82c6990d9001d5c21c"}},"merge":true},{"command":"add_css","data":"\u003Clink rel=\u0022stylesheet\u0022 media=\u0022all\u0022 href=\u0022\/sites\/default\/files\/css\/css_mxJrjoKKAZuuB4_4f-B1u9VnFZxvSor3Az4JEdrFEso.css\u0022 \/\u003E\n\u003Clink rel=\u0022stylesheet\u0022 media=\u0022all\u0022 href=\u0022\/sites\/default\/files\/css\/css_-BXSGQpS8YTwwuXGbPoshUvZ7W-_HbYR3H7d0DA_mEY.css\u0022 \/\u003E\n\u003Clink rel=\u0022stylesheet\u0022 media=\u0022all\u0022 href=\u0022\/sites\/default\/files\/css\/css_89YreTu0npezhXSakRJR9TVHyBS9bTcyt0s3IckAe-M.css\u0022 \/\u003E\n"},{"command":"add_js","selector":"body","data":[{"src":"\/sites\/default\/files\/js\/js_9UaAhXvc9u0KYXXUw-OKyLP2baQxdV4zY3Y_KGurcvY.js"},{"src":"\/sites\/default\/files\/js\/js_oDJxUBLBzfRb_FDgNfkNOm9-tiatS2kNfxQIeVRZA7Y.js"},{"src":"\/sites\/default\/files\/js\/js_YM82KRuzNIr2X-Kb8pQW8cOcSbWgQ_QGKclTYJ_aMlI.js"},{"src":"\/sites\/default\/files\/js\/js_pqqsPPmPmxKgamY6qk_WSawtL05XH_yAY8GkPHVyahI.js"}]},{"command":"insert","method":"replaceWith","selector":".view-mode-full","data":"\u003Cdiv data-history-node-id=\u002222848\u0022 class=\u0022contenido view-mode-media_expanded ds-3col-equal clearfix\u0022\u003E\n\n  \n\n  \u003Cdiv class=\u0022area-medios group-left\u0022\u003E\n        \n                          \u003Cdiv  class=\u0022imagen\u0022 \u003E\n          \u003Cpicture\u003E\n                  \u003Csource srcset=\u0022\/sites\/default\/files\/styles\/max_650x650\/public\/notas\/2025-03-21\/PORTADA%20III%20Foro%20La%20Mujer%20Ingeniera%20en%20la%20Industria%20%281%29.webp?itok=7RULX3Jr 650w, \/sites\/default\/files\/styles\/max_1300x1300\/public\/notas\/2025-03-21\/PORTADA%20III%20Foro%20La%20Mujer%20Ingeniera%20en%20la%20Industria%20%281%29.webp?itok=tzT8pz-K 1300w, \/sites\/default\/files\/styles\/max_1900x1900\/public\/notas\/2025-03-21\/PORTADA%20III%20Foro%20La%20Mujer%20Ingeniera%20en%20la%20Industria%20%281%29.webp?itok=sMdKt0kB 1420w\u0022 type=\u0022image\/webp\u0022 sizes=\u0022100vw\u0022\/\u003E\n              \u003Csource srcset=\u0022\/sites\/default\/files\/styles\/max_650x650\/public\/notas\/2025-03-21\/PORTADA%20III%20Foro%20La%20Mujer%20Ingeniera%20en%20la%20Industria%20%281%29.jpg?itok=7RULX3Jr 650w, \/sites\/default\/files\/styles\/max_1300x1300\/public\/notas\/2025-03-21\/PORTADA%20III%20Foro%20La%20Mujer%20Ingeniera%20en%20la%20Industria%20%281%29.jpg?itok=tzT8pz-K 1300w, \/sites\/default\/files\/styles\/max_1900x1900\/public\/notas\/2025-03-21\/PORTADA%20III%20Foro%20La%20Mujer%20Ingeniera%20en%20la%20Industria%20%281%29.jpg?itok=sMdKt0kB 1420w\u0022 type=\u0022image\/jpeg\u0022 sizes=\u0022100vw\u0022\/\u003E\n                  \u003Cimg srcset=\u0022\/sites\/default\/files\/styles\/max_650x650\/public\/notas\/2025-03-21\/PORTADA%20III%20Foro%20La%20Mujer%20Ingeniera%20en%20la%20Industria%20%281%29.jpg?itok=7RULX3Jr 650w, \/sites\/default\/files\/styles\/max_1300x1300\/public\/notas\/2025-03-21\/PORTADA%20III%20Foro%20La%20Mujer%20Ingeniera%20en%20la%20Industria%20%281%29.jpg?itok=tzT8pz-K 1300w, \/sites\/default\/files\/styles\/max_1900x1900\/public\/notas\/2025-03-21\/PORTADA%20III%20Foro%20La%20Mujer%20Ingeniera%20en%20la%20Industria%20%281%29.jpg?itok=sMdKt0kB 1420w\u0022 sizes=\u0022100vw\u0022 src=\u0022\/sites\/default\/files\/styles\/max_1300x1300\/public\/notas\/2025-03-21\/PORTADA%20III%20Foro%20La%20Mujer%20Ingeniera%20en%20la%20Industria%20%281%29.jpg?itok=tzT8pz-K\u0022 alt=\u0022III Foro La Mujer Ingeniera en la Industria: Sinergia y equidad para un futuro sostenible\u0022 typeof=\u0022foaf:Image\u0022 class=\u0022img-fluid\u0022 \/\u003E\n\n  \u003C\/picture\u003E\n\n\u003C\/div\u003E\n      \n  \n\n      \u003Cdiv  class=\u0022boton-expander\u0022\u003E\n        \n                  \u003Cdiv class=\u0022item-list\u0022\u003E\u003Cul\u003E\u003Cli\u003E\u003Ca href=\u0022\/ds-switch-view-mode\/node\/22848\/media_collapsed?selector=view-mode-media_expanded\u0022 class=\u0022use-ajax\u0022\u003E\u2191\u003C\/a\u003E\u003C\/li\u003E\u003C\/ul\u003E\u003C\/div\u003E\n      \n  \n    \u003C\/div\u003E\n\n\n  \u003C\/div\u003E\n\n  \u003Cdiv class=\u0022area-info group-middle\u0022\u003E\n    \n\u003Cdiv  class=\u0022inner\u0022\u003E\n          \n                          \u003Ch2  class=\u0022titulo\u0022 \u003E\n        III Foro La Mujer Ingeniera en la Industria: Sinergia y equidad para un futuro sostenible\n\u003C\/h2\u003E\n      \n  \n\n    \n                          \u003Cdiv  class=\u0022resumen\u0022 \u003E\n      Impulsan el liderazgo femenino en la ingenier\u00eda\u003C\/div\u003E\n      \n  \n\n\n\u003Cdiv  class=\u0022datos\u0022\u003E\n            \u003Cdiv  class=\u0022autor\u0022\u003E\n            \u003Cdiv  class=\u0022field-label-inline\u0022\u003EPor\u003C\/div\u003E\n  \n                  \u003Ca href=\u0022\/autores\/karla-rodriguez\u0022 hreflang=\u0022es\u0022\u003EKarla Rodriguez\u003C\/a\u003E\n      \n  \n    \u003C\/div\u003E\n\n      \u003Cdiv  class=\u0022campus\u0022\u003E\n            \u003Cdiv  class=\u0022field-label-inline\u0022\u003ECampus\u003C\/div\u003E\n  \n                  \u003Ca href=\u0022\/campus\/tijuana\u0022 hreflang=\u0022es\u0022\u003ETijuana\u003C\/a\u003E\n      \n  \n    \u003C\/div\u003E\n\n    \n                          \u003Cdiv  class=\u0022fecha\u0022 \u003E\n      21 de Marzo de 2025\u003C\/div\u003E\n      \n  \n\n\n  \u003C\/div\u003E\n    \n                          \u003Cdiv  class=\u0022texto\u0022 \u003E\n      \u003Cp\u003EEl pasado martes 18 de marzo, la Facultad de Ciencias de la Ingenier\u00eda y Tecnolog\u00eda (FCITEC), llev\u00f3 a cabo el III Foro La Mujer Ingeniera en la Industria. El evento fue inaugurado por la doctora Norma Candolfi Arballo, coordinadora de Extensi\u00f3n y Vinculaci\u00f3n de la FCITEC, quien resalt\u00f3 la importancia de este espacio para impulsar el desarrollo profesional de las mujeres en la industria y fomentar un entorno laboral m\u00e1s equitativo e inclusivo.\u003C\/p\u003E\n\n\u003Cp\u003EEl foro cont\u00f3 con la participaci\u00f3n de destacadas mujeres l\u00edderes de la industria, quienes compartieron sus experiencias y reflexiones sobre la equidad de g\u00e9nero y el liderazgo en la ingenier\u00eda. Como parte previa al foro, se llev\u00f3 a cabo el taller \u0022De estudiantes a profesionistas: Claves para destacar en tu primer empleo\u0022, impartido por el equipo de Recursos Humanos de INFINEON, conformado por la psic\u00f3loga Mar\u00eda Ruiz Velasco y la licenciada Elia Tovar Garc\u00eda. Este espacio tuvo como objetivo proporcionar herramientas clave para que las futuras profesionistas en ingenier\u00eda destacaran en sus primeros empleos, fortaleciendo su marca personal, sus habilidades estrat\u00e9gicas y su capacidad de liderazgo en entornos laborales competitivos.\u00a0\u003C\/p\u003E\n\n\u003Cp\u003EEl evento dio inici\u00f3 con una conferencia magistral impartida por la ingeniera Guadalupe N\u00fa\u00f1ez Cano, directora del Comit\u00e9 Mujeres IMMEX en Index Zona Costa BC, titulada \u0022El impacto y proyecci\u00f3n a futuro de la mujer en la industria\u0022. En su ponencia, la ingeniera N\u00fa\u00f1ez destac\u00f3 la evoluci\u00f3n del papel de las mujeres en el sector industrial, resaltando los desaf\u00edos superados y las oportunidades que se abren para las nuevas generaciones. Subray\u00f3 la importancia de fomentar entornos laborales m\u00e1s equitativos y de crear redes de apoyo que impulsen el desarrollo profesional de las mujeres en la ingenier\u00eda.\u003C\/p\u003E\n\n\u003Cp\u003EDurante el evento, se abordaron tres bloques tem\u00e1ticos fundamentales: \u0022Habilidades interpersonales y trabajo en equipos de g\u00e9nero diverso\u0022, \u0022Liderazgo organizacional y toma de decisiones: Perspectivas entre hombres y mujeres\u0022 y \u0022Colaboraci\u00f3n sin fronteras: Retos y oportunidades en la equidad de g\u00e9nero dentro del entorno organizacional\u0022. A lo largo de estas sesiones, las panelistas respondieron preguntas clave sobre las habilidades esenciales para destacar en la industria, consejos para aspirantes a puestos de liderazgo y los principales retos enfrentados como estudiantes de ingenier\u00eda. La diversidad de enfoques y las experiencias compartidas enriquecieron el di\u00e1logo, destacando la importancia de la colaboraci\u00f3n y el respeto mutuo en el entorno laboral.\u00a0\u003C\/p\u003E\n\n\u003Cp\u003ELas panelistas fueron la maestra Mar\u00eda Elena Berm\u00fadez, directora de Recursos Humanos en INFINEON; la ingeniera Christian S\u00e1nchez Barboza, directora de Asuntos Globales del Cl\u00faster Aeroespacial de Baja California; la ingeniera Isela Vargas Castillo, Senior Manager de CI \u0026amp; QA en Safariland; la maestra Abril Chagoya Cuevas, Especialista en Desarrollo Organizacional en SMK Electr\u00f3nica; y la qu\u00edmica Pamela Reyes Romero, Gerente de Aseguramiento de Calidad en Medimexico, Fresenius Medical Care.\u003C\/p\u003E\n\n\u003Cp\u003EEl foro concluy\u00f3 con una sesi\u00f3n de preguntas del p\u00fablico, donde las panelistas compartieron recomendaciones y reflexiones para los y las estudiantes de ingenier\u00eda, destacando la importancia de fortalecer las habilidades interpersonales, desarrollar redes de apoyo y buscar oportunidades de liderazgo en la industria, adem\u00e1s, foment\u00f3 la construcci\u00f3n de un futuro con mayor equidad y oportunidades para las nuevas generaciones.\u00a0\u003C\/p\u003E\n\n\u003Cp\u003E\u00a0\u003C\/p\u003E\u003C\/div\u003E\n      \n  \n\n    \n            \u003Cdiv  class=\u0022palabras-clave\u0022\u003E\n                        \u003Ca href=\u0022\/tags\/mujeres\u0022 hreflang=\u0022es\u0022\u003EMujeres\u003C\/a\u003E\n                \u003Ca href=\u0022\/tags\/liderazgo-femenino\u0022 hreflang=\u0022es\u0022\u003ELiderazgo femenino\u003C\/a\u003E\n                \u003Ca href=\u0022\/tags\/equidad\u0022 hreflang=\u0022es\u0022\u003EEquidad\u003C\/a\u003E\n      \n      \u003C\/div\u003E\n  \n\n\n  \u003C\/div\u003E\n\n  \u003C\/div\u003E\n\n  \u003Cdiv class=\u0022area-extras group-right\u0022\u003E\n        \n                          \u003Cdiv  class=\u0022enlace-blockBottom\u0022 \u003E\n      \u003Cdiv\u003EVer m\u00e1s \u003Ca href=\u0022http:\/\/gaceta.uabc.mx\/notas\u0022\u003ENotas\u003C\/a\u003E\u003C\/div\u003E\n\u003C\/div\u003E\n      \n  \n\n\n  \u003C\/div\u003E\n\n\u003C\/div\u003E\n\n","settings":null}]