[{"command":"settings","settings":{"pluralDelimiter":"\u0003","suppressDeprecationErrors":true,"ajaxPageState":{"libraries":"core\/drupal.ajax,core\/picturefill,ds\/ds_3col_equal_width","theme":"gaceta","theme_token":null},"ajaxTrustedUrl":[],"field_group":{"html_element":{"mode":"media_expanded","context":"view","settings":{"classes":"datos","show_empty_fields":false,"id":"","element":"div","show_label":false,"label_element":"h3","label_element_classes":"","attributes":"","effect":"none","speed":"fast"}}},"user":{"uid":0,"permissionsHash":"55dc977d165ab1e05e51b6cc6487f6d73e65ab536d99ee82c6990d9001d5c21c"}},"merge":true},{"command":"add_css","data":"\u003Clink rel=\u0022stylesheet\u0022 media=\u0022all\u0022 href=\u0022\/sites\/default\/files\/css\/css_mxJrjoKKAZuuB4_4f-B1u9VnFZxvSor3Az4JEdrFEso.css\u0022 \/\u003E\n\u003Clink rel=\u0022stylesheet\u0022 media=\u0022all\u0022 href=\u0022\/sites\/default\/files\/css\/css_-BXSGQpS8YTwwuXGbPoshUvZ7W-_HbYR3H7d0DA_mEY.css\u0022 \/\u003E\n\u003Clink rel=\u0022stylesheet\u0022 media=\u0022all\u0022 href=\u0022\/sites\/default\/files\/css\/css_89YreTu0npezhXSakRJR9TVHyBS9bTcyt0s3IckAe-M.css\u0022 \/\u003E\n"},{"command":"add_js","selector":"body","data":[{"src":"\/sites\/default\/files\/js\/js_9UaAhXvc9u0KYXXUw-OKyLP2baQxdV4zY3Y_KGurcvY.js"},{"src":"\/sites\/default\/files\/js\/js_oDJxUBLBzfRb_FDgNfkNOm9-tiatS2kNfxQIeVRZA7Y.js"},{"src":"\/sites\/default\/files\/js\/js_YM82KRuzNIr2X-Kb8pQW8cOcSbWgQ_QGKclTYJ_aMlI.js"},{"src":"\/sites\/default\/files\/js\/js_pqqsPPmPmxKgamY6qk_WSawtL05XH_yAY8GkPHVyahI.js"}]},{"command":"insert","method":"replaceWith","selector":".view-mode-full","data":"\u003Cdiv data-history-node-id=\u002222855\u0022 class=\u0022contenido view-mode-media_expanded ds-3col-equal clearfix\u0022\u003E\n\n  \n\n  \u003Cdiv class=\u0022area-medios group-left\u0022\u003E\n        \n                          \u003Cdiv  class=\u0022imagen\u0022 \u003E\n          \u003Cpicture\u003E\n                  \u003Csource srcset=\u0022\/sites\/default\/files\/styles\/max_650x650\/public\/notas\/2025-03-21\/DSC_0027.webp?itok=y8p02Tqd 650w, \/sites\/default\/files\/styles\/max_1300x1300\/public\/notas\/2025-03-21\/DSC_0027.webp?itok=WgyTUjR_ 1300w, \/sites\/default\/files\/styles\/max_1900x1900\/public\/notas\/2025-03-21\/DSC_0027.webp?itok=5Ie9aOmM 1900w\u0022 type=\u0022image\/webp\u0022 sizes=\u0022100vw\u0022\/\u003E\n              \u003Csource srcset=\u0022\/sites\/default\/files\/styles\/max_650x650\/public\/notas\/2025-03-21\/DSC_0027.JPG?itok=y8p02Tqd 650w, \/sites\/default\/files\/styles\/max_1300x1300\/public\/notas\/2025-03-21\/DSC_0027.JPG?itok=WgyTUjR_ 1300w, \/sites\/default\/files\/styles\/max_1900x1900\/public\/notas\/2025-03-21\/DSC_0027.JPG?itok=5Ie9aOmM 1900w\u0022 type=\u0022image\/jpeg\u0022 sizes=\u0022100vw\u0022\/\u003E\n                  \u003Cimg srcset=\u0022\/sites\/default\/files\/styles\/max_650x650\/public\/notas\/2025-03-21\/DSC_0027.JPG?itok=y8p02Tqd 650w, \/sites\/default\/files\/styles\/max_1300x1300\/public\/notas\/2025-03-21\/DSC_0027.JPG?itok=WgyTUjR_ 1300w, \/sites\/default\/files\/styles\/max_1900x1900\/public\/notas\/2025-03-21\/DSC_0027.JPG?itok=5Ie9aOmM 1900w\u0022 sizes=\u0022100vw\u0022 src=\u0022\/sites\/default\/files\/styles\/max_1300x1300\/public\/notas\/2025-03-21\/DSC_0027.JPG?itok=WgyTUjR_\u0022 alt=\u0022Tecnolog\u00eda y Sociedad \u0022 typeof=\u0022foaf:Image\u0022 class=\u0022img-fluid\u0022 \/\u003E\n\n  \u003C\/picture\u003E\n\n\u003C\/div\u003E\n      \n  \n\n      \u003Cdiv  class=\u0022boton-expander\u0022\u003E\n        \n                  \u003Cdiv class=\u0022item-list\u0022\u003E\u003Cul\u003E\u003Cli\u003E\u003Ca href=\u0022\/ds-switch-view-mode\/node\/22855\/media_collapsed?selector=view-mode-media_expanded\u0022 class=\u0022use-ajax\u0022\u003E\u2191\u003C\/a\u003E\u003C\/li\u003E\u003C\/ul\u003E\u003C\/div\u003E\n      \n  \n    \u003C\/div\u003E\n\n\n  \u003C\/div\u003E\n\n  \u003Cdiv class=\u0022area-info group-middle\u0022\u003E\n    \n\u003Cdiv  class=\u0022inner\u0022\u003E\n          \n                          \u003Ch2  class=\u0022titulo\u0022 \u003E\n        Presentaron libro que aborda la importancia de entender los aspectos legales, sociales y \u00e9ticos de las TIC\n\u003C\/h2\u003E\n      \n  \n\n    \n                          \u003Cdiv  class=\u0022resumen\u0022 \u003E\n      Promovieron el debate y la reflexi\u00f3n sobre los desaf\u00edos y oportunidades que plantea la era digital\u003C\/div\u003E\n      \n  \n\n\n\u003Cdiv  class=\u0022datos\u0022\u003E\n            \u003Cdiv  class=\u0022autor\u0022\u003E\n            \u003Cdiv  class=\u0022field-label-inline\u0022\u003EPor\u003C\/div\u003E\n  \n                  \u003Ca href=\u0022\/autores\/paulina-moreno-rangel\u0022 hreflang=\u0022es\u0022\u003EPaulina Moreno Rangel\u003C\/a\u003E\n      \n  \n    \u003C\/div\u003E\n\n      \u003Cdiv  class=\u0022campus\u0022\u003E\n            \u003Cdiv  class=\u0022field-label-inline\u0022\u003ECampus\u003C\/div\u003E\n  \n                  \u003Ca href=\u0022\/campus\/ensenada\u0022 hreflang=\u0022es\u0022\u003EEnsenada\u003C\/a\u003E\n      \n  \n    \u003C\/div\u003E\n\n    \n                          \u003Cdiv  class=\u0022fecha\u0022 \u003E\n      24 de Marzo de 2025\u003C\/div\u003E\n      \n  \n\n\n  \u003C\/div\u003E\n    \n                          \u003Cdiv  class=\u0022texto\u0022 \u003E\n      \u003Cp\u003EBajo la organizaci\u00f3n del Departamento de Inform\u00e1tica y Bibliotecas de la Vicerrector\u00eda campus Ensenada de la UABC, se llev\u00f3 a cabo la presentaci\u00f3n del libro \u003Cem\u003ETecnolog\u00eda y sociedad: Perspectivas legales, sociales y \u00e9ticas de las Tecnolog\u00edas de la Informaci\u00f3n y la Comunicaci\u00f3n\u003C\/em\u003E, del autor Evelio Mart\u00ednez Mart\u00ednez, profesor investigador adscrito a la Facultad de Ciencias.\u003C\/p\u003E\n\n\u003Cp\u003EEsta obra, publicada por Editorial Convergente, ofrece un an\u00e1lisis exhaustivo del impacto de las Tecnolog\u00edas de la Informaci\u00f3n y la Comunicaci\u00f3n (TIC) en la sociedad contempor\u00e1nea.\u003C\/p\u003E\n\n\u003Cp\u003EAborda temas cruciales como la privacidad, la seguridad de la informaci\u00f3n, la propiedad intelectual y los aspectos \u00e9ticos y legales del uso de la tecnolog\u00eda. Est\u00e1 dirigido a un p\u00fablico amplio, desde estudiantes hasta profesionales y responsables de pol\u00edticas p\u00fablicas.\u003C\/p\u003E\n\n\u003Cp\u003EDurante la presentaci\u00f3n, los asistentes tuvieron la oportunidad de conocer de primera mano las reflexiones del autor sobre el impacto de las tecnolog\u00edas en la sociedad actual, con un enfoque particular en los aspectos legales, sociales y \u00e9ticos que surgen de su uso, buscando fomentar una comprensi\u00f3n cr\u00edtica y reflexiva del papel de las TIC en la vida cotidiana.\u003C\/p\u003E\n\n\u003Cp\u003EComo parte de la presentaci\u00f3n, se cont\u00f3 con la participaci\u00f3n de destacados acad\u00e9micos, quienes ofrecieron sus perspectivas sobre la relevancia de esta obra en el contexto actual, como la doctora Isabel L\u00f3pez Hurtado, quien se encuentra realizando una estancia posdoctoral en el Centro de Investigaci\u00f3n Cient\u00edfica y Educaci\u00f3n Superior de Ensenada (CICESE); el doctor Arturo Serrano Santoyo, profesor en la Facultad de Ciencias y en la Facultad de Econom\u00eda y Relaciones Internacionales de la UABC; as\u00ed como el doctor Diego Alfredo P\u00e9rez Rivas, profesor investigador en la Facultad de Ciencias Administrativas y Sociales (FCAYS), tambi\u00e9n de UABC.\u003C\/p\u003E\n\n\u003Cp\u003EDe acuerdo a las palabras del maestro Evelio Mart\u00ednez, esta obra es el resultado de su experiencia impartiendo clases sobre estos temas, raz\u00f3n que lo inspir\u00f3 a plasmar sus conocimientos en un libro de texto que ser\u00e1 de utilidad a diversas disciplinas y p\u00fablicos, quienes, a trav\u00e9s de su lectura tendr\u00e1n una visi\u00f3n integral para comprender la importancia de las tecnolog\u00edas en la sociedad.\u003C\/p\u003E\n\n\u003Cp\u003EEl libro, organizado en seis unidades, es producto de la Red Multidisciplinaria \u0022\u00c9tica, Derecho, Democracia e Inclusi\u00f3n en la Sociedad Digital\u0022 (JEDI-SD) de la UABC y el Centro de Investigaci\u00f3n Cient\u00edfica y de Educaci\u00f3n Superior de Ensenada (CICESE). Puede encontrarse m\u00e1s informaci\u00f3n en: https:\/\/eveliomartinez.com\/tys\/\u003C\/p\u003E\n\n\u003Cp\u003E\u003Cstrong\u003ESobre el autor\u003C\/strong\u003E\u003C\/p\u003E\n\n\u003Cp\u003EEs egresado de la tercera generaci\u00f3n de licenciados en Ciencias Computacionales (LCC) de la Facultad de Ciencias de la UABC. Realiz\u00f3 estudios de maestr\u00eda en Telecomunicaciones y Redes de Informaci\u00f3n y ha participado en diversos congresos, simposios y foros nacionales e internacionales como ponente.\u003C\/p\u003E\n\n\u003Cp\u003ETiene m\u00e1s de 200 art\u00edculos de divulgaci\u00f3n sobre tecnolog\u00eda publicados en diversas revistas impresas, revistas electr\u00f3nicas, y diarios. Es coautor de varios libros y un cap\u00edtulo del libro de texto de Educaci\u00f3n Secundaria \u003Cem\u003ECiencias 2 F\u00edsica.\u003C\/em\u003E\u003C\/p\u003E\n\n\u003Cp\u003ETiene m\u00e1s de 30 a\u00f1os de experiencia en la docencia en temas relacionados con las ciencias computacionales y las TIC. Como investigador ha participado en diversos proyectos de investigaci\u00f3n en el \u00e1rea de la educaci\u00f3n y las TIC. En la actualidad, es profesor investigador de tiempo completo del programa de licenciado en Ciencias Computacionales en la facultad de donde egres\u00f3. Adem\u00e1s, es colaborador en la columna \u201cTecnolog\u00eda y Sociedad\u201d del suplemento La Br\u00fajula del peri\u00f3dico \u003Cem\u003EEl Vig\u00eda\u003C\/em\u003E.\u003C\/p\u003E\n\n\u003Cp\u003E\u00a0\u003C\/p\u003E\n\u003Cimg alt=\u0022MC Evelio Mart\u00ednez \u0022 data-entity-type=\u0022file\u0022 data-entity-uuid=\u002294872662-51c5-4286-8c82-14d4a252cb76\u0022 src=\u0022\/sites\/default\/files\/inline-images\/DSC_0024.JPG\u0022 class=\u0022align-center\u0022 width=\u00226000\u0022 height=\u00224000\u0022 loading=\u0022lazy\u0022 \/\u003E\u003Cp\u003E\u00a0\u003C\/p\u003E\u003C\/div\u003E\n      \n  \n\n    \n            \u003Cdiv  class=\u0022palabras-clave\u0022\u003E\n                        \u003Ca href=\u0022\/tags\/presentacion-de-libro\u0022 hreflang=\u0022es\u0022\u003EPresentaci\u00f3n de libro\u003C\/a\u003E\n                \u003Ca href=\u0022\/tags\/tecnologia-y-sociedad\u0022 hreflang=\u0022es\u0022\u003ETecnolog\u00eda y Sociedad \u003C\/a\u003E\n                \u003Ca href=\u0022\/tags\/facultad-de-ciencias-0\u0022 hreflang=\u0022es\u0022\u003EFacultad de Ciencias \u003C\/a\u003E\n                \u003Ca href=\u0022\/tags\/bibliotecas\u0022 hreflang=\u0022es\u0022\u003EBibliotecas\u003C\/a\u003E\n      \n      \u003C\/div\u003E\n  \n\n\n  \u003C\/div\u003E\n\n  \u003C\/div\u003E\n\n  \u003Cdiv class=\u0022area-extras group-right\u0022\u003E\n        \n                          \u003Cdiv  class=\u0022enlace-blockBottom\u0022 \u003E\n      \u003Cdiv\u003EVer m\u00e1s \u003Ca href=\u0022http:\/\/gaceta.uabc.mx\/notas\u0022\u003ENotas\u003C\/a\u003E\u003C\/div\u003E\n\u003C\/div\u003E\n      \n  \n\n\n  \u003C\/div\u003E\n\n\u003C\/div\u003E\n\n","settings":null}]