[{"command":"settings","settings":{"pluralDelimiter":"\u0003","suppressDeprecationErrors":true,"ajaxPageState":{"libraries":"core\/drupal.ajax,core\/picturefill,ds\/ds_3col_equal_width","theme":"gaceta","theme_token":null},"ajaxTrustedUrl":[],"field_group":{"html_element":{"mode":"media_expanded","context":"view","settings":{"classes":"datos","show_empty_fields":false,"id":"","element":"div","show_label":false,"label_element":"h3","label_element_classes":"","attributes":"","effect":"none","speed":"fast"}}},"user":{"uid":0,"permissionsHash":"55dc977d165ab1e05e51b6cc6487f6d73e65ab536d99ee82c6990d9001d5c21c"}},"merge":true},{"command":"add_css","data":"\u003Clink rel=\u0022stylesheet\u0022 media=\u0022all\u0022 href=\u0022\/sites\/default\/files\/css\/css_mxJrjoKKAZuuB4_4f-B1u9VnFZxvSor3Az4JEdrFEso.css\u0022 \/\u003E\n\u003Clink rel=\u0022stylesheet\u0022 media=\u0022all\u0022 href=\u0022\/sites\/default\/files\/css\/css_-BXSGQpS8YTwwuXGbPoshUvZ7W-_HbYR3H7d0DA_mEY.css\u0022 \/\u003E\n\u003Clink rel=\u0022stylesheet\u0022 media=\u0022all\u0022 href=\u0022\/sites\/default\/files\/css\/css_89YreTu0npezhXSakRJR9TVHyBS9bTcyt0s3IckAe-M.css\u0022 \/\u003E\n"},{"command":"add_js","selector":"body","data":[{"src":"\/sites\/default\/files\/js\/js_9UaAhXvc9u0KYXXUw-OKyLP2baQxdV4zY3Y_KGurcvY.js"},{"src":"\/sites\/default\/files\/js\/js_oDJxUBLBzfRb_FDgNfkNOm9-tiatS2kNfxQIeVRZA7Y.js"},{"src":"\/sites\/default\/files\/js\/js_YM82KRuzNIr2X-Kb8pQW8cOcSbWgQ_QGKclTYJ_aMlI.js"},{"src":"\/sites\/default\/files\/js\/js_pqqsPPmPmxKgamY6qk_WSawtL05XH_yAY8GkPHVyahI.js"}]},{"command":"insert","method":"replaceWith","selector":".view-mode-full","data":"\u003Cdiv data-history-node-id=\u002222895\u0022 class=\u0022contenido view-mode-media_expanded ds-3col-equal clearfix\u0022\u003E\n\n  \n\n  \u003Cdiv class=\u0022area-medios group-left\u0022\u003E\n        \n                          \u003Cdiv  class=\u0022imagen\u0022 \u003E\n          \u003Cpicture\u003E\n                  \u003Csource srcset=\u0022\/sites\/default\/files\/styles\/max_650x650\/public\/notas\/2025-03-28\/Dise%C3%B1o%20sin%20t%C3%ADtulo%20%2837%29.webp?itok=-gsoos72 650w, \/sites\/default\/files\/styles\/max_1300x1300\/public\/notas\/2025-03-28\/Dise%C3%B1o%20sin%20t%C3%ADtulo%20%2837%29.webp?itok=q33mQ5sG 1300w, \/sites\/default\/files\/styles\/max_1900x1900\/public\/notas\/2025-03-28\/Dise%C3%B1o%20sin%20t%C3%ADtulo%20%2837%29.webp?itok=680YAciz 1420w\u0022 type=\u0022image\/webp\u0022 sizes=\u0022100vw\u0022\/\u003E\n              \u003Csource srcset=\u0022\/sites\/default\/files\/styles\/max_650x650\/public\/notas\/2025-03-28\/Dise%C3%B1o%20sin%20t%C3%ADtulo%20%2837%29.jpg?itok=-gsoos72 650w, \/sites\/default\/files\/styles\/max_1300x1300\/public\/notas\/2025-03-28\/Dise%C3%B1o%20sin%20t%C3%ADtulo%20%2837%29.jpg?itok=q33mQ5sG 1300w, \/sites\/default\/files\/styles\/max_1900x1900\/public\/notas\/2025-03-28\/Dise%C3%B1o%20sin%20t%C3%ADtulo%20%2837%29.jpg?itok=680YAciz 1420w\u0022 type=\u0022image\/jpeg\u0022 sizes=\u0022100vw\u0022\/\u003E\n                  \u003Cimg srcset=\u0022\/sites\/default\/files\/styles\/max_650x650\/public\/notas\/2025-03-28\/Dise%C3%B1o%20sin%20t%C3%ADtulo%20%2837%29.jpg?itok=-gsoos72 650w, \/sites\/default\/files\/styles\/max_1300x1300\/public\/notas\/2025-03-28\/Dise%C3%B1o%20sin%20t%C3%ADtulo%20%2837%29.jpg?itok=q33mQ5sG 1300w, \/sites\/default\/files\/styles\/max_1900x1900\/public\/notas\/2025-03-28\/Dise%C3%B1o%20sin%20t%C3%ADtulo%20%2837%29.jpg?itok=680YAciz 1420w\u0022 sizes=\u0022100vw\u0022 src=\u0022\/sites\/default\/files\/styles\/max_1300x1300\/public\/notas\/2025-03-28\/Dise%C3%B1o%20sin%20t%C3%ADtulo%20%2837%29.jpg?itok=q33mQ5sG\u0022 alt=\u0022Directora de la Facultad de Medicina y Psicolog\u00eda, campus Tijuana, present\u00f3 su primer informe de actividades periodo 2023-2027 \u0022 typeof=\u0022foaf:Image\u0022 class=\u0022img-fluid\u0022 \/\u003E\n\n  \u003C\/picture\u003E\n\n\u003C\/div\u003E\n      \n  \n\n      \u003Cdiv  class=\u0022boton-expander\u0022\u003E\n        \n                  \u003Cdiv class=\u0022item-list\u0022\u003E\u003Cul\u003E\u003Cli\u003E\u003Ca href=\u0022\/ds-switch-view-mode\/node\/22895\/media_collapsed?selector=view-mode-media_expanded\u0022 class=\u0022use-ajax\u0022\u003E\u2191\u003C\/a\u003E\u003C\/li\u003E\u003C\/ul\u003E\u003C\/div\u003E\n      \n  \n    \u003C\/div\u003E\n\n\n  \u003C\/div\u003E\n\n  \u003Cdiv class=\u0022area-info group-middle\u0022\u003E\n    \n\u003Cdiv  class=\u0022inner\u0022\u003E\n          \n                          \u003Ch2  class=\u0022titulo\u0022 \u003E\n        Directora de la Facultad de Medicina y Psicolog\u00eda, campus Tijuana, present\u00f3 su primer informe de actividades periodo 2023-2027 \n\u003C\/h2\u003E\n      \n  \n\n    \n                          \u003Cdiv  class=\u0022resumen\u0022 \u003E\n      La doctora Mar\u00eda Guadalupe Delgadillo Ramos, expuso los avances que ha tenido la facultad en cuanto a infraestructura, investigaci\u00f3n, vinculaci\u00f3n y bienestar estudiantil\u003C\/div\u003E\n      \n  \n\n\n\u003Cdiv  class=\u0022datos\u0022\u003E\n            \u003Cdiv  class=\u0022autor\u0022\u003E\n            \u003Cdiv  class=\u0022field-label-inline\u0022\u003EPor\u003C\/div\u003E\n  \n                  \u003Ca href=\u0022\/autores\/melissa-prieto\u0022 hreflang=\u0022es\u0022\u003EMelissa Prieto\u003C\/a\u003E\n      \n  \n    \u003C\/div\u003E\n\n      \u003Cdiv  class=\u0022campus\u0022\u003E\n            \u003Cdiv  class=\u0022field-label-inline\u0022\u003ECampus\u003C\/div\u003E\n  \n                  \u003Ca href=\u0022\/campus\/tijuana\u0022 hreflang=\u0022es\u0022\u003ETijuana\u003C\/a\u003E\n      \n  \n    \u003C\/div\u003E\n\n    \n                          \u003Cdiv  class=\u0022fecha\u0022 \u003E\n      28 de Marzo de 2025\u003C\/div\u003E\n      \n  \n\n\n  \u003C\/div\u003E\n    \n                          \u003Cdiv  class=\u0022texto\u0022 \u003E\n      \u003Cp\u003ELa Facultad de Medicina y Psicolog\u00eda (FMP) de la Universidad Aut\u00f3noma de Baja California (UABC) present\u00f3 su primer informe de actividades correspondiente al periodo 2023-2027. En un acto celebrado en el Aula Magna dirigido por la doctora Mar\u00eda Guadalupe Delgadillo Ramos, directora de la facultad, en compa\u00f1\u00eda de su equipo de trabajo, adem\u00e1s de contar con la presencia de la doctora Hayde\u00e9 Gomez Llanos Ju\u00e1rez, vicerrectora del Campus Tijuana y de la qu\u00edmica Socorro Mac\u00edas Ahumada integrante de la Junta de Gobierno de la UABC.\u00a0\u003C\/p\u003E\n\n\u003Cp\u003ELa doctora Delgadillo Ramos mostr\u00f3 los avances en infraestructura, investigaci\u00f3n, vinculaci\u00f3n y bienestar estudiantil, subrayando la importancia del trabajo conjunto dentro de la comunidad universitaria. \u201cM\u00e1s all\u00e1 de cumplir con un protocolo, este informe es un espacio de comunicaci\u00f3n con la comunidad universitaria para que conozcan los logros que hemos alcanzado juntas y juntos a lo largo de este a\u00f1o\u201d, expres\u00f3.\u003C\/p\u003E\n\n\u003Cp\u003EUno de los logros m\u00e1s importantes del informe fue la acreditaci\u00f3n internacional del programa de Medicina por parte del Consejo Mexicano para la Acreditaci\u00f3n de la Educaci\u00f3n M\u00e9dica (COMAEM), vigente hasta 2028. Agregando lo siguiente, \u201cesta acreditaci\u00f3n es clave porque garantiza la calidad de la formaci\u00f3n m\u00e9dica y facilita la gesti\u00f3n de campos cl\u00ednicos para nuestros estudiantes\u201d; adem\u00e1s, se realizaron mejoras en espacios acad\u00e9micos y laboratorios, asegurando instalaciones adecuadas para la ense\u00f1anza y la investigaci\u00f3n.\u003C\/p\u003E\n\n\u003Cp\u003EEn el \u00e1rea de investigaci\u00f3n, se registraron 26 proyectos en el Comit\u00e9 de Bio\u00e9tica, abordando temas como nutrici\u00f3n en lactantes, inteligencia emocional en estudiantes de Medicina y salud mental en contextos fronterizos. \u201cNuestra producci\u00f3n acad\u00e9mica ha sido de al menos 54 art\u00edculos en diversas revistas cient\u00edficas internacionales. Estoy convencida de que hay m\u00e1s publicaciones que a\u00fan no se han reportado\u201d, destac\u00f3 la doctora Delgadillo Ramos.\u00a0\u003C\/p\u003E\n\n\u003Cp\u003EEl compromiso con el bienestar estudiantil qued\u00f3 reflejado en la entrega de becas. Durante el ciclo 2024-1, se otorgaron 96 becas en Medicina, 112 en Psicolog\u00eda y 54 en Nutrici\u00f3n, aumentando en el ciclo 2024-2 a 85, 106 y 66 becas, respectivamente. En cuanto a la vinculaci\u00f3n, se fortalecieron redes internacionales de investigaci\u00f3n en farmacogen\u00e9tica, nutrici\u00f3n de precisi\u00f3n y promoci\u00f3n de la salud en comunidades rurales.\u003C\/p\u003E\n\n\u003Cp\u003EAsimismo, la facultad implement\u00f3 el programa Nutrici\u00f3n y Seguridad de Alimentos para mejorar la calidad de los alimentos ofrecidos en las cafeter\u00edas universitarias mediante capacitaciones y supervisiones. Como parte del esfuerzo por fomentar la equidad de g\u00e9nero y la cultura de paz, se realizaron talleres de comunicaci\u00f3n no violenta, conferencias sobre responsabilidad jur\u00eddica en casos de violencia y un mercado solidario para apoyar a mujeres emprendedoras.\u00a0\u003C\/p\u003E\n\n\u003Cp\u003ELa doctora Gomez Llanos, reconoci\u00f3 el esfuerzo de la comunidad acad\u00e9mica y reafirm\u00f3 el compromiso institucional con la educaci\u00f3n de calidad. \u201cEs fundamental mantener espacios de di\u00e1logo y colaboraci\u00f3n que impulsen el crecimiento de nuestra facultad y la formaci\u00f3n de profesionales altamente capacitados\u201d, expres\u00f3.\u003C\/p\u003E\n\n\u003Cp\u003ELa qu\u00edmica Socoro Mac\u00edas felicit\u00f3 a todo el equipo administrativo por los resultados que logr\u00f3 la facultad, destacando la importancia de la calidad educativa: \u201cDebemos de pensar en convertirnos en ser la calidad de egresados; que todos los empleadores, como las cl\u00ednicas, los hospitales, los consultorios se peleen por todos los estudiantes que egresen de la UABC, son la opci\u00f3n n\u00famero uno\u201d. Concretando que no solo se trata de los conocimientos, sino tambi\u00e9n de la \u00e9tica, la cultura, la responsabilidad, la disciplina y de los eventos que ofrezca la universidad. Motivando al alumnado a que sigan super\u00e1ndose para convertirse en excelentes profesionales y seguir trabajando en la mejora continua.\u00a0\u003C\/p\u003E\n\n\u003Cp\u003EConcluyendo con unas palabras, la doctora Delgadillo Ramos mencion\u00f3: \u201cm\u00e1s all\u00e1 de aprobar una acreditaci\u00f3n, nuestra misi\u00f3n es formar profesionales comprometidos con la transformaci\u00f3n de su entorno desde una visi\u00f3n \u00e9tica e interdisciplinaria\u201d. Mostrando su compromiso con la excelencia acad\u00e9mica y el desarrollo integral de su comunidad universitaria.\u003C\/p\u003E\u003C\/div\u003E\n      \n  \n\n    \n            \u003Cdiv  class=\u0022palabras-clave\u0022\u003E\n                        \u003Ca href=\u0022\/tags\/facultad-de-medicina-y-psicologia\u0022 hreflang=\u0022es\u0022\u003EFacultad de Medicina y Psicolog\u00eda\u003C\/a\u003E\n                \u003Ca href=\u0022\/tags\/avances\u0022 hreflang=\u0022es\u0022\u003EAvances\u003C\/a\u003E\n                \u003Ca href=\u0022\/tags\/compromiso\u0022 hreflang=\u0022es\u0022\u003ECompromiso\u003C\/a\u003E\n      \n      \u003C\/div\u003E\n  \n\n\n  \u003C\/div\u003E\n\n  \u003C\/div\u003E\n\n  \u003Cdiv class=\u0022area-extras group-right\u0022\u003E\n        \n                          \u003Cdiv  class=\u0022enlace-blockBottom\u0022 \u003E\n      \u003Cdiv\u003EVer m\u00e1s \u003Ca href=\u0022http:\/\/gaceta.uabc.mx\/notas\u0022\u003ENotas\u003C\/a\u003E\u003C\/div\u003E\n\u003C\/div\u003E\n      \n  \n\n\n  \u003C\/div\u003E\n\n\u003C\/div\u003E\n\n","settings":null}]