[{"command":"settings","settings":{"pluralDelimiter":"\u0003","suppressDeprecationErrors":true,"ajaxPageState":{"libraries":"core\/drupal.ajax,core\/picturefill,ds\/ds_3col_equal_width","theme":"gaceta","theme_token":null},"ajaxTrustedUrl":[],"field_group":{"html_element":{"mode":"media_expanded","context":"view","settings":{"classes":"datos","show_empty_fields":false,"id":"","element":"div","show_label":false,"label_element":"h3","label_element_classes":"","attributes":"","effect":"none","speed":"fast"}}},"user":{"uid":0,"permissionsHash":"55dc977d165ab1e05e51b6cc6487f6d73e65ab536d99ee82c6990d9001d5c21c"}},"merge":true},{"command":"add_css","data":"\u003Clink rel=\u0022stylesheet\u0022 media=\u0022all\u0022 href=\u0022\/sites\/default\/files\/css\/css_mxJrjoKKAZuuB4_4f-B1u9VnFZxvSor3Az4JEdrFEso.css\u0022 \/\u003E\n\u003Clink rel=\u0022stylesheet\u0022 media=\u0022all\u0022 href=\u0022\/sites\/default\/files\/css\/css_-BXSGQpS8YTwwuXGbPoshUvZ7W-_HbYR3H7d0DA_mEY.css\u0022 \/\u003E\n\u003Clink rel=\u0022stylesheet\u0022 media=\u0022all\u0022 href=\u0022\/sites\/default\/files\/css\/css_89YreTu0npezhXSakRJR9TVHyBS9bTcyt0s3IckAe-M.css\u0022 \/\u003E\n"},{"command":"add_js","selector":"body","data":[{"src":"\/sites\/default\/files\/js\/js_9UaAhXvc9u0KYXXUw-OKyLP2baQxdV4zY3Y_KGurcvY.js"},{"src":"\/sites\/default\/files\/js\/js_oDJxUBLBzfRb_FDgNfkNOm9-tiatS2kNfxQIeVRZA7Y.js"},{"src":"\/sites\/default\/files\/js\/js_YM82KRuzNIr2X-Kb8pQW8cOcSbWgQ_QGKclTYJ_aMlI.js"},{"src":"\/sites\/default\/files\/js\/js_pqqsPPmPmxKgamY6qk_WSawtL05XH_yAY8GkPHVyahI.js"}]},{"command":"insert","method":"replaceWith","selector":".view-mode-full","data":"\u003Cdiv data-history-node-id=\u002222932\u0022 class=\u0022contenido view-mode-media_expanded ds-3col-equal clearfix\u0022\u003E\n\n  \n\n  \u003Cdiv class=\u0022area-medios group-left\u0022\u003E\n        \n                          \u003Cdiv  class=\u0022imagen\u0022 \u003E\n          \u003Cpicture\u003E\n                  \u003Csource srcset=\u0022\/sites\/default\/files\/styles\/max_650x650\/public\/notas\/2025-04-01\/IMG_8990_0.webp?itok=w8MmPDix 650w, \/sites\/default\/files\/styles\/max_1300x1300\/public\/notas\/2025-04-01\/IMG_8990_0.webp?itok=gGck22JA 1300w, \/sites\/default\/files\/styles\/max_1900x1900\/public\/notas\/2025-04-01\/IMG_8990_0.webp?itok=fd6Mkoq5 1620w\u0022 type=\u0022image\/webp\u0022 sizes=\u0022100vw\u0022\/\u003E\n              \u003Csource srcset=\u0022\/sites\/default\/files\/styles\/max_650x650\/public\/notas\/2025-04-01\/IMG_8990_0.JPG?itok=w8MmPDix 650w, \/sites\/default\/files\/styles\/max_1300x1300\/public\/notas\/2025-04-01\/IMG_8990_0.JPG?itok=gGck22JA 1300w, \/sites\/default\/files\/styles\/max_1900x1900\/public\/notas\/2025-04-01\/IMG_8990_0.JPG?itok=fd6Mkoq5 1620w\u0022 type=\u0022image\/jpeg\u0022 sizes=\u0022100vw\u0022\/\u003E\n                  \u003Cimg srcset=\u0022\/sites\/default\/files\/styles\/max_650x650\/public\/notas\/2025-04-01\/IMG_8990_0.JPG?itok=w8MmPDix 650w, \/sites\/default\/files\/styles\/max_1300x1300\/public\/notas\/2025-04-01\/IMG_8990_0.JPG?itok=gGck22JA 1300w, \/sites\/default\/files\/styles\/max_1900x1900\/public\/notas\/2025-04-01\/IMG_8990_0.JPG?itok=fd6Mkoq5 1620w\u0022 sizes=\u0022100vw\u0022 src=\u0022\/sites\/default\/files\/styles\/max_1300x1300\/public\/notas\/2025-04-01\/IMG_8990_0.JPG?itok=gGck22JA\u0022 alt=\u0022Taller \u201cViaje al mundo de las neuronas: Feria infantil del cerebro\u201d  dirigido a ni\u00f1os del Jard\u00edn Eduardo Claparade en el poblado Alfredo V. Bonfil.\u0022 typeof=\u0022foaf:Image\u0022 class=\u0022img-fluid\u0022 \/\u003E\n\n  \u003C\/picture\u003E\n\n\u003C\/div\u003E\n      \n  \n\n      \u003Cdiv  class=\u0022boton-expander\u0022\u003E\n        \n                  \u003Cdiv class=\u0022item-list\u0022\u003E\u003Cul\u003E\u003Cli\u003E\u003Ca href=\u0022\/ds-switch-view-mode\/node\/22932\/media_collapsed?selector=view-mode-media_expanded\u0022 class=\u0022use-ajax\u0022\u003E\u2191\u003C\/a\u003E\u003C\/li\u003E\u003C\/ul\u003E\u003C\/div\u003E\n      \n  \n    \u003C\/div\u003E\n\n\n  \u003C\/div\u003E\n\n  \u003Cdiv class=\u0022area-info group-middle\u0022\u003E\n    \n\u003Cdiv  class=\u0022inner\u0022\u003E\n          \n                          \u003Ch2  class=\u0022titulo\u0022 \u003E\n        FCASI impulsa el conocimiento de las neurociencias en la Semana del Cerebro 2025\n\u003C\/h2\u003E\n      \n  \n\n    \n                          \u003Cdiv  class=\u0022resumen\u0022 \u003E\n      Se realizaron talleres, conferencias, nuerocine, demostraciones, concursos y encuentros entre estudiantes \u003C\/div\u003E\n      \n  \n\n\n\u003Cdiv  class=\u0022datos\u0022\u003E\n            \u003Cdiv  class=\u0022autor\u0022\u003E\n            \u003Cdiv  class=\u0022field-label-inline\u0022\u003EPor\u003C\/div\u003E\n  \n                  \u003Ca href=\u0022\/autores\/milthon-minor\u0022 hreflang=\u0022es\u0022\u003EMilthon Minor\u003C\/a\u003E\n      \n  \n    \u003C\/div\u003E\n\n      \u003Cdiv  class=\u0022campus\u0022\u003E\n            \u003Cdiv  class=\u0022field-label-inline\u0022\u003ECampus\u003C\/div\u003E\n  \n                  \u003Ca href=\u0022\/campus\/mexicali\u0022 hreflang=\u0022es\u0022\u003EMexicali\u003C\/a\u003E\n      \n  \n    \u003C\/div\u003E\n\n    \n                          \u003Cdiv  class=\u0022fecha\u0022 \u003E\n      1 de Abril de 2025\u003C\/div\u003E\n      \n  \n\n\n  \u003C\/div\u003E\n    \n                          \u003Cdiv  class=\u0022texto\u0022 \u003E\n      \u003Cp\u003ELa Facultad de Ciencias Administrativas, Sociales e Ingenier\u00eda (FCASI) de la Universidad Aut\u00f3noma de Baja California (UABC) celebr\u00f3 la Semana del Cerebro 2025 titulada \u201cNeuro-aventura: Conoce tu Cerebro\u0022, del 24 al 29 de marzo de 2025.\u003C\/p\u003E\n\n\u003Cp\u003EEsta actividad fue organizada por la doctora Cynthia Torres Gonz\u00e1lez, coordinadora de la licenciatura en Psicolog\u00eda con el equipo del Laboratorio de Neurociencias y Cognici\u00f3n. Esta semana se consolid\u00f3 como un espacio fundamental para la divulgaci\u00f3n sobre el sistema nervioso de nuestro cuerpo, a trav\u00e9s de talleres, conferencias, neurocine y concurso de carteles y maquetas.\u003C\/p\u003E\n\n\u003Cp\u003ELa directora de la Facultad de Ciencias Administrativas Sociales e Ingenier\u00eda, doctora Griselda Guill\u00e9n Ojeda, destac\u00f3 que \u201ceste tipo de actividades ponen a nuestro alcance conocimiento no solamente entendible, sino divertido sobre el funcionamiento del cerebro\u201d.\u003C\/p\u003E\n\n\u003Cp\u003EAdem\u00e1s, resalt\u00f3 la relevancia de incluir a la comunidad universitaria y, especialmente, a la comunidad del Valle de Mexicali en estas actividades, ya que se realizaron talleres en diferentes espacios como son: la secundaria 6 del Ejido Nuevo Le\u00f3n, el jard\u00edn de ni\u00f1os del poblado Alfredo V. Bonfil y el Centro de Atenci\u00f3n M\u00faltiple de Estaci\u00f3n Delta.\u003C\/p\u003E\n\n\u003Cp\u003EEsta es la tercera edici\u00f3n de la Semana del Cerebro en la FCASI que se caracteriz\u00f3 por la implementaci\u00f3n de actividades innovadoras dirigidas a ni\u00f1os, j\u00f3venes y mam\u00e1s, con proyectos como \u201cViaje al mundo de las neuronas: Feria infantil del cerebro\u201d, \u201cNeuRO-ruta: Un viaje por el cerebro y la comunidad\u201d y \u201cMam\u00e1 tu cerebro cambi\u00f3\u201d.\u003C\/p\u003E\n\n\u003Cp\u003EDentro de la FCASI se realiz\u00f3 el taller \u201cConecta con tu cerebro: Salud y bienestar\u201d dirigido a estudiantes de Educaci\u00f3n, Administraci\u00f3n, Psicolog\u00eda e Ingenier\u00eda, desarrollado por alumnos y egresados. Tambi\u00e9n se hizo una demostraci\u00f3n de \u201cAudiojuegos y percepci\u00f3n: Una experiencia m\u00e1s all\u00e1 de la vista\u201d. As\u00ed como el \u201cEncuentro de talentos emergentes en la investigaci\u00f3n en neurociencias\u201d, donde se reunieron estudiantes del Laboratorio de Neurociencias y Cognici\u00f3n y estudiantes del grupo de investigaci\u00f3n de CETyS Universidad.\u003C\/p\u003E\n\n\u003Cp\u003EPor \u00faltimo, el s\u00e1bado 29 de marzo, a trav\u00e9s del Facebook del laboratorio, alumnas y alumnos del sexto semestre de Psicolog\u00eda de la materia Psicolog\u00eda Comparada, expusieron creativos gr\u00e1ficos en una din\u00e1mica titulada \u201cCerebros Salvajes: La Ciencia de la Mente Animal. Muestra de materiales digitales de divulgaci\u00f3n\u201d.\u003C\/p\u003E\n\n\u003Cp\u003EDurante la semana se realizaron m\u00faltiples experiencias que dejaron huella no solo en quienes estudian Psicolog\u00eda, sino en toda la FCASI y zonas del valle de Mexicali.\u003C\/p\u003E\u003C\/div\u003E\n      \n  \n\n    \n            \u003Cdiv  class=\u0022palabras-clave\u0022\u003E\n                        \u003Ca href=\u0022\/tags\/psicologia\u0022 hreflang=\u0022es\u0022\u003EPsicolog\u00eda\u003C\/a\u003E\n                \u003Ca href=\u0022\/tags\/semana-del-cerebro\u0022 hreflang=\u0022es\u0022\u003ESemana del Cerebro \u003C\/a\u003E\n                \u003Ca href=\u0022\/tags\/fcasi-0\u0022 hreflang=\u0022es\u0022\u003EFCASI\u003C\/a\u003E\n                \u003Ca href=\u0022\/tags\/valle-de-mexicali\u0022 hreflang=\u0022es\u0022\u003EValle de Mexicali\u003C\/a\u003E\n                \u003Ca href=\u0022\/tags\/neurociencias\u0022 hreflang=\u0022es\u0022\u003ENeurociencias\u003C\/a\u003E\n      \n      \u003C\/div\u003E\n  \n\n\n  \u003C\/div\u003E\n\n  \u003C\/div\u003E\n\n  \u003Cdiv class=\u0022area-extras group-right\u0022\u003E\n        \n                          \u003Cdiv  class=\u0022enlace-blockBottom\u0022 \u003E\n      \u003Cdiv\u003EVer m\u00e1s \u003Ca href=\u0022http:\/\/gaceta.uabc.mx\/notas\u0022\u003ENotas\u003C\/a\u003E\u003C\/div\u003E\n\u003C\/div\u003E\n      \n  \n\n\n  \u003C\/div\u003E\n\n\u003C\/div\u003E\n\n","settings":null}]