[{"command":"settings","settings":{"pluralDelimiter":"\u0003","suppressDeprecationErrors":true,"ajaxPageState":{"libraries":"core\/drupal.ajax,core\/picturefill,ds\/ds_3col_equal_width","theme":"gaceta","theme_token":null},"ajaxTrustedUrl":[],"field_group":{"html_element":{"mode":"media_expanded","context":"view","settings":{"classes":"datos","show_empty_fields":false,"id":"","element":"div","show_label":false,"label_element":"h3","label_element_classes":"","attributes":"","effect":"none","speed":"fast"}}},"user":{"uid":0,"permissionsHash":"55dc977d165ab1e05e51b6cc6487f6d73e65ab536d99ee82c6990d9001d5c21c"}},"merge":true},{"command":"add_css","data":"\u003Clink rel=\u0022stylesheet\u0022 media=\u0022all\u0022 href=\u0022\/sites\/default\/files\/css\/css_mxJrjoKKAZuuB4_4f-B1u9VnFZxvSor3Az4JEdrFEso.css\u0022 \/\u003E\n\u003Clink rel=\u0022stylesheet\u0022 media=\u0022all\u0022 href=\u0022\/sites\/default\/files\/css\/css_-BXSGQpS8YTwwuXGbPoshUvZ7W-_HbYR3H7d0DA_mEY.css\u0022 \/\u003E\n\u003Clink rel=\u0022stylesheet\u0022 media=\u0022all\u0022 href=\u0022\/sites\/default\/files\/css\/css_89YreTu0npezhXSakRJR9TVHyBS9bTcyt0s3IckAe-M.css\u0022 \/\u003E\n"},{"command":"add_js","selector":"body","data":[{"src":"\/sites\/default\/files\/js\/js_9UaAhXvc9u0KYXXUw-OKyLP2baQxdV4zY3Y_KGurcvY.js"},{"src":"\/sites\/default\/files\/js\/js_oDJxUBLBzfRb_FDgNfkNOm9-tiatS2kNfxQIeVRZA7Y.js"},{"src":"\/sites\/default\/files\/js\/js_YM82KRuzNIr2X-Kb8pQW8cOcSbWgQ_QGKclTYJ_aMlI.js"},{"src":"\/sites\/default\/files\/js\/js_pqqsPPmPmxKgamY6qk_WSawtL05XH_yAY8GkPHVyahI.js"}]},{"command":"insert","method":"replaceWith","selector":".view-mode-full","data":"\u003Cdiv data-history-node-id=\u002222934\u0022 class=\u0022contenido view-mode-media_expanded ds-3col-equal clearfix\u0022\u003E\n\n  \n\n  \u003Cdiv class=\u0022area-medios group-left\u0022\u003E\n        \n                          \u003Cdiv  class=\u0022imagen\u0022 \u003E\n          \u003Cpicture\u003E\n                  \u003Csource srcset=\u0022\/sites\/default\/files\/styles\/max_650x650\/public\/notas\/2025-04-02\/98276034-1e0a-4157-b663-a3dd6aa7a4d2%20%281%29.webp?itok=7zTTXlKO 489w, \/sites\/default\/files\/styles\/max_1300x1300\/public\/notas\/2025-04-02\/98276034-1e0a-4157-b663-a3dd6aa7a4d2%20%281%29.webp?itok=1IVqOAub 978w, \/sites\/default\/files\/styles\/max_1900x1900\/public\/notas\/2025-04-02\/98276034-1e0a-4157-b663-a3dd6aa7a4d2%20%281%29.webp?itok=Mbw8qbwA 1429w\u0022 type=\u0022image\/webp\u0022 sizes=\u0022100vw\u0022\/\u003E\n              \u003Csource srcset=\u0022\/sites\/default\/files\/styles\/max_650x650\/public\/notas\/2025-04-02\/98276034-1e0a-4157-b663-a3dd6aa7a4d2%20%281%29.png?itok=7zTTXlKO 489w, \/sites\/default\/files\/styles\/max_1300x1300\/public\/notas\/2025-04-02\/98276034-1e0a-4157-b663-a3dd6aa7a4d2%20%281%29.png?itok=1IVqOAub 978w, \/sites\/default\/files\/styles\/max_1900x1900\/public\/notas\/2025-04-02\/98276034-1e0a-4157-b663-a3dd6aa7a4d2%20%281%29.png?itok=Mbw8qbwA 1429w\u0022 type=\u0022image\/png\u0022 sizes=\u0022100vw\u0022\/\u003E\n                  \u003Cimg srcset=\u0022\/sites\/default\/files\/styles\/max_650x650\/public\/notas\/2025-04-02\/98276034-1e0a-4157-b663-a3dd6aa7a4d2%20%281%29.png?itok=7zTTXlKO 489w, \/sites\/default\/files\/styles\/max_1300x1300\/public\/notas\/2025-04-02\/98276034-1e0a-4157-b663-a3dd6aa7a4d2%20%281%29.png?itok=1IVqOAub 978w, \/sites\/default\/files\/styles\/max_1900x1900\/public\/notas\/2025-04-02\/98276034-1e0a-4157-b663-a3dd6aa7a4d2%20%281%29.png?itok=Mbw8qbwA 1429w\u0022 sizes=\u0022100vw\u0022 src=\u0022\/sites\/default\/files\/styles\/max_1300x1300\/public\/notas\/2025-04-02\/98276034-1e0a-4157-b663-a3dd6aa7a4d2%20%281%29.png?itok=1IVqOAub\u0022 alt=\u0022doctor Marcos Alberto Coronado Ortega, acad\u00e9mico del Instituto de Ingenier\u00eda \u0022 typeof=\u0022foaf:Image\u0022 class=\u0022img-fluid\u0022 \/\u003E\n\n  \u003C\/picture\u003E\n\n\u003C\/div\u003E\n      \n  \n\n      \u003Cdiv  class=\u0022boton-expander\u0022\u003E\n        \n                  \u003Cdiv class=\u0022item-list\u0022\u003E\u003Cul\u003E\u003Cli\u003E\u003Ca href=\u0022\/ds-switch-view-mode\/node\/22934\/media_collapsed?selector=view-mode-media_expanded\u0022 class=\u0022use-ajax\u0022\u003E\u2191\u003C\/a\u003E\u003C\/li\u003E\u003C\/ul\u003E\u003C\/div\u003E\n      \n  \n    \u003C\/div\u003E\n\n\n  \u003C\/div\u003E\n\n  \u003Cdiv class=\u0022area-info group-middle\u0022\u003E\n    \n\u003Cdiv  class=\u0022inner\u0022\u003E\n          \n                          \u003Ch2  class=\u0022titulo\u0022 \u003E\n        Acad\u00e9mico de UABC particip\u00f3 en sesi\u00f3n de la ONU\n\u003C\/h2\u003E\n      \n  \n\n    \n                          \u003Cdiv  class=\u0022resumen\u0022 \u003E\n      En este evento global, se discutieron temas sobre igualdad de g\u00e9nero, liderazgo femenino y el empoderamiento de las mujeres\u003C\/div\u003E\n      \n  \n\n\n\u003Cdiv  class=\u0022datos\u0022\u003E\n            \u003Cdiv  class=\u0022autor\u0022\u003E\n            \u003Cdiv  class=\u0022field-label-inline\u0022\u003EPor\u003C\/div\u003E\n  \n                  \u003Ca href=\u0022\/autores\/gaceta-uabc\u0022 hreflang=\u0022es\u0022\u003EGaceta UABC\u003C\/a\u003E\n      \n  \n    \u003C\/div\u003E\n\n      \u003Cdiv  class=\u0022campus\u0022\u003E\n            \u003Cdiv  class=\u0022field-label-inline\u0022\u003ECampus\u003C\/div\u003E\n  \n                  \u003Ca href=\u0022\/campus\/mexicali\u0022 hreflang=\u0022es\u0022\u003EMexicali\u003C\/a\u003E\n      \n  \n    \u003C\/div\u003E\n\n    \n                          \u003Cdiv  class=\u0022fecha\u0022 \u003E\n      2 de Abril de 2025\u003C\/div\u003E\n      \n  \n\n\n  \u003C\/div\u003E\n    \n                          \u003Cdiv  class=\u0022texto\u0022 \u003E\n      \u003Cp\u003EEl doctor Marcos Alberto Coronado Ortega, acad\u00e9mico del Instituto de Ingenier\u00eda tuvo el honor de participar y representar a la Universidad Aut\u00f3noma de Baja California (UABC) como delegado en la sexag\u00e9sima novena sesi\u00f3n de la Comisi\u00f3n de la Condici\u00f3n Jur\u00eddica y Social de la Mujer (CSW69), celebrada del 10 al 15 de marzo de 2025 en la sede de las Naciones Unidas en Nueva York. Esta es la cuarta ocasi\u00f3n que participa en la ONU, anteriormente asisti\u00f3 a la CSW68 y la Cumbre del Futuro en 2024 y la CSW67 en 2023.\u003C\/p\u003E\n\n\u003Cp\u003EEl enfoque principal de esta Comisi\u00f3n fue la revisi\u00f3n y evaluaci\u00f3n de la implementaci\u00f3n de la Declaraci\u00f3n y Plataforma de Acci\u00f3n de Beijing, as\u00ed como de los resultados de la 23\u00aa sesi\u00f3n especial de la Asamblea General. Se analizaron los desaf\u00edos actuales que obstaculizan la plena aplicaci\u00f3n de la Plataforma de Acci\u00f3n y el logro de la igualdad de g\u00e9nero y el empoderamiento de las mujeres, destacando su papel fundamental en la consecuci\u00f3n de la Agenda 2030 para el Desarrollo Sostenible.\u003C\/p\u003E\n\n\u003Cp\u003EEste evento de relevancia global reuni\u00f3 a representantes de los Estados Miembros de la ONU, organizaciones de la sociedad civil y entidades de las Naciones Unidas, con el prop\u00f3sito de acordar medidas concretas para acelerar los avances en esta materia y garantizar el pleno ejercicio de los derechos de las mujeres en los \u00e1mbitos pol\u00edtico, econ\u00f3mico y social.\u003C\/p\u003E\n\n\u003Cp\u003ELas actividades incluyeron asambleas generales en la sede principal de la ONU, encuentros con el secretario general Ant\u00f3nio Guterres y la directora ejecutiva de ONU Mujeres, Sima Sami Bahous, as\u00ed como conferencias, mesas redondas y paneles de expertos con la participaci\u00f3n de organismos de la ONU, organizaciones del Consejo Econ\u00f3mico y Social de las Naciones Unidas (ECOSOC) y entidades acreditadas de la sociedad civil a nivel internacional.\u003C\/p\u003E\n\n\u003Cp\u003EDurante su participaci\u00f3n, asisti\u00f3 a di\u00e1logos estrat\u00e9gicos entre el secretario general Ant\u00f3nio Guterres y la directora ejecutiva Sima Sami Bahous con representantes de la sociedad civil, adem\u00e1s de intervenir en paneles y mesas redondas sobre temas clave como el liderazgo de las mujeres, la mejora de la calidad de vida de mujeres y ni\u00f1as, estrategias para amplificar sus voces, el papel de las mujeres en el futuro de las ciudades, la inversi\u00f3n en su liderazgo, salud mental, cuidados y bienestar, estrategias para crear un futuro en el cual todas las mujeres puedan prosperar, el acceso a financiamiento, educaci\u00f3n financiera y STEM y la alfabetizaci\u00f3n digital para mujeres.\u003C\/p\u003E\n\n\u003Cp\u003EEn un di\u00e1logo de alto nivel en el que particip\u00f3 denominado \u201c30 a\u00f1os de Beijing: El liderazgo efectivo y esp\u00edritu empresarial de las mujeres como motor de cambio\u201d, organizado por los gobiernos de Andorra, Chipre, Grecia, ONU Mujeres y la Asociaci\u00f3n de Familias y Mujeres del Medio Rural, le pregunt\u00f3 a Carmen Quintanilla Barba, quien preside esta \u00faltima organizaci\u00f3n, es una l\u00edder e impulsora del liderazgo de las mujeres tanto en Espa\u00f1a como en el mundo, \u00bfc\u00f3mo impulsar de manera efectiva liderazgo de las mujeres en el mundo? Su respuesta fue: \u201cEl liderazgo de las mujeres supone creer en nosotros mismas, querernos, saber que somos capaces de transformar el mundo. Ese fue el mensaje de la Naciones Unidas en la cuarta conferencia mundial de las mujeres. Transformemos el mundo. Y yo este a\u00f1o he pedido a las Naciones Unidas, el mundo ha sostenido a las mujeres, es importante que hoy las mujeres sostengan al mundo\u201d.\u00a0\u003C\/p\u003E\n\n\u003Cp\u003E\u201cEs importante que las mujeres crean en s\u00ed mismas y que reconozcan que tienen la capacidad para liderar sus vidas y transformar el mundo, adem\u00e1s de contar con recursos, programas y herramientas que les permitan desarrollar y catalizar su liderazgo\u201d, agreg\u00f3 el doctor Coronado.\u003C\/p\u003E\n\n\u003Cp\u003EAsimismo, estableci\u00f3 relaciones y v\u00ednculos con l\u00edderes globales de Estados Unidos de Am\u00e9rica, Alemania, Espa\u00f1a, Canad\u00e1, Guatemala, Bangladesh, Portugal, Sud\u00e1frica y Noruega, fortaleciendo la colaboraci\u00f3n internacional.\u003C\/p\u003E\n\n\u003Cp\u003EFinalmente, expres\u00f3 su agradecimiento a la UABC y al Instituto de Ingenier\u00eda por el apoyo brindado para hacer posible esta valiosa experiencia global.\u003C\/p\u003E\n\n\u003Cp\u003E\u003Cstrong\u003EFoto\u003C\/strong\u003E: Cortes\u00eda.\u003C\/p\u003E\u003C\/div\u003E\n      \n  \n\n    \n            \u003Cdiv  class=\u0022palabras-clave\u0022\u003E\n                        \u003Ca href=\u0022\/tags\/onu\u0022 hreflang=\u0022es\u0022\u003EONU\u003C\/a\u003E\n                \u003Ca href=\u0022\/tags\/mujeres-lideres\u0022 hreflang=\u0022es\u0022\u003EMujeres l\u00edderes\u003C\/a\u003E\n      \n      \u003C\/div\u003E\n  \n\n\n  \u003C\/div\u003E\n\n  \u003C\/div\u003E\n\n  \u003Cdiv class=\u0022area-extras group-right\u0022\u003E\n        \n                          \u003Cdiv  class=\u0022enlace-blockBottom\u0022 \u003E\n      \u003Cdiv\u003EVer m\u00e1s \u003Ca href=\u0022http:\/\/gaceta.uabc.mx\/notas\u0022\u003ENotas\u003C\/a\u003E\u003C\/div\u003E\n\u003C\/div\u003E\n      \n  \n\n\n  \u003C\/div\u003E\n\n\u003C\/div\u003E\n\n","settings":null}]