[{"command":"settings","settings":{"pluralDelimiter":"\u0003","suppressDeprecationErrors":true,"ajaxPageState":{"libraries":"core\/drupal.ajax,core\/picturefill,ds\/ds_3col_equal_width","theme":"gaceta","theme_token":null},"ajaxTrustedUrl":[],"field_group":{"html_element":{"mode":"media_expanded","context":"view","settings":{"classes":"datos","show_empty_fields":false,"id":"","element":"div","show_label":false,"label_element":"h3","label_element_classes":"","attributes":"","effect":"none","speed":"fast"}}},"user":{"uid":0,"permissionsHash":"55dc977d165ab1e05e51b6cc6487f6d73e65ab536d99ee82c6990d9001d5c21c"}},"merge":true},{"command":"add_css","data":"\u003Clink rel=\u0022stylesheet\u0022 media=\u0022all\u0022 href=\u0022\/sites\/default\/files\/css\/css_mxJrjoKKAZuuB4_4f-B1u9VnFZxvSor3Az4JEdrFEso.css\u0022 \/\u003E\n\u003Clink rel=\u0022stylesheet\u0022 media=\u0022all\u0022 href=\u0022\/sites\/default\/files\/css\/css_-BXSGQpS8YTwwuXGbPoshUvZ7W-_HbYR3H7d0DA_mEY.css\u0022 \/\u003E\n\u003Clink rel=\u0022stylesheet\u0022 media=\u0022all\u0022 href=\u0022\/sites\/default\/files\/css\/css_89YreTu0npezhXSakRJR9TVHyBS9bTcyt0s3IckAe-M.css\u0022 \/\u003E\n"},{"command":"add_js","selector":"body","data":[{"src":"\/sites\/default\/files\/js\/js_9UaAhXvc9u0KYXXUw-OKyLP2baQxdV4zY3Y_KGurcvY.js"},{"src":"\/sites\/default\/files\/js\/js_oDJxUBLBzfRb_FDgNfkNOm9-tiatS2kNfxQIeVRZA7Y.js"},{"src":"\/sites\/default\/files\/js\/js_YM82KRuzNIr2X-Kb8pQW8cOcSbWgQ_QGKclTYJ_aMlI.js"},{"src":"\/sites\/default\/files\/js\/js_pqqsPPmPmxKgamY6qk_WSawtL05XH_yAY8GkPHVyahI.js"}]},{"command":"insert","method":"replaceWith","selector":".view-mode-full","data":"\u003Cdiv data-history-node-id=\u002222939\u0022 class=\u0022contenido view-mode-media_expanded ds-3col-equal clearfix\u0022\u003E\n\n  \n\n  \u003Cdiv class=\u0022area-medios group-left\u0022\u003E\n        \n                          \u003Cdiv  class=\u0022imagen\u0022 \u003E\n          \u003Cpicture\u003E\n                  \u003Csource srcset=\u0022\/sites\/default\/files\/styles\/max_650x650\/public\/notas\/2025-04-03\/estancia-enfermeria.webp?itok=_t2lvpYH 650w, \/sites\/default\/files\/styles\/max_1300x1300\/public\/notas\/2025-04-03\/estancia-enfermeria.webp?itok=VmG9DG33 1300w, \/sites\/default\/files\/styles\/max_1900x1900\/public\/notas\/2025-04-03\/estancia-enfermeria.webp?itok=KcWtXojA 1615w\u0022 type=\u0022image\/webp\u0022 sizes=\u0022100vw\u0022\/\u003E\n              \u003Csource srcset=\u0022\/sites\/default\/files\/styles\/max_650x650\/public\/notas\/2025-04-03\/estancia-enfermeria.jpg?itok=_t2lvpYH 650w, \/sites\/default\/files\/styles\/max_1300x1300\/public\/notas\/2025-04-03\/estancia-enfermeria.jpg?itok=VmG9DG33 1300w, \/sites\/default\/files\/styles\/max_1900x1900\/public\/notas\/2025-04-03\/estancia-enfermeria.jpg?itok=KcWtXojA 1615w\u0022 type=\u0022image\/jpeg\u0022 sizes=\u0022100vw\u0022\/\u003E\n                  \u003Cimg srcset=\u0022\/sites\/default\/files\/styles\/max_650x650\/public\/notas\/2025-04-03\/estancia-enfermeria.jpg?itok=_t2lvpYH 650w, \/sites\/default\/files\/styles\/max_1300x1300\/public\/notas\/2025-04-03\/estancia-enfermeria.jpg?itok=VmG9DG33 1300w, \/sites\/default\/files\/styles\/max_1900x1900\/public\/notas\/2025-04-03\/estancia-enfermeria.jpg?itok=KcWtXojA 1615w\u0022 sizes=\u0022100vw\u0022 src=\u0022\/sites\/default\/files\/styles\/max_1300x1300\/public\/notas\/2025-04-03\/estancia-enfermeria.jpg?itok=VmG9DG33\u0022 alt=\u0022.\u0022 typeof=\u0022foaf:Image\u0022 class=\u0022img-fluid\u0022 \/\u003E\n\n  \u003C\/picture\u003E\n\n\u003C\/div\u003E\n      \n  \n\n      \u003Cdiv  class=\u0022boton-expander\u0022\u003E\n        \n                  \u003Cdiv class=\u0022item-list\u0022\u003E\u003Cul\u003E\u003Cli\u003E\u003Ca href=\u0022\/ds-switch-view-mode\/node\/22939\/media_collapsed?selector=view-mode-media_expanded\u0022 class=\u0022use-ajax\u0022\u003E\u2191\u003C\/a\u003E\u003C\/li\u003E\u003C\/ul\u003E\u003C\/div\u003E\n      \n  \n    \u003C\/div\u003E\n\n\n  \u003C\/div\u003E\n\n  \u003Cdiv class=\u0022area-info group-middle\u0022\u003E\n    \n\u003Cdiv  class=\u0022inner\u0022\u003E\n          \n                          \u003Ch2  class=\u0022titulo\u0022 \u003E\n        Estancia de investigaci\u00f3n refuerza colaboraci\u00f3n entre UAS y UABC en salud comunitaria\n\u003C\/h2\u003E\n      \n  \n\n    \n                          \u003Cdiv  class=\u0022resumen\u0022 \u003E\n      Investigadora de la UAS fortalece lazos durante estancia en Facultad de Enfermer\u00eda UABC\u003C\/div\u003E\n      \n  \n\n\n\u003Cdiv  class=\u0022datos\u0022\u003E\n            \u003Cdiv  class=\u0022autor\u0022\u003E\n            \u003Cdiv  class=\u0022field-label-inline\u0022\u003EPor\u003C\/div\u003E\n  \n                  \u003Ca href=\u0022\/autores\/lorena-simental-chavez-con-informacion-de-alma-angelica-villa-rueda\u0022 hreflang=\u0022es\u0022\u003ELorena Simental Chavez con informaci\u00f3n de Alma Angelica Villa Rueda\u003C\/a\u003E\n      \n  \n    \u003C\/div\u003E\n\n      \u003Cdiv  class=\u0022campus\u0022\u003E\n            \u003Cdiv  class=\u0022field-label-inline\u0022\u003ECampus\u003C\/div\u003E\n  \n                  \u003Ca href=\u0022\/campus\/mexicali\u0022 hreflang=\u0022es\u0022\u003EMexicali\u003C\/a\u003E\n      \n  \n    \u003C\/div\u003E\n\n    \n                          \u003Cdiv  class=\u0022fecha\u0022 \u003E\n      3 de Abril de 2025\u003C\/div\u003E\n      \n  \n\n\n  \u003C\/div\u003E\n    \n                          \u003Cdiv  class=\u0022texto\u0022 \u003E\n      \u003Cp\u003ELa doctora Carolina Vald\u00e9z Montero, profesora-investigadora de la Facultad de Enfermer\u00eda de Los Mochis de la Universidad Aut\u00f3noma de Sinaloa, realiz\u00f3 una estancia de investigaci\u00f3n en la Facultad de Enfermer\u00eda, entre el 25 de febrero al 4 de marzo del presente a\u00f1o.\u00a0\u003C\/p\u003E\n\n\u003Cp\u003EDurante este periodo desarroll\u00f3 propuestas de investigaci\u00f3n,\u00a0art\u00edculos y asesor\u00edas con estudiantes del programa de maestr\u00eda en Enfermer\u00eda en Salud Comunitaria, afianz\u00f3 colaboraciones en calidad de miembro del UAS-CA-351-salud mental y conducta de riesgo en poblaciones vulnerables, con la doctora Alma Ang\u00e9lica Villa Rueda, l\u00edder del CA-UABC-355-atenci\u00f3n y cuidado multidisciplinario.\u00a0\u003C\/p\u003E\n\n\u003Cp\u003ECon ello se fortalecen los lazos interinstitucionales y los perfiles en investigaci\u00f3n de las personas profesoras de tiempo completo de la unidad acad\u00e9mica.\u003C\/p\u003E\n\n\u003Cp\u003E\u003Cimg alt=\u0022Vista acad\u00e9mica\u0022 data-entity-type=\u0022file\u0022 data-entity-uuid=\u0022b8fdc75e-8cc5-4b64-af48-e59e1a1eb696\u0022 src=\u0022\/sites\/default\/files\/inline-images\/WhatsApp%20Image%202025-03-31%20at%205.23.55%20PM%20%281%29.jpeg\u0022 width=\u00221200\u0022 height=\u00221600\u0022 loading=\u0022lazy\u0022 \/\u003E\u003C\/p\u003E\u003C\/div\u003E\n      \n  \n\n    \n            \u003Cdiv  class=\u0022palabras-clave\u0022\u003E\n                        \u003Ca href=\u0022\/tags\/estancia-academica\u0022 hreflang=\u0022es\u0022\u003EEstancia Acad\u00e9mica\u003C\/a\u003E\n                \u003Ca href=\u0022\/tags\/facultad-de-enfermeria\u0022 hreflang=\u0022es\u0022\u003EFacultad de Enfermer\u00eda\u003C\/a\u003E\n      \n      \u003C\/div\u003E\n  \n\n\n  \u003C\/div\u003E\n\n  \u003C\/div\u003E\n\n  \u003Cdiv class=\u0022area-extras group-right\u0022\u003E\n        \n                          \u003Cdiv  class=\u0022enlace-blockBottom\u0022 \u003E\n      \u003Cdiv\u003EVer m\u00e1s \u003Ca href=\u0022http:\/\/gaceta.uabc.mx\/notas\u0022\u003ENotas\u003C\/a\u003E\u003C\/div\u003E\n\u003C\/div\u003E\n      \n  \n\n\n  \u003C\/div\u003E\n\n\u003C\/div\u003E\n\n","settings":null}]