[{"command":"settings","settings":{"pluralDelimiter":"\u0003","suppressDeprecationErrors":true,"ajaxPageState":{"libraries":"core\/drupal.ajax,core\/picturefill,ds\/ds_3col_equal_width","theme":"gaceta","theme_token":null},"ajaxTrustedUrl":[],"field_group":{"html_element":{"mode":"media_expanded","context":"view","settings":{"classes":"datos","show_empty_fields":false,"id":"","element":"div","show_label":false,"label_element":"h3","label_element_classes":"","attributes":"","effect":"none","speed":"fast"}}},"user":{"uid":0,"permissionsHash":"55dc977d165ab1e05e51b6cc6487f6d73e65ab536d99ee82c6990d9001d5c21c"}},"merge":true},{"command":"add_css","data":"\u003Clink rel=\u0022stylesheet\u0022 media=\u0022all\u0022 href=\u0022\/sites\/default\/files\/css\/css_mxJrjoKKAZuuB4_4f-B1u9VnFZxvSor3Az4JEdrFEso.css\u0022 \/\u003E\n\u003Clink rel=\u0022stylesheet\u0022 media=\u0022all\u0022 href=\u0022\/sites\/default\/files\/css\/css_-BXSGQpS8YTwwuXGbPoshUvZ7W-_HbYR3H7d0DA_mEY.css\u0022 \/\u003E\n\u003Clink rel=\u0022stylesheet\u0022 media=\u0022all\u0022 href=\u0022\/sites\/default\/files\/css\/css_89YreTu0npezhXSakRJR9TVHyBS9bTcyt0s3IckAe-M.css\u0022 \/\u003E\n"},{"command":"add_js","selector":"body","data":[{"src":"\/sites\/default\/files\/js\/js_9UaAhXvc9u0KYXXUw-OKyLP2baQxdV4zY3Y_KGurcvY.js"},{"src":"\/sites\/default\/files\/js\/js_oDJxUBLBzfRb_FDgNfkNOm9-tiatS2kNfxQIeVRZA7Y.js"},{"src":"\/sites\/default\/files\/js\/js_YM82KRuzNIr2X-Kb8pQW8cOcSbWgQ_QGKclTYJ_aMlI.js"},{"src":"\/sites\/default\/files\/js\/js_pqqsPPmPmxKgamY6qk_WSawtL05XH_yAY8GkPHVyahI.js"}]},{"command":"insert","method":"replaceWith","selector":".view-mode-full","data":"\u003Cdiv data-history-node-id=\u002223004\u0022 class=\u0022contenido view-mode-media_expanded ds-3col-equal clearfix\u0022\u003E\n\n  \n\n  \u003Cdiv class=\u0022area-medios group-left\u0022\u003E\n        \n                          \u003Cdiv  class=\u0022imagen\u0022 \u003E\n          \u003Cpicture\u003E\n                  \u003Csource srcset=\u0022\/sites\/default\/files\/styles\/max_650x650\/public\/notas\/2025-04-07\/WhatsApp%20Image%202025-04-07%20at%2007.00.45.webp?itok=aldLuIkV 650w, \/sites\/default\/files\/styles\/max_1900x1900\/public\/notas\/2025-04-07\/WhatsApp%20Image%202025-04-07%20at%2007.00.45.webp?itok=XYDTpmhh 1280w\u0022 type=\u0022image\/webp\u0022 sizes=\u0022100vw\u0022\/\u003E\n              \u003Csource srcset=\u0022\/sites\/default\/files\/styles\/max_650x650\/public\/notas\/2025-04-07\/WhatsApp%20Image%202025-04-07%20at%2007.00.45.jpeg?itok=aldLuIkV 650w, \/sites\/default\/files\/styles\/max_1900x1900\/public\/notas\/2025-04-07\/WhatsApp%20Image%202025-04-07%20at%2007.00.45.jpeg?itok=XYDTpmhh 1280w\u0022 type=\u0022image\/jpeg\u0022 sizes=\u0022100vw\u0022\/\u003E\n                  \u003Cimg srcset=\u0022\/sites\/default\/files\/styles\/max_650x650\/public\/notas\/2025-04-07\/WhatsApp%20Image%202025-04-07%20at%2007.00.45.jpeg?itok=aldLuIkV 650w, \/sites\/default\/files\/styles\/max_1900x1900\/public\/notas\/2025-04-07\/WhatsApp%20Image%202025-04-07%20at%2007.00.45.jpeg?itok=XYDTpmhh 1280w\u0022 sizes=\u0022100vw\u0022 src=\u0022\/sites\/default\/files\/styles\/max_1300x1300\/public\/notas\/2025-04-07\/WhatsApp%20Image%202025-04-07%20at%2007.00.45.jpeg?itok=upRR9GDJ\u0022 alt=\u0022Inici\u00f3 la primera generaci\u00f3n del Diplomado en Habilidades Directivas\u0022 typeof=\u0022foaf:Image\u0022 class=\u0022img-fluid\u0022 \/\u003E\n\n  \u003C\/picture\u003E\n\n\u003C\/div\u003E\n      \n  \n\n      \u003Cdiv  class=\u0022boton-expander\u0022\u003E\n        \n                  \u003Cdiv class=\u0022item-list\u0022\u003E\u003Cul\u003E\u003Cli\u003E\u003Ca href=\u0022\/ds-switch-view-mode\/node\/23004\/media_collapsed?selector=view-mode-media_expanded\u0022 class=\u0022use-ajax\u0022\u003E\u2191\u003C\/a\u003E\u003C\/li\u003E\u003C\/ul\u003E\u003C\/div\u003E\n      \n  \n    \u003C\/div\u003E\n\n\n  \u003C\/div\u003E\n\n  \u003Cdiv class=\u0022area-info group-middle\u0022\u003E\n    \n\u003Cdiv  class=\u0022inner\u0022\u003E\n          \n                          \u003Ch2  class=\u0022titulo\u0022 \u003E\n        Inici\u00f3 la primera generaci\u00f3n del Diplomado en Habilidades Directivas\n\u003C\/h2\u003E\n      \n  \n\n    \n                          \u003Cdiv  class=\u0022resumen\u0022 \u003E\n      En total se inscribieron 27 participantes, quienes actualmente son directores(as), coordinadores(as), responsables de \u00e1rea y asistentes administrativos\u003C\/div\u003E\n      \n  \n\n\n\u003Cdiv  class=\u0022datos\u0022\u003E\n            \u003Cdiv  class=\u0022autor\u0022\u003E\n            \u003Cdiv  class=\u0022field-label-inline\u0022\u003EPor\u003C\/div\u003E\n  \n                  \u003Ca href=\u0022\/autores\/rosario-jimenez-amezcua\u0022 hreflang=\u0022es\u0022\u003ERosario Jim\u00e9nez Amezcua\u003C\/a\u003E\n      \n  \n    \u003C\/div\u003E\n\n      \u003Cdiv  class=\u0022campus\u0022\u003E\n            \u003Cdiv  class=\u0022field-label-inline\u0022\u003ECampus\u003C\/div\u003E\n  \n                  \u003Ca href=\u0022\/campus\/mexicali\u0022 hreflang=\u0022es\u0022\u003EMexicali\u003C\/a\u003E\n      \n  \n    \u003C\/div\u003E\n\n    \n                          \u003Cdiv  class=\u0022fecha\u0022 \u003E\n      7 de Abril de 2025\u003C\/div\u003E\n      \n  \n\n\n  \u003C\/div\u003E\n    \n                          \u003Cdiv  class=\u0022texto\u0022 \u003E\n      \u003Cp\u003EEl Centro de Educaci\u00f3n Continua UABC en coorganizaci\u00f3n con la Direcci\u00f3n de Formaci\u00f3n y Desarrollo Profesional de la Universidad Aut\u00f3noma de Nuevo Le\u00f3n (UANL), dieron la bienvenida a las y los participantes de la primera generaci\u00f3n del Diplomado en Habilidades Directivas, programa de educaci\u00f3n continua logrado mediante la suma de esfuerzos de ambas instituciones educativas.\u003C\/p\u003E\n\n\u003Cp\u003EEn total se inscribieron 27 participantes, quienes actualmente son directores(as), coordinadores(as), responsables de \u00e1rea y asistentes administrativos.\u003C\/p\u003E\n\n\u003Cp\u003EEn su mensaje de bienvenida, el maestro Francisco Gonzalo D\u00edaz Gonz\u00e1lez, coordinador del Departamento de Educaci\u00f3n Continua\u00a0de la UANL, dio la bienvenida a las y los participantes al diplomado y extern\u00f3 sus felicitaciones por iniciar una nueva faceta en su vida laboral.\u003C\/p\u003E\n\n\u003Cp\u003EExpres\u00f3 que el diplomado, es un programa que responde a los retos que hay en la actualidad y est\u00e1 pensado en lograr que las y los participantes sean personas de alto desempe\u00f1o.\u003C\/p\u003E\n\n\u003Cp\u003E\u201cEs una propuesta dise\u00f1ada para formar directivos(as) de alto desempe\u00f1o, integra en su contenido los elementos clave o herramientas para implementar con \u00e9xito las estrategias establecidas por las organizaciones, para desarrollarse a trav\u00e9s del tiempo, en ambientes competitivos y de cambio constante\u201d, explic\u00f3.\u003C\/p\u003E\n\n\u003Cp\u003E\u201cPara la Unesco, la formaci\u00f3n en la educaci\u00f3n es la clave para lograr que las personas se desarrollen y tengan una mejor calidad de vida, adem\u00e1s son la mejor y la m\u00e1s segura inversi\u00f3n de los recursos, ya que impacta en todos los sectores que conforman nuestra sociedad\u0022, a\u00f1adi\u00f3.\u003C\/p\u003E\n\n\u003Cp\u003EDe igual manera, el doctor David Guadalupe Toledo Sarracino, coordinador del Centro de Educaci\u00f3n Continua UABC, extern\u00f3 a las y los participantes las felicitaciones de parte del doctor Luis Enrique Palafox Maestre, rector de la UABC y de la maestra Edith Montiel Ayala en calidad de presidenta de la Comisi\u00f3n Especial de Educaci\u00f3n Continua y Secretar\u00eda General de la UABC.\u003C\/p\u003E\n\n\u003Cp\u003EEl doctor Toledo expres\u00f3 la importancia que tiene este diplomado para la Universidad: \u201cPara la Universidad Aut\u00f3noma de Baja California y en especial para el Centro de Educaci\u00f3n Continua UABC, nos dimos a la tarea de buscar programas insignias para conocer la nueva oferta dirigida a nuestra propia comunidad, pero tambi\u00e9n a la comunidad externa\u201d.\u003C\/p\u003E\n\n\u003Cp\u003EDestac\u00f3 que este diplomado\u003Cstrong\u003E\u00a0\u003C\/strong\u003Einsignia no se hab\u00eda dado dentro de la estructura universitaria durante mucho tiempo. \u201cAntes, la Direcci\u00f3n General de Extensi\u00f3n Universitaria y la Direcci\u00f3n de Asuntos Acad\u00e9micos ten\u00edan programas de formaci\u00f3n de l\u00edderes, pero un curso hecho a la medida a las necesidades de la Universidad, es este Diplomado en Habilidades Directivas que, en conjunto con la Direcci\u00f3n de Formaci\u00f3n y Desarrollo Profesional, que es el \u00e1rea hom\u00f3loga en la UANL con la UABC, tuvimos a bien acordar hacer este Diplomado insignia para una primera generaci\u00f3n\u201d, puntualiz\u00f3.\u003C\/p\u003E\n\n\u003Cp\u003EPara dar inicio con el M\u00f3dulo l. Alineaci\u00f3n de estrategias con enfoque a metas y evaluaci\u00f3n del desempe\u00f1o por KPIs o OKR, se cont\u00f3 con la participaci\u00f3n del maestro Juan Mu\u00f1os R\u00edos, quien es licenciado en Psicolog\u00eda por la Universidad Aut\u00f3noma de Nuevo Le\u00f3n (UANL).\u003C\/p\u003E\n\n\u003Cp\u003ETambi\u00e9n estuvieron presentes la doctora Raquel Rodr\u00edguez Gonz\u00e1lez, doctora en Derecho con orientaci\u00f3n en Derecho Procesal (Summa Cum Laude); el doctor Eduardo Leal Beltr\u00e1n, psic\u00f3logo organizacional con una destaca trayectoria en Docencia, Consultor\u00eda e Investigaci\u00f3n, y el doctor H\u00e9ctor Garza, quien es Contador P\u00fablico Auditor y maestro en Administraci\u00f3n de Empresas por la UANL.\u003C\/p\u003E\n\n\u003Cp\u003E\u003Cstrong\u003ESemblanza\u003C\/strong\u003E\u003C\/p\u003E\n\n\u003Cp\u003EEl maestro Juan Mu\u00f1os R\u00edos, tiene estudios de Maestr\u00eda en Desarrollo Organizacional por la Universidad de Monterrey (UDEM) y en Psicolog\u00eda Laboral Organizacional por la UANL. Cuenta con m\u00e1s de 40 a\u00f1os de experiencia profesional, ha trabajado en diversas organizaciones en \u00e1reas clave como Planeaci\u00f3n y Desarrollo de Recursos Humanos, Capacitaci\u00f3n, Compensaciones, Seguridad, Salud y Medio Ambiente, as\u00ed como en Calidad y Productividad.\u003C\/p\u003E\n\n\u003Cp\u003ELa doctora Raquel Rodr\u00edguez Gonz\u00e1lez, cuenta con las maestr\u00edas en M\u00e9todos Alternos de Soluci\u00f3n de Controversias y Criminolog\u00eda, ambas con menci\u00f3n honor\u00edfica por la UANL. Ha sido docente de Tiempo Completo en la Facultad de Psicolog\u00eda de la UANL desde el 2015 y profesora de Psicolog\u00eda Judicial. Posee amplia experiencia en el sector p\u00fablico y privado, destac\u00e1ndose en administraci\u00f3n, medici\u00f3n, consultor\u00eda legal e inmobiliaria.\u003C\/p\u003E\n\n\u003Cp\u003EEl doctor Eduardo Leal Beltr\u00e1n, es licenciado en Psicolog\u00eda por la Universidad Aut\u00f3noma de Nuevo Le\u00f3n (UANL). Cuenta con maestr\u00eda en Desarrollo Organizacional y Ciencias de la Educaci\u00f3n por la Universidad de Monterrey, adem\u00e1s de un Doctorado en Psicolog\u00eda Organizacional por Yorker International University. Tambi\u00e9n pose\u00e9 un certificado en Alta Direcci\u00f3n por el Instituto Tecnol\u00f3gico y de Estudios Superiores de Monterrey (ITESM).\u003C\/p\u003E\n\n\u003Cp\u003EEl doctor H\u00e9ctor Garza, cuenta con estudios de Maestr\u00eda y Doctorado en Contabilidad y Auditor\u00eda en la Universidad de Cantabria. Tiene m\u00e1s de 32 a\u00f1os de experiencia en finanzas, costos, presupuestos y auditoria en los sectores p\u00fablico y privado.\u00a0\u003C\/p\u003E\n\n\u003Cp\u003E\u00a0\u003C\/p\u003E\u003C\/div\u003E\n      \n  \n\n    \n            \u003Cdiv  class=\u0022palabras-clave\u0022\u003E\n                        \u003Ca href=\u0022\/tags\/diplomado-en-habilidades-directivas\u0022 hreflang=\u0022es\u0022\u003EDiplomado en Habilidades Directivas\u003C\/a\u003E\n                \u003Ca href=\u0022\/tags\/educacion-continua\u0022 hreflang=\u0022es\u0022\u003EEducaci\u00f3n continua\u003C\/a\u003E\n                \u003Ca href=\u0022\/tags\/estrategias\u0022 hreflang=\u0022es\u0022\u003EEstrategias\u003C\/a\u003E\n                \u003Ca href=\u0022\/tags\/kpis-o-okr\u0022 hreflang=\u0022es\u0022\u003EKPIs o OKR\u003C\/a\u003E\n                \u003Ca href=\u0022\/tags\/formar-lideres\u0022 hreflang=\u0022es\u0022\u003EFormar L\u00edderes \u003C\/a\u003E\n                \u003Ca href=\u0022\/tags\/alto-desempeno\u0022 hreflang=\u0022es\u0022\u003EAlto desempe\u00f1o\u003C\/a\u003E\n      \n      \u003C\/div\u003E\n  \n\n\n  \u003C\/div\u003E\n\n  \u003C\/div\u003E\n\n  \u003Cdiv class=\u0022area-extras group-right\u0022\u003E\n        \n                          \u003Cdiv  class=\u0022enlace-blockBottom\u0022 \u003E\n      \u003Cdiv\u003EVer m\u00e1s \u003Ca href=\u0022http:\/\/gaceta.uabc.mx\/notas\u0022\u003ENotas\u003C\/a\u003E\u003C\/div\u003E\n\u003C\/div\u003E\n      \n  \n\n\n  \u003C\/div\u003E\n\n\u003C\/div\u003E\n\n","settings":null}]