[{"command":"settings","settings":{"pluralDelimiter":"\u0003","suppressDeprecationErrors":true,"ajaxPageState":{"libraries":"core\/drupal.ajax,core\/picturefill,ds\/ds_3col_equal_width","theme":"gaceta","theme_token":null},"ajaxTrustedUrl":[],"field_group":{"html_element":{"mode":"media_expanded","context":"view","settings":{"classes":"datos","show_empty_fields":false,"id":"","element":"div","show_label":false,"label_element":"h3","label_element_classes":"","attributes":"","effect":"none","speed":"fast"}}},"user":{"uid":0,"permissionsHash":"55dc977d165ab1e05e51b6cc6487f6d73e65ab536d99ee82c6990d9001d5c21c"}},"merge":true},{"command":"add_css","data":"\u003Clink rel=\u0022stylesheet\u0022 media=\u0022all\u0022 href=\u0022\/sites\/default\/files\/css\/css_mxJrjoKKAZuuB4_4f-B1u9VnFZxvSor3Az4JEdrFEso.css\u0022 \/\u003E\n\u003Clink rel=\u0022stylesheet\u0022 media=\u0022all\u0022 href=\u0022\/sites\/default\/files\/css\/css_-BXSGQpS8YTwwuXGbPoshUvZ7W-_HbYR3H7d0DA_mEY.css\u0022 \/\u003E\n\u003Clink rel=\u0022stylesheet\u0022 media=\u0022all\u0022 href=\u0022\/sites\/default\/files\/css\/css_89YreTu0npezhXSakRJR9TVHyBS9bTcyt0s3IckAe-M.css\u0022 \/\u003E\n"},{"command":"add_js","selector":"body","data":[{"src":"\/sites\/default\/files\/js\/js_9UaAhXvc9u0KYXXUw-OKyLP2baQxdV4zY3Y_KGurcvY.js"},{"src":"\/sites\/default\/files\/js\/js_oDJxUBLBzfRb_FDgNfkNOm9-tiatS2kNfxQIeVRZA7Y.js"},{"src":"\/sites\/default\/files\/js\/js_YM82KRuzNIr2X-Kb8pQW8cOcSbWgQ_QGKclTYJ_aMlI.js"},{"src":"\/sites\/default\/files\/js\/js_pqqsPPmPmxKgamY6qk_WSawtL05XH_yAY8GkPHVyahI.js"}]},{"command":"insert","method":"replaceWith","selector":".view-mode-full","data":"\u003Cdiv data-history-node-id=\u002223006\u0022 class=\u0022contenido view-mode-media_expanded ds-3col-equal clearfix\u0022\u003E\n\n  \n\n  \u003Cdiv class=\u0022area-medios group-left\u0022\u003E\n        \n                          \u003Cdiv  class=\u0022imagen\u0022 \u003E\n          \u003Cpicture\u003E\n                  \u003Csource srcset=\u0022\/sites\/default\/files\/styles\/max_650x650\/public\/notas\/2025-04-07\/6_DraGraciela-01-01.webp?itok=ANah85CC 650w, \/sites\/default\/files\/styles\/max_1300x1300\/public\/notas\/2025-04-07\/6_DraGraciela-01-01.webp?itok=lGCgv38O 1300w, \/sites\/default\/files\/styles\/max_1900x1900\/public\/notas\/2025-04-07\/6_DraGraciela-01-01.webp?itok=ljplfgpw 1900w\u0022 type=\u0022image\/webp\u0022 sizes=\u0022100vw\u0022\/\u003E\n              \u003Csource srcset=\u0022\/sites\/default\/files\/styles\/max_650x650\/public\/notas\/2025-04-07\/6_DraGraciela-01-01.jpg?itok=ANah85CC 650w, \/sites\/default\/files\/styles\/max_1300x1300\/public\/notas\/2025-04-07\/6_DraGraciela-01-01.jpg?itok=lGCgv38O 1300w, \/sites\/default\/files\/styles\/max_1900x1900\/public\/notas\/2025-04-07\/6_DraGraciela-01-01.jpg?itok=ljplfgpw 1900w\u0022 type=\u0022image\/jpeg\u0022 sizes=\u0022100vw\u0022\/\u003E\n                  \u003Cimg srcset=\u0022\/sites\/default\/files\/styles\/max_650x650\/public\/notas\/2025-04-07\/6_DraGraciela-01-01.jpg?itok=ANah85CC 650w, \/sites\/default\/files\/styles\/max_1300x1300\/public\/notas\/2025-04-07\/6_DraGraciela-01-01.jpg?itok=lGCgv38O 1300w, \/sites\/default\/files\/styles\/max_1900x1900\/public\/notas\/2025-04-07\/6_DraGraciela-01-01.jpg?itok=ljplfgpw 1900w\u0022 sizes=\u0022100vw\u0022 src=\u0022\/sites\/default\/files\/styles\/max_1300x1300\/public\/notas\/2025-04-07\/6_DraGraciela-01-01.jpg?itok=lGCgv38O\u0022 alt=\u0022Foto IIDE \u0022 typeof=\u0022foaf:Image\u0022 class=\u0022img-fluid\u0022 \/\u003E\n\n  \u003C\/picture\u003E\n\n\u003C\/div\u003E\n      \n  \n\n      \u003Cdiv  class=\u0022boton-expander\u0022\u003E\n        \n                  \u003Cdiv class=\u0022item-list\u0022\u003E\u003Cul\u003E\u003Cli\u003E\u003Ca href=\u0022\/ds-switch-view-mode\/node\/23006\/media_collapsed?selector=view-mode-media_expanded\u0022 class=\u0022use-ajax\u0022\u003E\u2191\u003C\/a\u003E\u003C\/li\u003E\u003C\/ul\u003E\u003C\/div\u003E\n      \n  \n    \u003C\/div\u003E\n\n\n  \u003C\/div\u003E\n\n  \u003Cdiv class=\u0022area-info group-middle\u0022\u003E\n    \n\u003Cdiv  class=\u0022inner\u0022\u003E\n          \n                          \u003Ch2  class=\u0022titulo\u0022 \u003E\n        Investigadora del IIDE imparti\u00f3 conferencia en las jornadas de di\u00e1logo organizadas por la Secretar\u00eda de Educaci\u00f3n P\u00fablica\n\u003C\/h2\u003E\n      \n  \n\n    \n                          \u003Cdiv  class=\u0022resumen\u0022 \u003E\n      Habl\u00f3 sobre un proyecto de investigaci\u00f3n realizado desde la Unidad de Diagn\u00f3stico e Investigaci\u00f3n Educativa del IIDE\u003C\/div\u003E\n      \n  \n\n\n\u003Cdiv  class=\u0022datos\u0022\u003E\n            \u003Cdiv  class=\u0022autor\u0022\u003E\n            \u003Cdiv  class=\u0022field-label-inline\u0022\u003EPor\u003C\/div\u003E\n  \n                  \u003Ca href=\u0022\/autores\/yuver-maceda-bravo\u0022 hreflang=\u0022es\u0022\u003EYuver Maceda Bravo \u003C\/a\u003E\n      \n  \n    \u003C\/div\u003E\n\n      \u003Cdiv  class=\u0022campus\u0022\u003E\n            \u003Cdiv  class=\u0022field-label-inline\u0022\u003ECampus\u003C\/div\u003E\n  \n                  \u003Ca href=\u0022\/campus\/ensenada\u0022 hreflang=\u0022es\u0022\u003EEnsenada\u003C\/a\u003E\n      \n  \n    \u003C\/div\u003E\n\n    \n                          \u003Cdiv  class=\u0022fecha\u0022 \u003E\n      7 de Abril de 2025\u003C\/div\u003E\n      \n  \n\n\n  \u003C\/div\u003E\n    \n                          \u003Cdiv  class=\u0022texto\u0022 \u003E\n      \u003Cp\u003EEn el marco de las actividades de las Jornadas de di\u00e1logo: Perspectivas, vivencias y posibilidades del Consejo T\u00e9cnico Escolar en la nueva escuela mexicana, organizadas por la Secretar\u00eda de Educaci\u00f3n P\u00fablica (SEP) en coordinaci\u00f3n con el Instituto Latinoamericano de la Comunicaci\u00f3n Educativa (ILCE), la doctora Graciela Cordero Arroyo, Investigadora del Instituto de Investigaci\u00f3n y Desarrollo Educativo (IIDE) de la UABC, present\u00f3 la conferencia \u201cHallazgos sobre el funcionamiento del Consejo T\u00e9cnico Escolar en el proceso de apropiaci\u00f3n del Plan de Estudios 2022\u201d.\u003C\/p\u003E\n\n\u003Cp\u003ELas jornadas dirigidas a agentes educativos, maestros, directores, supervisores, personas investigadoras, formadoras de docentes, autoridades educativas de las entidades federativas y miembros de las comunidades de educaci\u00f3n b\u00e1sica del pa\u00eds, tienen como objetivo propiciar el desarrollo de procesos de reflexi\u00f3n, an\u00e1lisis, discusi\u00f3n y di\u00e1logo acerca del Consejo T\u00e9cnico Escolar (CTE) como espacio de trabajo colegiado de las y los maestros.\u00a0 \u00a0 \u00a0 \u00a0\u00a0\u003C\/p\u003E\n\n\u003Cp\u003ELa conferencia de la doctora Cordero Arroyo forma parte de la serie de seis jornadas y se present\u00f3 el pasado 3 de abril de 2025 en modalidad virtual a trav\u00e9s de las plataformas digitales de la SEP e ILSEtv. En su participaci\u00f3n habl\u00f3 sobre el proyecto de investigaci\u00f3n \u201cContextualizaci\u00f3n y apropiaci\u00f3n de la nueva propuesta curricular 2022 en Baja California. Ciclo escolar 2022-2023\u201d realizado desde la Unidad de Diagn\u00f3stico e Investigaci\u00f3n Educativa (UDIE) del IIDE a iniciativa de la Secretar\u00eda de Educaci\u00f3n de Baja California en el marco del convenio vigente entre la UABC y el Instituto de Servicios Educativos y Pedag\u00f3gicos de Baja California (ISEP).\u003C\/p\u003E\n\n\u003Cp\u003ELa doctora Cordero Arroyo destac\u00f3 los principales hallazgos de observaciones de las sesiones y talleres de formaci\u00f3n continua del CTE durante el ciclo escolar 2022-2023, as\u00ed como de las entrevistas a directivos escolares en relaci\u00f3n a los retos que enfrentaron las y los docentes en el proceso de conocimiento y apropiaci\u00f3n del nuevo plan de estudios del 2022. La conferencia completa se puede visualizar en: \u003Ca href=\u0022https:\/\/www.youtube.com\/watch?v=vFeWYpYykQo\u0022\u003Ehttps:\/\/www.youtube.com\/watch?v=vFeWYpYykQo\u003C\/a\u003E\u003C\/p\u003E\n\n\u003Cp\u003ELos investigadores involucrados en el proyecto fueron: doctora Graciela Cordero Arroyo, quien fungi\u00f3 como responsable t\u00e9cnica, y como investigadores asociados estuvieron la doctora Guadalupe Tinajero Villavicencio, doctor Juan P\u00e1ez C\u00e1rdenas, doctor Sergio Gerardo Malaga Villegas, maestra Roxana Le\u00f3n Ch\u00e1vez, maestra Maribel Campos Mu\u00f1uzuri y doctora Glenda Delgado Gast\u00e9lum.\u003C\/p\u003E\n\n\u003Cp\u003ECabe destacar que la UDIE proporciona a la Secretar\u00eda informaci\u00f3n que sirve como insumo para la toma de decisiones y, de esta forma, la universidad contribuye significativamente a la mejora del sistema educativo en la entidad. As\u00ed se da cabal cumplimiento del convenio firmado en mayo de 2022 entre la Universidad Aut\u00f3noma de Baja California (UABC) y la Secretar\u00eda de Educaci\u00f3n de Baja California.\u003C\/p\u003E\n\n\u003Cp\u003EEl programa de las Jornadas de di\u00e1logo, que contin\u00faan hasta el 29 de mayo de 2025, se puede consultar en el siguiente enlace:\u003C\/p\u003E\n\n\u003Cp\u003E\u003Ca href=\u0022https:\/\/gestion.cte.sep.gob.mx\/insumos\/docs\/2425_s6_Jornada_de_Dialogo_PROP_A_11.pdf?1742487060455\u0022\u003Ehttps:\/\/gestion.cte.sep.gob.mx\/insumos\/docs\/2425_s6_Jornada_de_Dialogo_PROP_A_11.pdf?1742487060455\u003C\/a\u003E\u003C\/p\u003E\u003C\/div\u003E\n      \n  \n\n    \n            \u003Cdiv  class=\u0022palabras-clave\u0022\u003E\n                        \u003Ca href=\u0022\/tags\/sep\u0022 hreflang=\u0022es\u0022\u003ESEP\u003C\/a\u003E\n                \u003Ca href=\u0022\/tags\/investigacion\u0022 hreflang=\u0022es\u0022\u003EInvestigaci\u00f3n\u003C\/a\u003E\n                \u003Ca href=\u0022\/tags\/udie\u0022 hreflang=\u0022es\u0022\u003EUDIE \u003C\/a\u003E\n      \n      \u003C\/div\u003E\n  \n\n\n  \u003C\/div\u003E\n\n  \u003C\/div\u003E\n\n  \u003Cdiv class=\u0022area-extras group-right\u0022\u003E\n        \n                          \u003Cdiv  class=\u0022enlace-blockBottom\u0022 \u003E\n      \u003Cdiv\u003EVer m\u00e1s \u003Ca href=\u0022http:\/\/gaceta.uabc.mx\/notas\u0022\u003ENotas\u003C\/a\u003E\u003C\/div\u003E\n\u003C\/div\u003E\n      \n  \n\n\n  \u003C\/div\u003E\n\n\u003C\/div\u003E\n\n","settings":null}]