[{"command":"settings","settings":{"pluralDelimiter":"\u0003","suppressDeprecationErrors":true,"ajaxPageState":{"libraries":"core\/drupal.ajax,core\/picturefill,ds\/ds_3col_equal_width","theme":"gaceta","theme_token":null},"ajaxTrustedUrl":[],"field_group":{"html_element":{"mode":"media_expanded","context":"view","settings":{"classes":"datos","show_empty_fields":false,"id":"","element":"div","show_label":false,"label_element":"h3","label_element_classes":"","attributes":"","effect":"none","speed":"fast"}}},"user":{"uid":0,"permissionsHash":"55dc977d165ab1e05e51b6cc6487f6d73e65ab536d99ee82c6990d9001d5c21c"}},"merge":true},{"command":"add_css","data":"\u003Clink rel=\u0022stylesheet\u0022 media=\u0022all\u0022 href=\u0022\/sites\/default\/files\/css\/css_mxJrjoKKAZuuB4_4f-B1u9VnFZxvSor3Az4JEdrFEso.css\u0022 \/\u003E\n\u003Clink rel=\u0022stylesheet\u0022 media=\u0022all\u0022 href=\u0022\/sites\/default\/files\/css\/css_-BXSGQpS8YTwwuXGbPoshUvZ7W-_HbYR3H7d0DA_mEY.css\u0022 \/\u003E\n\u003Clink rel=\u0022stylesheet\u0022 media=\u0022all\u0022 href=\u0022\/sites\/default\/files\/css\/css_89YreTu0npezhXSakRJR9TVHyBS9bTcyt0s3IckAe-M.css\u0022 \/\u003E\n"},{"command":"add_js","selector":"body","data":[{"src":"\/sites\/default\/files\/js\/js_9UaAhXvc9u0KYXXUw-OKyLP2baQxdV4zY3Y_KGurcvY.js"},{"src":"\/sites\/default\/files\/js\/js_oDJxUBLBzfRb_FDgNfkNOm9-tiatS2kNfxQIeVRZA7Y.js"},{"src":"\/sites\/default\/files\/js\/js_YM82KRuzNIr2X-Kb8pQW8cOcSbWgQ_QGKclTYJ_aMlI.js"},{"src":"\/sites\/default\/files\/js\/js_pqqsPPmPmxKgamY6qk_WSawtL05XH_yAY8GkPHVyahI.js"}]},{"command":"insert","method":"replaceWith","selector":".view-mode-full","data":"\u003Cdiv data-history-node-id=\u002223008\u0022 class=\u0022contenido view-mode-media_expanded ds-3col-equal clearfix\u0022\u003E\n\n  \n\n  \u003Cdiv class=\u0022area-medios group-left\u0022\u003E\n        \n                          \u003Cdiv  class=\u0022imagen\u0022 \u003E\n          \u003Cpicture\u003E\n                  \u003Csource srcset=\u0022\/sites\/default\/files\/styles\/max_650x650\/public\/notas\/2025-04-07\/Dise%C3%B1o%20sin%20t%C3%ADtulo.webp?itok=cdhGTKjU 650w, \/sites\/default\/files\/styles\/max_1300x1300\/public\/notas\/2025-04-07\/Dise%C3%B1o%20sin%20t%C3%ADtulo.webp?itok=DyT48Jlw 1300w, \/sites\/default\/files\/styles\/max_1900x1900\/public\/notas\/2025-04-07\/Dise%C3%B1o%20sin%20t%C3%ADtulo.webp?itok=_52WeSy8 1420w\u0022 type=\u0022image\/webp\u0022 sizes=\u0022100vw\u0022\/\u003E\n              \u003Csource srcset=\u0022\/sites\/default\/files\/styles\/max_650x650\/public\/notas\/2025-04-07\/Dise%C3%B1o%20sin%20t%C3%ADtulo.jpg?itok=cdhGTKjU 650w, \/sites\/default\/files\/styles\/max_1300x1300\/public\/notas\/2025-04-07\/Dise%C3%B1o%20sin%20t%C3%ADtulo.jpg?itok=DyT48Jlw 1300w, \/sites\/default\/files\/styles\/max_1900x1900\/public\/notas\/2025-04-07\/Dise%C3%B1o%20sin%20t%C3%ADtulo.jpg?itok=_52WeSy8 1420w\u0022 type=\u0022image\/jpeg\u0022 sizes=\u0022100vw\u0022\/\u003E\n                  \u003Cimg srcset=\u0022\/sites\/default\/files\/styles\/max_650x650\/public\/notas\/2025-04-07\/Dise%C3%B1o%20sin%20t%C3%ADtulo.jpg?itok=cdhGTKjU 650w, \/sites\/default\/files\/styles\/max_1300x1300\/public\/notas\/2025-04-07\/Dise%C3%B1o%20sin%20t%C3%ADtulo.jpg?itok=DyT48Jlw 1300w, \/sites\/default\/files\/styles\/max_1900x1900\/public\/notas\/2025-04-07\/Dise%C3%B1o%20sin%20t%C3%ADtulo.jpg?itok=_52WeSy8 1420w\u0022 sizes=\u0022100vw\u0022 src=\u0022\/sites\/default\/files\/styles\/max_1300x1300\/public\/notas\/2025-04-07\/Dise%C3%B1o%20sin%20t%C3%ADtulo.jpg?itok=DyT48Jlw\u0022 alt=\u0022Estudiantes de Dise\u00f1o Industrial participan en destacada jornada acad\u00e9mica sobre dise\u00f1o y ciencias de la Tierra\u0022 typeof=\u0022foaf:Image\u0022 class=\u0022img-fluid\u0022 \/\u003E\n\n  \u003C\/picture\u003E\n\n\u003C\/div\u003E\n      \n  \n\n      \u003Cdiv  class=\u0022boton-expander\u0022\u003E\n        \n                  \u003Cdiv class=\u0022item-list\u0022\u003E\u003Cul\u003E\u003Cli\u003E\u003Ca href=\u0022\/ds-switch-view-mode\/node\/23008\/media_collapsed?selector=view-mode-media_expanded\u0022 class=\u0022use-ajax\u0022\u003E\u2191\u003C\/a\u003E\u003C\/li\u003E\u003C\/ul\u003E\u003C\/div\u003E\n      \n  \n    \u003C\/div\u003E\n\n\n  \u003C\/div\u003E\n\n  \u003Cdiv class=\u0022area-info group-middle\u0022\u003E\n    \n\u003Cdiv  class=\u0022inner\u0022\u003E\n          \n                          \u003Ch2  class=\u0022titulo\u0022 \u003E\n        Estudiantes de Dise\u00f1o Industrial participaron en destacada jornada acad\u00e9mica sobre dise\u00f1o y ciencias de la Tierra\n\u003C\/h2\u003E\n      \n  \n\n    \n                          \u003Cdiv  class=\u0022resumen\u0022 \u003E\n      Cimarrones formaron parte de la VI Semana Acad\u00e9mica de Ciencias de la Tierra\u003C\/div\u003E\n      \n  \n\n\n\u003Cdiv  class=\u0022datos\u0022\u003E\n            \u003Cdiv  class=\u0022autor\u0022\u003E\n            \u003Cdiv  class=\u0022field-label-inline\u0022\u003EPor\u003C\/div\u003E\n  \n                  \u003Ca href=\u0022\/autores\/elias-castillo\u0022 hreflang=\u0022es\u0022\u003EEl\u00edas Castillo\u003C\/a\u003E\n      \n  \n    \u003C\/div\u003E\n\n      \u003Cdiv  class=\u0022campus\u0022\u003E\n            \u003Cdiv  class=\u0022field-label-inline\u0022\u003ECampus\u003C\/div\u003E\n  \n                  \u003Ca href=\u0022\/campus\/tijuana\u0022 hreflang=\u0022es\u0022\u003ETijuana\u003C\/a\u003E\n      \n  \n    \u003C\/div\u003E\n\n    \n                          \u003Cdiv  class=\u0022fecha\u0022 \u003E\n      7 de Abril de 2025\u003C\/div\u003E\n      \n  \n\n\n  \u003C\/div\u003E\n    \n                          \u003Cdiv  class=\u0022texto\u0022 \u003E\n      \u003Cp\u003EEl pasado 1 de abril del 2025, estudiantes de sexto y s\u00e9ptimo semestre de la carrera de Dise\u00f1o Industrial, de la Facultad de Ciencias de la Ingenier\u00eda y Tecnolog\u00eda (FCITEC), campus Tijuana, participaron en la VI Semana Acad\u00e9mica de Ciencias de la Tierra; evento organizado por estudiantes del Instituto Tecnol\u00f3gico de Tijuana en colaboraci\u00f3n con Todos Somos Dise\u00f1o, un grupo dedicado a la promoci\u00f3n de plataformas enfocadas en el dise\u00f1o e ingenier\u00eda.\u003C\/p\u003E\n\n\u003Cp\u003EComo parte del itinerario semanal, se ofrecieron, talleres, concursos y diversas actividades centradas en el desarrollo de las disciplinas proyectuales. En su segundo d\u00eda, el evento comenz\u00f3 con el bloque \u201cTodos Somos Dise\u00f1o\u201d, con la charla de \u201cM\u00e9todos Participativos y Apropiaci\u00f3n del Lenguaje de Dise\u00f1o: Una Perspectiva Queer\u201d, impartida por el maestro Alejandro Daniel Murga Gonz\u00e1lez, coordinador de Dise\u00f1o Industrial en la FCITEC. Quien en su ponencia abord\u00f3 la importancia de adoptar un enfoque inclusivo en los procesos de dise\u00f1o como una herramienta para la emancipaci\u00f3n social.\u003C\/p\u003E\n\n\u003Cp\u003EContinuando con la agenda de los eventos, las y los estudiantes participaron en una repentina de dibujo inspirada en la tem\u00e1tica del Ballet Tri\u00e1dico, una emblem\u00e1tica representaci\u00f3n esc\u00e9nica con gran significado en la historia del dise\u00f1o, originada en la Bauhaus, la primera escuela moderna de esta disciplina. Dirigido por el maestro Daniel M\u00e1rquez S\u00e1nchez, quien evalu\u00f3 las participaciones y otorg\u00f3 el primer y tercer lugar a los cimarrones Rigo Demian Robledo Mena y Shalom Obed Maldonado Perpuly, respectivamente. Tras el concurso, el alumnado de la FCITEC tuvo la oportunidad de interactuar con otros estudiantes y docentes de distintas instituciones que acudieron al evento intercambiando ideas sobre los desaf\u00edos del dise\u00f1o en la regi\u00f3n\u003C\/p\u003E\n\n\u003Cp\u003EPara concluir la jornada, el grupo de sexto semestre, de la asignatura Laboratorio de Ergonom\u00eda, realiz\u00f3 una visita al Laboratorio de Innovaci\u00f3n Social en Salud de la Facultad de Medicina y Psicolog\u00eda (FMyP) de la UABC, unidad Otay. El prop\u00f3sito fue conocer los fundamentos de la antropometr\u00eda y su aplicaci\u00f3n en el dise\u00f1o de soluciones ergon\u00f3micas.\u003C\/p\u003E\n\n\u003Cp\u003EDurante la visita, la doctora Isaura Lara Arenas explic\u00f3 el impacto del laboratorio y el potencial de la manufactura aditiva en el \u00e1mbito de la salud, destacando su relaci\u00f3n con el dise\u00f1o. Para concluir la sesi\u00f3n, el maestro Murga utiliz\u00f3 un esqueleto did\u00e1ctico para repasar los principales puntos antropom\u00e9tricos y los criterios establecidos por la Asociaci\u00f3n Internacional para el Avance de la Cineantropometr\u00eda (ISAK). Con esta participaci\u00f3n, los y las estudiantes de la FCITEC ampliaron su perspectiva sobre el dise\u00f1o y su impacto en diversas \u00e1reas, consolidando conocimientos clave para su formaci\u00f3n profesional.\u003C\/p\u003E\u003C\/div\u003E\n      \n  \n\n    \n            \u003Cdiv  class=\u0022palabras-clave\u0022\u003E\n                        \u003Ca href=\u0022\/tags\/ciencia\u0022 hreflang=\u0022es\u0022\u003ECiencia\u003C\/a\u003E\n                \u003Ca href=\u0022\/tags\/tecnologia\u0022 hreflang=\u0022es\u0022\u003ETecnolog\u00eda\u003C\/a\u003E\n                \u003Ca href=\u0022\/tags\/diseno\u0022 hreflang=\u0022es\u0022\u003EDise\u00f1o\u003C\/a\u003E\n                \u003Ca href=\u0022\/tags\/ingenieria\u0022 hreflang=\u0022es\u0022\u003EIngenier\u00eda\u003C\/a\u003E\n      \n      \u003C\/div\u003E\n  \n\n\n  \u003C\/div\u003E\n\n  \u003C\/div\u003E\n\n  \u003Cdiv class=\u0022area-extras group-right\u0022\u003E\n        \n                          \u003Cdiv  class=\u0022enlace-blockBottom\u0022 \u003E\n      \u003Cdiv\u003EVer m\u00e1s \u003Ca href=\u0022http:\/\/gaceta.uabc.mx\/notas\u0022\u003ENotas\u003C\/a\u003E\u003C\/div\u003E\n\u003C\/div\u003E\n      \n  \n\n\n  \u003C\/div\u003E\n\n\u003C\/div\u003E\n\n","settings":null}]