[{"command":"settings","settings":{"pluralDelimiter":"\u0003","suppressDeprecationErrors":true,"ajaxPageState":{"libraries":"core\/drupal.ajax,core\/picturefill,ds\/ds_3col_equal_width","theme":"gaceta","theme_token":null},"ajaxTrustedUrl":[],"field_group":{"html_element":{"mode":"media_expanded","context":"view","settings":{"classes":"datos","show_empty_fields":false,"id":"","element":"div","show_label":false,"label_element":"h3","label_element_classes":"","attributes":"","effect":"none","speed":"fast"}}},"user":{"uid":0,"permissionsHash":"55dc977d165ab1e05e51b6cc6487f6d73e65ab536d99ee82c6990d9001d5c21c"}},"merge":true},{"command":"add_css","data":"\u003Clink rel=\u0022stylesheet\u0022 media=\u0022all\u0022 href=\u0022\/sites\/default\/files\/css\/css_mxJrjoKKAZuuB4_4f-B1u9VnFZxvSor3Az4JEdrFEso.css\u0022 \/\u003E\n\u003Clink rel=\u0022stylesheet\u0022 media=\u0022all\u0022 href=\u0022\/sites\/default\/files\/css\/css_-BXSGQpS8YTwwuXGbPoshUvZ7W-_HbYR3H7d0DA_mEY.css\u0022 \/\u003E\n\u003Clink rel=\u0022stylesheet\u0022 media=\u0022all\u0022 href=\u0022\/sites\/default\/files\/css\/css_89YreTu0npezhXSakRJR9TVHyBS9bTcyt0s3IckAe-M.css\u0022 \/\u003E\n"},{"command":"add_js","selector":"body","data":[{"src":"\/sites\/default\/files\/js\/js_9UaAhXvc9u0KYXXUw-OKyLP2baQxdV4zY3Y_KGurcvY.js"},{"src":"\/sites\/default\/files\/js\/js_oDJxUBLBzfRb_FDgNfkNOm9-tiatS2kNfxQIeVRZA7Y.js"},{"src":"\/sites\/default\/files\/js\/js_YM82KRuzNIr2X-Kb8pQW8cOcSbWgQ_QGKclTYJ_aMlI.js"},{"src":"\/sites\/default\/files\/js\/js_pqqsPPmPmxKgamY6qk_WSawtL05XH_yAY8GkPHVyahI.js"}]},{"command":"insert","method":"replaceWith","selector":".view-mode-full","data":"\u003Cdiv data-history-node-id=\u002223035\u0022 class=\u0022contenido view-mode-media_expanded ds-3col-equal clearfix\u0022\u003E\n\n  \n\n  \u003Cdiv class=\u0022area-medios group-left\u0022\u003E\n        \n                          \u003Cdiv  class=\u0022imagen\u0022 \u003E\n          \u003Cpicture\u003E\n                  \u003Csource srcset=\u0022\/sites\/default\/files\/styles\/max_650x650\/public\/notas\/2025-04-09\/Portada%20Gaceta%20Conferencia%20Luis%20Gonz%C3%A1lez%20y%20Gonz%C3%A1lez.webp?itok=CjVReT2E 650w, \/sites\/default\/files\/styles\/max_1300x1300\/public\/notas\/2025-04-09\/Portada%20Gaceta%20Conferencia%20Luis%20Gonz%C3%A1lez%20y%20Gonz%C3%A1lez.webp?itok=sNA2Geq1 1300w, \/sites\/default\/files\/styles\/max_1900x1900\/public\/notas\/2025-04-09\/Portada%20Gaceta%20Conferencia%20Luis%20Gonz%C3%A1lez%20y%20Gonz%C3%A1lez.webp?itok=6brXKoM_ 1420w\u0022 type=\u0022image\/webp\u0022 sizes=\u0022100vw\u0022\/\u003E\n              \u003Csource srcset=\u0022\/sites\/default\/files\/styles\/max_650x650\/public\/notas\/2025-04-09\/Portada%20Gaceta%20Conferencia%20Luis%20Gonz%C3%A1lez%20y%20Gonz%C3%A1lez.png?itok=CjVReT2E 650w, \/sites\/default\/files\/styles\/max_1300x1300\/public\/notas\/2025-04-09\/Portada%20Gaceta%20Conferencia%20Luis%20Gonz%C3%A1lez%20y%20Gonz%C3%A1lez.png?itok=sNA2Geq1 1300w, \/sites\/default\/files\/styles\/max_1900x1900\/public\/notas\/2025-04-09\/Portada%20Gaceta%20Conferencia%20Luis%20Gonz%C3%A1lez%20y%20Gonz%C3%A1lez.png?itok=6brXKoM_ 1420w\u0022 type=\u0022image\/png\u0022 sizes=\u0022100vw\u0022\/\u003E\n                  \u003Cimg srcset=\u0022\/sites\/default\/files\/styles\/max_650x650\/public\/notas\/2025-04-09\/Portada%20Gaceta%20Conferencia%20Luis%20Gonz%C3%A1lez%20y%20Gonz%C3%A1lez.png?itok=CjVReT2E 650w, \/sites\/default\/files\/styles\/max_1300x1300\/public\/notas\/2025-04-09\/Portada%20Gaceta%20Conferencia%20Luis%20Gonz%C3%A1lez%20y%20Gonz%C3%A1lez.png?itok=sNA2Geq1 1300w, \/sites\/default\/files\/styles\/max_1900x1900\/public\/notas\/2025-04-09\/Portada%20Gaceta%20Conferencia%20Luis%20Gonz%C3%A1lez%20y%20Gonz%C3%A1lez.png?itok=6brXKoM_ 1420w\u0022 sizes=\u0022100vw\u0022 src=\u0022\/sites\/default\/files\/styles\/max_1300x1300\/public\/notas\/2025-04-09\/Portada%20Gaceta%20Conferencia%20Luis%20Gonz%C3%A1lez%20y%20Gonz%C3%A1lez.png?itok=sNA2Geq1\u0022 alt=\u0022portada homenaje al historiador Luis Gonz\u00e1lez y Gonz\u00e1lez por el centenario de su nacimiento\u0022 typeof=\u0022foaf:Image\u0022 class=\u0022img-fluid\u0022 \/\u003E\n\n  \u003C\/picture\u003E\n\n\u003C\/div\u003E\n      \n  \n\n      \u003Cdiv  class=\u0022boton-expander\u0022\u003E\n        \n                  \u003Cdiv class=\u0022item-list\u0022\u003E\u003Cul\u003E\u003Cli\u003E\u003Ca href=\u0022\/ds-switch-view-mode\/node\/23035\/media_collapsed?selector=view-mode-media_expanded\u0022 class=\u0022use-ajax\u0022\u003E\u2191\u003C\/a\u003E\u003C\/li\u003E\u003C\/ul\u003E\u003C\/div\u003E\n      \n  \n    \u003C\/div\u003E\n\n\n  \u003C\/div\u003E\n\n  \u003Cdiv class=\u0022area-info group-middle\u0022\u003E\n    \n\u003Cdiv  class=\u0022inner\u0022\u003E\n          \n                          \u003Ch2  class=\u0022titulo\u0022 \u003E\n        Homenaje al historiador Luis Gonz\u00e1lez y Gonz\u00e1lez por el centenario de su nacimiento\n\u003C\/h2\u003E\n      \n  \n\n    \n                          \u003Cdiv  class=\u0022resumen\u0022 \u003E\n      La conferencia reuni\u00f3 a destacados acad\u00e9micos para reflexionar sobre su legado en la historiograf\u00eda mexicana\u003C\/div\u003E\n      \n  \n\n\n\u003Cdiv  class=\u0022datos\u0022\u003E\n            \u003Cdiv  class=\u0022autor\u0022\u003E\n            \u003Cdiv  class=\u0022field-label-inline\u0022\u003EPor\u003C\/div\u003E\n  \n                  \u003Ca href=\u0022\/autores\/guadalupe-tapia-vela-0\u0022 hreflang=\u0022es\u0022\u003EGuadalupe Tapia Vela\u003C\/a\u003E\n      \n  \n    \u003C\/div\u003E\n\n      \u003Cdiv  class=\u0022campus\u0022\u003E\n            \u003Cdiv  class=\u0022field-label-inline\u0022\u003ECampus\u003C\/div\u003E\n  \n                  \u003Ca href=\u0022\/campus\/tijuana\u0022 hreflang=\u0022es\u0022\u003ETijuana\u003C\/a\u003E\n      \n  \n    \u003C\/div\u003E\n\n    \n                          \u003Cdiv  class=\u0022fecha\u0022 \u003E\n      9 de Abril de 2025\u003C\/div\u003E\n      \n  \n\n\n  \u003C\/div\u003E\n    \n                          \u003Cdiv  class=\u0022texto\u0022 \u003E\n      \u003Cp\u003EEl pasado mi\u00e9rcoles 8 de abril, la Facultad de Humanidades y Ciencias Sociales (FHyCS), llev\u00f3 a cabo la conferencia \u201cLuis Gonz\u00e1lez y Gonz\u00e1lez en el centenario de su nacimiento (1925-2025): Historia y Literatura\u201d, la cual cont\u00f3 con la participaci\u00f3n del doctor Jos\u00e9 Mari\u00e1 Muri\u00e1 y el doctor David Pi\u00f1era.\u00a0\u003C\/p\u003E\n\n\u003Cp\u003EDurante la charla, el doctor Jos\u00e9 Mar\u00eda Muri\u00e1 record\u00f3 su primer acercamiento a Luis Gonz\u00e1lez en El Colegio de M\u00e9xico, donde dijo: \u201cse le miraba con cierto desd\u00e9n por su decisi\u00f3n de investigar la historia de su pueblo natal, San Jos\u00e9 de Gracia, en lugar de aceptar encargos oficiales m\u00e1s ambiciosos\u201d. No obstante, esa aparente \u201cterquedad provinciana\u201d dar\u00eda origen a su obra m\u00e1s famosa, \u003Cem\u003EPueblo en vilo: microhistoria de San Jos\u00e9 de Gracia\u003C\/em\u003E, uno de los libros mexicanos que se ha traducido a m\u00e1s idiomas y que m\u00e1s ha influido en el desarrollo de un moderno, saludable y muy \u00fatil ejercicio de la microhistoriograf\u00eda, que mucho ha contribuido a un mejor entendimiento del pasado y presente de nuestra patria.\u003C\/p\u003E\n\n\u003Cp\u003EMuri\u00e1 destac\u00f3 el impacto que tuvo esta obra no solo en la academia, sino tambi\u00e9n en el propio pueblo de San Jos\u00e9 de Gracia, cuya identidad se fortaleci\u00f3 a partir de la publicaci\u00f3n del libro. La introducci\u00f3n del texto, calificada como \u201ctrascendental\u201d, fue objeto de elogio por su capacidad de proponer un nuevo enfoque para entender la historia desde lo local, lo \u00edntimo y lo cotidiano. Tambi\u00e9n rememor\u00f3 el impulso que \u003Cem\u003EPueblo en vilo\u003C\/em\u003E\u00a0recibi\u00f3 entre los estudiantes de historia en Guadalajara, donde \u00e9l mismo lo adopt\u00f3 como lectura obligatoria en sus cursos.\u003C\/p\u003E\n\n\u003Cp\u003EEl doctor David Pi\u00f1era, por su parte, consider\u00f3 que celebrar el centenario de Gonz\u00e1lez es tambi\u00e9n una oportunidad para invitar a nuevas generaciones a estudiar la historia desde sus ra\u00edces m\u00e1s cercanas. Subray\u00f3 que la microhistoria no es una versi\u00f3n menor de la historia general, sino un camino metodol\u00f3gico riguroso, valioso y profundamente formativo para los historiadores.\u003C\/p\u003E\n\n\u003Cp\u003EAdem\u00e1s, se resaltaron otras contribuciones de Gonz\u00e1lez, como su participaci\u00f3n en la Historia m\u00ednima de M\u00e9xico, sus ensayos sobre el liberalismo, la econom\u00eda y la identidad ind\u00edgena, as\u00ed como la fundaci\u00f3n de El Colegio de Michoac\u00e1n en 1979. El evento no solo rindi\u00f3 homenaje al autor, sino que reafirm\u00f3 la vigencia de su obra y pensamiento en el estudio cr\u00edtico del pasado mexicano.\u003C\/p\u003E\n\n\u003Cp\u003E\u00a0\u003C\/p\u003E\u003C\/div\u003E\n      \n  \n\n    \n            \u003Cdiv  class=\u0022palabras-clave\u0022\u003E\n                        \u003Ca href=\u0022\/tags\/homenaje\u0022 hreflang=\u0022es\u0022\u003EHomenaje\u003C\/a\u003E\n                \u003Ca href=\u0022\/tags\/historiador\u0022 hreflang=\u0022es\u0022\u003EHistoriador\u003C\/a\u003E\n                \u003Ca href=\u0022\/tags\/historia-mexicana\u0022 hreflang=\u0022es\u0022\u003EHistoria mexicana\u003C\/a\u003E\n      \n      \u003C\/div\u003E\n  \n\n\n  \u003C\/div\u003E\n\n  \u003C\/div\u003E\n\n  \u003Cdiv class=\u0022area-extras group-right\u0022\u003E\n        \n                          \u003Cdiv  class=\u0022enlace-blockBottom\u0022 \u003E\n      \u003Cdiv\u003EVer m\u00e1s \u003Ca href=\u0022http:\/\/gaceta.uabc.mx\/notas\u0022\u003ENotas\u003C\/a\u003E\u003C\/div\u003E\n\u003C\/div\u003E\n      \n  \n\n\n  \u003C\/div\u003E\n\n\u003C\/div\u003E\n\n","settings":null}]