[{"command":"settings","settings":{"pluralDelimiter":"\u0003","suppressDeprecationErrors":true,"ajaxPageState":{"libraries":"core\/drupal.ajax,core\/picturefill,ds\/ds_3col_equal_width","theme":"gaceta","theme_token":null},"ajaxTrustedUrl":[],"field_group":{"html_element":{"mode":"media_expanded","context":"view","settings":{"classes":"datos","show_empty_fields":false,"id":"","element":"div","show_label":false,"label_element":"h3","label_element_classes":"","attributes":"","effect":"none","speed":"fast"}}},"user":{"uid":0,"permissionsHash":"55dc977d165ab1e05e51b6cc6487f6d73e65ab536d99ee82c6990d9001d5c21c"}},"merge":true},{"command":"add_css","data":"\u003Clink rel=\u0022stylesheet\u0022 media=\u0022all\u0022 href=\u0022\/sites\/default\/files\/css\/css_mxJrjoKKAZuuB4_4f-B1u9VnFZxvSor3Az4JEdrFEso.css\u0022 \/\u003E\n\u003Clink rel=\u0022stylesheet\u0022 media=\u0022all\u0022 href=\u0022\/sites\/default\/files\/css\/css_-BXSGQpS8YTwwuXGbPoshUvZ7W-_HbYR3H7d0DA_mEY.css\u0022 \/\u003E\n\u003Clink rel=\u0022stylesheet\u0022 media=\u0022all\u0022 href=\u0022\/sites\/default\/files\/css\/css_89YreTu0npezhXSakRJR9TVHyBS9bTcyt0s3IckAe-M.css\u0022 \/\u003E\n"},{"command":"add_js","selector":"body","data":[{"src":"\/sites\/default\/files\/js\/js_9UaAhXvc9u0KYXXUw-OKyLP2baQxdV4zY3Y_KGurcvY.js"},{"src":"\/sites\/default\/files\/js\/js_oDJxUBLBzfRb_FDgNfkNOm9-tiatS2kNfxQIeVRZA7Y.js"},{"src":"\/sites\/default\/files\/js\/js_YM82KRuzNIr2X-Kb8pQW8cOcSbWgQ_QGKclTYJ_aMlI.js"},{"src":"\/sites\/default\/files\/js\/js_pqqsPPmPmxKgamY6qk_WSawtL05XH_yAY8GkPHVyahI.js"}]},{"command":"insert","method":"replaceWith","selector":".view-mode-full","data":"\u003Cdiv data-history-node-id=\u002223100\u0022 class=\u0022contenido view-mode-media_expanded ds-3col-equal clearfix\u0022\u003E\n\n  \n\n  \u003Cdiv class=\u0022area-medios group-left\u0022\u003E\n        \n                          \u003Cdiv  class=\u0022imagen\u0022 \u003E\n          \u003Cpicture\u003E\n                  \u003Csource srcset=\u0022\/sites\/default\/files\/styles\/max_650x650\/public\/notas\/2025-04-29\/2K6A8270.webp?itok=c6FMHuIv 650w, \/sites\/default\/files\/styles\/max_1300x1300\/public\/notas\/2025-04-29\/2K6A8270.webp?itok=G9-RaW9X 1300w, \/sites\/default\/files\/styles\/max_1900x1900\/public\/notas\/2025-04-29\/2K6A8270.webp?itok=pCIFySWv 1900w\u0022 type=\u0022image\/webp\u0022 sizes=\u0022100vw\u0022\/\u003E\n              \u003Csource srcset=\u0022\/sites\/default\/files\/styles\/max_650x650\/public\/notas\/2025-04-29\/2K6A8270.jpg?itok=c6FMHuIv 650w, \/sites\/default\/files\/styles\/max_1300x1300\/public\/notas\/2025-04-29\/2K6A8270.jpg?itok=G9-RaW9X 1300w, \/sites\/default\/files\/styles\/max_1900x1900\/public\/notas\/2025-04-29\/2K6A8270.jpg?itok=pCIFySWv 1900w\u0022 type=\u0022image\/jpeg\u0022 sizes=\u0022100vw\u0022\/\u003E\n                  \u003Cimg srcset=\u0022\/sites\/default\/files\/styles\/max_650x650\/public\/notas\/2025-04-29\/2K6A8270.jpg?itok=c6FMHuIv 650w, \/sites\/default\/files\/styles\/max_1300x1300\/public\/notas\/2025-04-29\/2K6A8270.jpg?itok=G9-RaW9X 1300w, \/sites\/default\/files\/styles\/max_1900x1900\/public\/notas\/2025-04-29\/2K6A8270.jpg?itok=pCIFySWv 1900w\u0022 sizes=\u0022100vw\u0022 src=\u0022\/sites\/default\/files\/styles\/max_1300x1300\/public\/notas\/2025-04-29\/2K6A8270.jpg?itok=G9-RaW9X\u0022 alt=\u0022doctora Yessica Mart\u00ednez Soto, coordinadora de la Unidad de G\u00e9nero, Diversidad e Inclusi\u00f3n Educativa de la UABC y doctora Marina del Pilar Olmeda Garc\u00eda, organizadora de la Jornada de Valores. \u0022 typeof=\u0022foaf:Image\u0022 class=\u0022img-fluid\u0022 \/\u003E\n\n  \u003C\/picture\u003E\n\n\u003C\/div\u003E\n      \n  \n\n      \u003Cdiv  class=\u0022boton-expander\u0022\u003E\n        \n                  \u003Cdiv class=\u0022item-list\u0022\u003E\u003Cul\u003E\u003Cli\u003E\u003Ca href=\u0022\/ds-switch-view-mode\/node\/23100\/media_collapsed?selector=view-mode-media_expanded\u0022 class=\u0022use-ajax\u0022\u003E\u2191\u003C\/a\u003E\u003C\/li\u003E\u003C\/ul\u003E\u003C\/div\u003E\n      \n  \n    \u003C\/div\u003E\n\n\n  \u003C\/div\u003E\n\n  \u003Cdiv class=\u0022area-info group-middle\u0022\u003E\n    \n\u003Cdiv  class=\u0022inner\u0022\u003E\n          \n                          \u003Ch2  class=\u0022titulo\u0022 \u003E\n        Inauguran en la Facultad de Derecho Mexicali la Jornada de Valores\n\u003C\/h2\u003E\n      \n  \n\n    \n                          \u003Cdiv  class=\u0022resumen\u0022 \u003E\n      Se celebra la d\u00e9cimo quinta edici\u00f3n de esta jornada, un espacio de reflexi\u00f3n \u00e9tica, inclusi\u00f3n y construcci\u00f3n de ciudadan\u00eda, abierto a toda la comunidad universitaria\u003C\/div\u003E\n      \n  \n\n\n\u003Cdiv  class=\u0022datos\u0022\u003E\n            \u003Cdiv  class=\u0022autor\u0022\u003E\n            \u003Cdiv  class=\u0022field-label-inline\u0022\u003EPor\u003C\/div\u003E\n  \n                  \u003Ca href=\u0022\/autores\/andrea-ruiz-laureano-0\u0022 hreflang=\u0022es\u0022\u003EAndrea Ruiz Laureano \u003C\/a\u003E\n      \n  \n    \u003C\/div\u003E\n\n      \u003Cdiv  class=\u0022campus\u0022\u003E\n            \u003Cdiv  class=\u0022field-label-inline\u0022\u003ECampus\u003C\/div\u003E\n  \n                  \u003Ca href=\u0022\/campus\/mexicali\u0022 hreflang=\u0022es\u0022\u003EMexicali\u003C\/a\u003E\n      \n  \n    \u003C\/div\u003E\n\n    \n                          \u003Cdiv  class=\u0022fecha\u0022 \u003E\n      29 de Abril de 2025\u003C\/div\u003E\n      \n  \n\n\n  \u003C\/div\u003E\n    \n                          \u003Cdiv  class=\u0022texto\u0022 \u003E\n      \u003Cp\u003ECon el prop\u00f3sito de fortalecer en la comunidad universitaria la cultura de paz, el respeto a los derechos humanos y la responsabilidad social, la Facultad de Derecho Mexicali, inaugur\u00f3 la d\u00e9cimo quinta Jornada de Valores, que se desarrollar\u00e1 del 28 al 30 de abril.\u003C\/p\u003E\n\n\u003Cp\u003ELa ceremonia de apertura se llev\u00f3 a cabo en el Aula Magna Ana Mar\u00eda Trueba S\u00e1nchez de la Facultad, donde la directora, doctora Ana Edith Canales Murillo, dio la bienvenida a las y los asistentes. Durante su mensaje, destac\u00f3 la relevancia de los temas que se abordar\u00e1n en esta jornada e invit\u00f3 a la comunidad a participar activamente, recordando que el derecho cobra vida en la defensa de los valores. \u0022Los valores no se ense\u00f1an, se viven. Somos futuros juristas y tenemos el deber de vivirlos con responsabilidad y valent\u00eda\u0022, expres\u00f3.\u003C\/p\u003E\n\n\u003Cp\u003EPosteriormente, el doctor Jes\u00fas Adolfo Soto Curiel, vicerrector del Campus Mexicali, destac\u00f3 la importancia de iniciativas como esta para la vida universitaria: \u201cLa jornada nos invita a dialogar sobre temas tan urgentes como la cultura de paz, la cero tolerancia a la violencia, el uso responsable de las redes sociales, la \u00e9tica profesional y los derechos de g\u00e9nero, entre muchos otros. Estas tem\u00e1ticas nos invitan a reflexionar especialmente en tiempos en que necesitamos fortalecer los lazos sociales desde la empat\u00eda, el respeto y la responsabilidad\u201d.\u003C\/p\u003E\n\n\u003Cp\u003EEn el primer d\u00eda de actividades se llev\u00f3 a cabo la conferencia \u0022Cultura de Paz y Cero Tolerancia en la UABC\u0022, impartida por la doctora Yessica Mart\u00ednez Soto, coordinadora de la Unidad de G\u00e9nero, Diversidad e Inclusi\u00f3n Educativa (UGDIE) de la UABC, y moderada por la doctora Marina del Pilar Olmeda Garc\u00eda, organizadora de la Jornada de Valores. Durante su intervenci\u00f3n, la doctora Mart\u00ednez Soto habl\u00f3 sobre la creaci\u00f3n de la UGDIE en la UABC, as\u00ed como de las acciones impulsadas durante la actual administraci\u00f3n del rector para fomentar espacios de paz en la universidad.\u003C\/p\u003E\n\n\u003Cp\u003EPor su parte, la doctora Marina del Pilar Olmeda Garc\u00eda, organizadora de la Jornada de Valores y moderadora de la conferencia, agradeci\u00f3 la presencia de las y los invitados especiales, as\u00ed como de las y los estudiantes de los distintos semestres de la facultad. Se\u00f1al\u00f3 la importancia de iniciar el programa de actividades con esta conferencia, con el prop\u00f3sito de mostrar lo que implica la cultura de paz y c\u00f3mo se ha fortalecido gracias al respaldo institucional y a la creaci\u00f3n de la UGDIE.\u003C\/p\u003E\n\n\u003Cp\u003EEn el evento tambi\u00e9n estuvieron presentes la maestra Elizabeth Garc\u00eda Espinoza, administradora de la facultad; el doctor Fernando Manuel Castro Figueroa, coordinador de Extensi\u00f3n y Vinculaci\u00f3n de la facultad y la licenciada Ana Cristina Fierro Ch\u00e1vez, encargada de Difusi\u00f3n Cultural.\u003C\/p\u003E\n\n\u003Cp\u003EEl programa continuar\u00e1 con temas como la violencia y responsabilidad en el uso de redes sociales, un evento deportivo de inclusi\u00f3n, un taller sobre \u00e9tica y responsabilidad profesional en el ejercicio del derecho, y conferencias sobre los derechos de g\u00e9nero a 30 a\u00f1os de la Plataforma de Acci\u00f3n de Beijing.\u003C\/p\u003E\n\n\u003Cp\u003ELas actividades est\u00e1n abiertas para estudiantes y p\u00fablico en general, tanto de manera presencial como a trav\u00e9s de transmisiones en vivo.\u003C\/p\u003E\n\n\u003Cp\u003E\u00a0\u003C\/p\u003E\u003C\/div\u003E\n      \n  \n\n    \n            \u003Cdiv  class=\u0022palabras-clave\u0022\u003E\n                        \u003Ca href=\u0022\/tags\/ugdie\u0022 hreflang=\u0022es\u0022\u003EUGDIE\u003C\/a\u003E\n      \n      \u003C\/div\u003E\n  \n\n\n  \u003C\/div\u003E\n\n  \u003C\/div\u003E\n\n  \u003Cdiv class=\u0022area-extras group-right\u0022\u003E\n        \n                          \u003Cdiv  class=\u0022enlace-blockBottom\u0022 \u003E\n      \u003Cdiv\u003EVer m\u00e1s \u003Ca href=\u0022http:\/\/gaceta.uabc.mx\/notas\u0022\u003ENotas\u003C\/a\u003E\u003C\/div\u003E\n\u003C\/div\u003E\n      \n  \n\n\n  \u003C\/div\u003E\n\n\u003C\/div\u003E\n\n","settings":null}]