[{"command":"settings","settings":{"pluralDelimiter":"\u0003","suppressDeprecationErrors":true,"ajaxPageState":{"libraries":"core\/drupal.ajax,core\/picturefill,ds\/ds_3col_equal_width","theme":"gaceta","theme_token":null},"ajaxTrustedUrl":[],"field_group":{"html_element":{"mode":"media_expanded","context":"view","settings":{"classes":"datos","show_empty_fields":false,"id":"","element":"div","show_label":false,"label_element":"h3","label_element_classes":"","attributes":"","effect":"none","speed":"fast"}}},"user":{"uid":0,"permissionsHash":"55dc977d165ab1e05e51b6cc6487f6d73e65ab536d99ee82c6990d9001d5c21c"}},"merge":true},{"command":"add_css","data":"\u003Clink rel=\u0022stylesheet\u0022 media=\u0022all\u0022 href=\u0022\/sites\/default\/files\/css\/css_mxJrjoKKAZuuB4_4f-B1u9VnFZxvSor3Az4JEdrFEso.css\u0022 \/\u003E\n\u003Clink rel=\u0022stylesheet\u0022 media=\u0022all\u0022 href=\u0022\/sites\/default\/files\/css\/css_-BXSGQpS8YTwwuXGbPoshUvZ7W-_HbYR3H7d0DA_mEY.css\u0022 \/\u003E\n\u003Clink rel=\u0022stylesheet\u0022 media=\u0022all\u0022 href=\u0022\/sites\/default\/files\/css\/css_89YreTu0npezhXSakRJR9TVHyBS9bTcyt0s3IckAe-M.css\u0022 \/\u003E\n"},{"command":"add_js","selector":"body","data":[{"src":"\/sites\/default\/files\/js\/js_9UaAhXvc9u0KYXXUw-OKyLP2baQxdV4zY3Y_KGurcvY.js"},{"src":"\/sites\/default\/files\/js\/js_oDJxUBLBzfRb_FDgNfkNOm9-tiatS2kNfxQIeVRZA7Y.js"},{"src":"\/sites\/default\/files\/js\/js_YM82KRuzNIr2X-Kb8pQW8cOcSbWgQ_QGKclTYJ_aMlI.js"},{"src":"\/sites\/default\/files\/js\/js_pqqsPPmPmxKgamY6qk_WSawtL05XH_yAY8GkPHVyahI.js"}]},{"command":"insert","method":"replaceWith","selector":".view-mode-full","data":"\u003Cdiv data-history-node-id=\u002223115\u0022 class=\u0022contenido view-mode-media_expanded ds-3col-equal clearfix\u0022\u003E\n\n  \n\n  \u003Cdiv class=\u0022area-medios group-left\u0022\u003E\n        \n                          \u003Cdiv  class=\u0022imagen\u0022 \u003E\n          \u003Cpicture\u003E\n                  \u003Csource srcset=\u0022\/sites\/default\/files\/styles\/max_650x650\/public\/notas\/2025-04-30\/Jornada_UABC_CONAFE_MefiBoset02.webp?itok=Mdj9H91D 650w, \/sites\/default\/files\/styles\/max_1300x1300\/public\/notas\/2025-04-30\/Jornada_UABC_CONAFE_MefiBoset02.webp?itok=S_JULz9I 1300w, \/sites\/default\/files\/styles\/max_1900x1900\/public\/notas\/2025-04-30\/Jornada_UABC_CONAFE_MefiBoset02.webp?itok=aPchMLSG 1900w\u0022 type=\u0022image\/webp\u0022 sizes=\u0022100vw\u0022\/\u003E\n              \u003Csource srcset=\u0022\/sites\/default\/files\/styles\/max_650x650\/public\/notas\/2025-04-30\/Jornada_UABC_CONAFE_MefiBoset02.jpg?itok=Mdj9H91D 650w, \/sites\/default\/files\/styles\/max_1300x1300\/public\/notas\/2025-04-30\/Jornada_UABC_CONAFE_MefiBoset02.jpg?itok=S_JULz9I 1300w, \/sites\/default\/files\/styles\/max_1900x1900\/public\/notas\/2025-04-30\/Jornada_UABC_CONAFE_MefiBoset02.jpg?itok=aPchMLSG 1900w\u0022 type=\u0022image\/jpeg\u0022 sizes=\u0022100vw\u0022\/\u003E\n                  \u003Cimg srcset=\u0022\/sites\/default\/files\/styles\/max_650x650\/public\/notas\/2025-04-30\/Jornada_UABC_CONAFE_MefiBoset02.jpg?itok=Mdj9H91D 650w, \/sites\/default\/files\/styles\/max_1300x1300\/public\/notas\/2025-04-30\/Jornada_UABC_CONAFE_MefiBoset02.jpg?itok=S_JULz9I 1300w, \/sites\/default\/files\/styles\/max_1900x1900\/public\/notas\/2025-04-30\/Jornada_UABC_CONAFE_MefiBoset02.jpg?itok=aPchMLSG 1900w\u0022 sizes=\u0022100vw\u0022 src=\u0022\/sites\/default\/files\/styles\/max_1300x1300\/public\/notas\/2025-04-30\/Jornada_UABC_CONAFE_MefiBoset02.jpg?itok=S_JULz9I\u0022 alt=\u0022Mefi_Boset_UABC\u0022 typeof=\u0022foaf:Image\u0022 class=\u0022img-fluid\u0022 \/\u003E\n\n  \u003C\/picture\u003E\n\n\u003C\/div\u003E\n      \n  \n\n      \u003Cdiv  class=\u0022boton-expander\u0022\u003E\n        \n                  \u003Cdiv class=\u0022item-list\u0022\u003E\u003Cul\u003E\u003Cli\u003E\u003Ca href=\u0022\/ds-switch-view-mode\/node\/23115\/media_collapsed?selector=view-mode-media_expanded\u0022 class=\u0022use-ajax\u0022\u003E\u2191\u003C\/a\u003E\u003C\/li\u003E\u003C\/ul\u003E\u003C\/div\u003E\n      \n  \n    \u003C\/div\u003E\n\n\n  \u003C\/div\u003E\n\n  \u003Cdiv class=\u0022area-info group-middle\u0022\u003E\n    \n\u003Cdiv  class=\u0022inner\u0022\u003E\n          \n                          \u003Ch2  class=\u0022titulo\u0022 \u003E\n        Compromiso social universitario: UABC lleva educaci\u00f3n y alegr\u00eda a la ni\u00f1ez del albergue Mefi-Boset\n\u003C\/h2\u003E\n      \n  \n\n    \n                          \u003Cdiv  class=\u0022resumen\u0022 \u003E\n      La Facultad de Pedagog\u00eda e Innovaci\u00f3n Educativa y el CONAFE unieron esfuerzos en una jornada l\u00fadico-formativa por el D\u00eda de la Ni\u00f1a y del Ni\u00f1o.\u003C\/div\u003E\n      \n  \n\n\n\u003Cdiv  class=\u0022datos\u0022\u003E\n            \u003Cdiv  class=\u0022autor\u0022\u003E\n            \u003Cdiv  class=\u0022field-label-inline\u0022\u003EPor\u003C\/div\u003E\n  \n                  \u003Ca href=\u0022\/autores\/olivia-yaritza-lopez-segoviano\u0022 hreflang=\u0022es\u0022\u003EOlivia Yaritza L\u00f3pez Segoviano\u003C\/a\u003E\n      \n  \n    \u003C\/div\u003E\n\n      \u003Cdiv  class=\u0022campus\u0022\u003E\n            \u003Cdiv  class=\u0022field-label-inline\u0022\u003ECampus\u003C\/div\u003E\n  \n                  \u003Ca href=\u0022\/campus\/mexicali\u0022 hreflang=\u0022es\u0022\u003EMexicali\u003C\/a\u003E\n      \n  \n    \u003C\/div\u003E\n\n    \n                          \u003Cdiv  class=\u0022fecha\u0022 \u003E\n      30 de Abril de 2025\u003C\/div\u003E\n      \n  \n\n\n  \u003C\/div\u003E\n    \n                          \u003Cdiv  class=\u0022texto\u0022 \u003E\n      \u003Cp\u003EEn el marco del D\u00eda de la Ni\u00f1a y del Ni\u00f1o, la UABC, a trav\u00e9s de la Facultad de Pedagog\u00eda e Innovaci\u00f3n Educativa (FPIE), llev\u00f3 a cabo una jornada educativa y l\u00fadica en el albergue Mefi-Boset AC, en colaboraci\u00f3n con el Consejo Nacional de Fomento Educativo (CONAFE). El evento, titulado \u201cLa Universidad Aut\u00f3noma de Baja California y la comunidad: ciencia y valores para la vida\u201d, reuni\u00f3 a estudiantes, docentes y autoridades universitarias en una experiencia formativa y solidaria.\u003C\/p\u003E\n\n\u003Cp\u003EDurante su intervenci\u00f3n, el rector de la UABC, doctor Luis Enrique Palafox Maestre, expres\u00f3 su reconocimiento al trabajo conjunto entre la universidad, el CONAFE y la comunidad. Agradeci\u00f3 al albergue por abrir sus puertas y permitir que la universidad se acercara a las infancias de esta zona. \u201cHoy celebramos de manera muy especial el D\u00eda de la Ni\u00f1a y del Ni\u00f1o, haciendo efectivo uno de los derechos m\u00e1s importantes del ser humano: el derecho a la educaci\u00f3n\u201d, manifest\u00f3 el rector, quien destac\u00f3 la importancia de que la instituci\u00f3n salga de sus aulas para acercarse a las realidades sociales que enfrenta la comunidad.\u003C\/p\u003E\n\n\u003Cp\u003EEl doctor Palafox Maestre reconoci\u00f3 el esfuerzo del estudiantado universitario que, de manera voluntaria, organiz\u00f3 actividades pedag\u00f3gicas y recreativas para las ni\u00f1as y ni\u00f1os del lugar. \u201cDe poco sirve una universidad que se encierra en s\u00ed misma. Esta experiencia no solo nos permite ense\u00f1ar, sino tambi\u00e9n aprender de la comunidad. Esa es la esencia de una instituci\u00f3n comprometida con su entorno\u201d, se\u00f1al\u00f3.\u003C\/p\u003E\n\n\u003Cp\u003EEl coordinador territorial del CONAFE en Baja California, maestro Juan G\u00e1lvez Lugo, agradeci\u00f3 a la universidad por su permanente compromiso con las comunidades m\u00e1s vulnerables del estado. \u201cHoy no solo festejamos a las ni\u00f1as y ni\u00f1os, sino que hacemos valer su derecho a la educaci\u00f3n. Ver a una universidad p\u00fablica como la UABC involucrada directamente con estas infancias es motivo de orgullo y esperanza\u201d, afirm\u00f3.\u003C\/p\u003E\n\n\u003Cp\u003EPor su parte, la doctora Gricelda Mend\u00edvil Rosas, directora de la FPIE, expres\u00f3 su emoci\u00f3n por la participaci\u00f3n entusiasta de docentes y estudiantes, quienes prepararon con esmero una feria de aprendizaje con estaciones dedicadas a la ciencia, la lectura, el arte y la expresi\u00f3n l\u00fadica. \u201cSe respira un gran sentido de orgullo por ser cimarrones y por retribuir a la sociedad lo que recibimos como universitarios. Esta es una muestra del esp\u00edritu de servicio que nos caracteriza en la UABC\u201d, enfatiz\u00f3.\u003C\/p\u003E\n\n\u003Cp\u003ELa jornada educativa se desarroll\u00f3 en el comedor comunitario de Mefi-Boset AC, espacio que atiende a ni\u00f1as, ni\u00f1os y adolescentes de nivel preescolar, primaria y secundaria. A lo largo del d\u00eda, las y los universitarios organizaron actividades basadas en aprendizajes significativos, promoviendo el desarrollo de competencias a trav\u00e9s del juego, la creatividad y el afecto.\u003C\/p\u003E\n\n\u003Cp\u003EAl cierre del evento, se reiter\u00f3 el compromiso de ambas instituciones para continuar trabajando en conjunto por una educaci\u00f3n con sentido humano, inclusiva y transformadora, que trascienda los muros universitarios y llegue a quienes m\u00e1s la necesitan.\u003C\/p\u003E\n\n\u003Cp\u003E\u00a0\u003C\/p\u003E\n\n\u003Cp\u003E\u003Cstrong\u003EFOTO:\u003C\/strong\u003E Armando Ruiz.\u003C\/p\u003E\u003C\/div\u003E\n      \n  \n\n    \n            \u003Cdiv  class=\u0022palabras-clave\u0022\u003E\n                        \u003Ca href=\u0022\/tags\/responsabilidad-social\u0022 hreflang=\u0022es\u0022\u003EResponsabilidad Social\u003C\/a\u003E\n                \u003Ca href=\u0022\/tags\/comunidad\u0022 hreflang=\u0022es\u0022\u003EComunidad\u003C\/a\u003E\n                \u003Ca href=\u0022\/tags\/albergue\u0022 hreflang=\u0022es\u0022\u003EAlbergue\u003C\/a\u003E\n      \n      \u003C\/div\u003E\n  \n\n\n  \u003C\/div\u003E\n\n  \u003C\/div\u003E\n\n  \u003Cdiv class=\u0022area-extras group-right\u0022\u003E\n        \n                          \u003Cdiv  class=\u0022enlace-blockBottom\u0022 \u003E\n      \u003Cdiv\u003EVer m\u00e1s \u003Ca href=\u0022http:\/\/gaceta.uabc.mx\/notas\u0022\u003ENotas\u003C\/a\u003E\u003C\/div\u003E\n\u003C\/div\u003E\n      \n  \n\n\n  \u003C\/div\u003E\n\n\u003C\/div\u003E\n\n","settings":null}]