[{"command":"settings","settings":{"pluralDelimiter":"\u0003","suppressDeprecationErrors":true,"ajaxPageState":{"libraries":"core\/drupal.ajax,core\/picturefill,ds\/ds_3col_equal_width","theme":"gaceta","theme_token":null},"ajaxTrustedUrl":[],"field_group":{"html_element":{"mode":"media_expanded","context":"view","settings":{"classes":"datos","show_empty_fields":false,"id":"","element":"div","show_label":false,"label_element":"h3","label_element_classes":"","attributes":"","effect":"none","speed":"fast"}}},"user":{"uid":0,"permissionsHash":"55dc977d165ab1e05e51b6cc6487f6d73e65ab536d99ee82c6990d9001d5c21c"}},"merge":true},{"command":"add_css","data":"\u003Clink rel=\u0022stylesheet\u0022 media=\u0022all\u0022 href=\u0022\/sites\/default\/files\/css\/css_mxJrjoKKAZuuB4_4f-B1u9VnFZxvSor3Az4JEdrFEso.css\u0022 \/\u003E\n\u003Clink rel=\u0022stylesheet\u0022 media=\u0022all\u0022 href=\u0022\/sites\/default\/files\/css\/css_-BXSGQpS8YTwwuXGbPoshUvZ7W-_HbYR3H7d0DA_mEY.css\u0022 \/\u003E\n\u003Clink rel=\u0022stylesheet\u0022 media=\u0022all\u0022 href=\u0022\/sites\/default\/files\/css\/css_89YreTu0npezhXSakRJR9TVHyBS9bTcyt0s3IckAe-M.css\u0022 \/\u003E\n"},{"command":"add_js","selector":"body","data":[{"src":"\/sites\/default\/files\/js\/js_9UaAhXvc9u0KYXXUw-OKyLP2baQxdV4zY3Y_KGurcvY.js"},{"src":"\/sites\/default\/files\/js\/js_oDJxUBLBzfRb_FDgNfkNOm9-tiatS2kNfxQIeVRZA7Y.js"},{"src":"\/sites\/default\/files\/js\/js_YM82KRuzNIr2X-Kb8pQW8cOcSbWgQ_QGKclTYJ_aMlI.js"},{"src":"\/sites\/default\/files\/js\/js_pqqsPPmPmxKgamY6qk_WSawtL05XH_yAY8GkPHVyahI.js"}]},{"command":"insert","method":"replaceWith","selector":".view-mode-full","data":"\u003Cdiv data-history-node-id=\u002223116\u0022 class=\u0022contenido view-mode-media_expanded ds-3col-equal clearfix\u0022\u003E\n\n  \n\n  \u003Cdiv class=\u0022area-medios group-left\u0022\u003E\n        \n                          \u003Cdiv  class=\u0022imagen\u0022 \u003E\n          \u003Cpicture\u003E\n                  \u003Csource srcset=\u0022\/sites\/default\/files\/styles\/max_650x650\/public\/notas\/2025-04-30\/Dise%C3%B1o%20sin%20t%C3%ADtulo%20%2849%29.webp?itok=4ozg_htR 650w, \/sites\/default\/files\/styles\/max_1300x1300\/public\/notas\/2025-04-30\/Dise%C3%B1o%20sin%20t%C3%ADtulo%20%2849%29.webp?itok=Bqt5PfQo 1300w, \/sites\/default\/files\/styles\/max_1900x1900\/public\/notas\/2025-04-30\/Dise%C3%B1o%20sin%20t%C3%ADtulo%20%2849%29.webp?itok=l7JbeLjN 1420w\u0022 type=\u0022image\/webp\u0022 sizes=\u0022100vw\u0022\/\u003E\n              \u003Csource srcset=\u0022\/sites\/default\/files\/styles\/max_650x650\/public\/notas\/2025-04-30\/Dise%C3%B1o%20sin%20t%C3%ADtulo%20%2849%29.jpg?itok=4ozg_htR 650w, \/sites\/default\/files\/styles\/max_1300x1300\/public\/notas\/2025-04-30\/Dise%C3%B1o%20sin%20t%C3%ADtulo%20%2849%29.jpg?itok=Bqt5PfQo 1300w, \/sites\/default\/files\/styles\/max_1900x1900\/public\/notas\/2025-04-30\/Dise%C3%B1o%20sin%20t%C3%ADtulo%20%2849%29.jpg?itok=l7JbeLjN 1420w\u0022 type=\u0022image\/jpeg\u0022 sizes=\u0022100vw\u0022\/\u003E\n                  \u003Cimg srcset=\u0022\/sites\/default\/files\/styles\/max_650x650\/public\/notas\/2025-04-30\/Dise%C3%B1o%20sin%20t%C3%ADtulo%20%2849%29.jpg?itok=4ozg_htR 650w, \/sites\/default\/files\/styles\/max_1300x1300\/public\/notas\/2025-04-30\/Dise%C3%B1o%20sin%20t%C3%ADtulo%20%2849%29.jpg?itok=Bqt5PfQo 1300w, \/sites\/default\/files\/styles\/max_1900x1900\/public\/notas\/2025-04-30\/Dise%C3%B1o%20sin%20t%C3%ADtulo%20%2849%29.jpg?itok=l7JbeLjN 1420w\u0022 sizes=\u0022100vw\u0022 src=\u0022\/sites\/default\/files\/styles\/max_1300x1300\/public\/notas\/2025-04-30\/Dise%C3%B1o%20sin%20t%C3%ADtulo%20%2849%29.jpg?itok=Bqt5PfQo\u0022 alt=\u0022La Facultad de Artes Tijuana cuenta con nuevo equipo de trabajo\u0022 typeof=\u0022foaf:Image\u0022 class=\u0022img-fluid\u0022 \/\u003E\n\n  \u003C\/picture\u003E\n\n\u003C\/div\u003E\n      \n  \n\n      \u003Cdiv  class=\u0022boton-expander\u0022\u003E\n        \n                  \u003Cdiv class=\u0022item-list\u0022\u003E\u003Cul\u003E\u003Cli\u003E\u003Ca href=\u0022\/ds-switch-view-mode\/node\/23116\/media_collapsed?selector=view-mode-media_expanded\u0022 class=\u0022use-ajax\u0022\u003E\u2191\u003C\/a\u003E\u003C\/li\u003E\u003C\/ul\u003E\u003C\/div\u003E\n      \n  \n    \u003C\/div\u003E\n\n\n  \u003C\/div\u003E\n\n  \u003Cdiv class=\u0022area-info group-middle\u0022\u003E\n    \n\u003Cdiv  class=\u0022inner\u0022\u003E\n          \n                          \u003Ch2  class=\u0022titulo\u0022 \u003E\n        La Facultad de Artes Tijuana cuenta con nuevo equipo de trabajo\n\u003C\/h2\u003E\n      \n  \n\n    \n                          \u003Cdiv  class=\u0022resumen\u0022 \u003E\n      Acompa\u00f1ar\u00e1n a la directora Mayra Huerta Jim\u00e9nez durante su gesti\u00f3n\u003C\/div\u003E\n      \n  \n\n\n\u003Cdiv  class=\u0022datos\u0022\u003E\n            \u003Cdiv  class=\u0022autor\u0022\u003E\n            \u003Cdiv  class=\u0022field-label-inline\u0022\u003EPor\u003C\/div\u003E\n  \n                  \u003Ca href=\u0022\/autores\/daniela-vasquez-y-melissa-prieto\u0022 hreflang=\u0022es\u0022\u003EDaniela V\u00e1squez y Melissa Prieto\u003C\/a\u003E\n      \n  \n    \u003C\/div\u003E\n\n      \u003Cdiv  class=\u0022campus\u0022\u003E\n            \u003Cdiv  class=\u0022field-label-inline\u0022\u003ECampus\u003C\/div\u003E\n  \n                  \u003Ca href=\u0022\/campus\/tijuana\u0022 hreflang=\u0022es\u0022\u003ETijuana\u003C\/a\u003E\n      \n  \n    \u003C\/div\u003E\n\n    \n                          \u003Cdiv  class=\u0022fecha\u0022 \u003E\n      2 de Mayo de 2025\u003C\/div\u003E\n      \n  \n\n\n  \u003C\/div\u003E\n    \n                          \u003Cdiv  class=\u0022texto\u0022 \u003E\n      \u003Cp\u003ELa doctora Hayde\u00e9 Gomez Llanos Ju\u00e1rez, vicerrectora del campus Tijuana, tom\u00f3 protesta al nuevo equipo de trabajo, que acompa\u00f1ar\u00e1 a la doctora Mayra Huerta Jim\u00e9nez, directora de la Facultad de Artes durante su gesti\u00f3n 2025-2029.\u00a0\u003C\/p\u003E\n\n\u003Cp\u003ESe trata del doctor Christian Z\u00fa\u00f1iga M\u00e9ndez; la licenciada Fernanda Lee Arriaga; la doctora Denisse Z\u00fa\u00f1iga G\u00f3mez; las maestras Paulina Baena Rinc\u00f3n y Laura Brise\u00f1o Chi\u00f1as; quienes asumen a partir de hoy los cargos de subdirector; administradora; coordinadora de Formaci\u00f3n Profesional; coordinadora de Extensi\u00f3n y Vinculaci\u00f3n; y coordinadora de Investigaci\u00f3n y Posgrado, respectivamente.\u00a0\u003C\/p\u003E\n\n\u003Cp\u003EDurante su discurso la vicerrectora destac\u00f3 la importancia del trabajo en equipo como eje de esta nueva etapa: \u201cEl compromiso y la disposici\u00f3n para trabajar en conjunto y ser parte de este gran proyecto; hoy m\u00e1s que nunca, es fundamental reconocer la importancia del trabajo en equipo, juntas y juntos podr\u00e1n ser m\u00e1s fuertes y podr\u00e1n lograr metas que individualmente ser\u00edan muy dif\u00edciles de alcanzar\u201d.\u00a0\u003C\/p\u003E\n\n\u003Cp\u003EAsimismo, resalt\u00f3 los valores fundamentales que guiar\u00e1n esta nueva gesti\u00f3n, como lo es la colaboraci\u00f3n, la transparencia, la confianza y la comunicaci\u00f3n.\u003C\/p\u003E\n\n\u003Cp\u003E\u201cEstoy convencida de que con esfuerzo en conjunto podr\u00e1n impulsar a la Facultad de Artes hacia un futuro gigante lleno de creatividad e innovaci\u00f3n\u201d, expres\u00f3. Invit\u00f3 al nuevo equipo a seguir viendo por el futuro de la facultad.\u003C\/p\u003E\n\n\u003Cp\u003ELa toma de protesta concluy\u00f3 con una invitaci\u00f3n a trabajar con entusiasmo, creatividad e innovaci\u00f3n, sellando as\u00ed el inicio de un ciclo que promete fortalecer el quehacer acad\u00e9mico y cultural de la Facultad de Artes de la UABC.\u003C\/p\u003E\n\n\u003Cp\u003E\u00a0\u003C\/p\u003E\u003C\/div\u003E\n      \n  \n\n    \n            \u003Cdiv  class=\u0022palabras-clave\u0022\u003E\n                        \u003Ca href=\u0022\/tags\/facultad-de-artes\u0022 hreflang=\u0022es\u0022\u003EFacultad de Artes\u003C\/a\u003E\n                \u003Ca href=\u0022\/tags\/directora\u0022 hreflang=\u0022es\u0022\u003EDirectora\u003C\/a\u003E\n                \u003Ca href=\u0022\/tags\/gestion\u0022 hreflang=\u0022es\u0022\u003EGesti\u00f3n\u003C\/a\u003E\n      \n      \u003C\/div\u003E\n  \n\n\n  \u003C\/div\u003E\n\n  \u003C\/div\u003E\n\n  \u003Cdiv class=\u0022area-extras group-right\u0022\u003E\n        \n                          \u003Cdiv  class=\u0022enlace-blockBottom\u0022 \u003E\n      \u003Cdiv\u003EVer m\u00e1s \u003Ca href=\u0022http:\/\/gaceta.uabc.mx\/notas\u0022\u003ENotas\u003C\/a\u003E\u003C\/div\u003E\n\u003C\/div\u003E\n      \n  \n\n\n  \u003C\/div\u003E\n\n\u003C\/div\u003E\n\n","settings":null}]