[{"command":"settings","settings":{"pluralDelimiter":"\u0003","suppressDeprecationErrors":true,"ajaxPageState":{"libraries":"core\/drupal.ajax,core\/picturefill,ds\/ds_3col_equal_width","theme":"gaceta","theme_token":null},"ajaxTrustedUrl":[],"field_group":{"html_element":{"mode":"media_expanded","context":"view","settings":{"classes":"datos","show_empty_fields":false,"id":"","element":"div","show_label":false,"label_element":"h3","label_element_classes":"","attributes":"","effect":"none","speed":"fast"}}},"user":{"uid":0,"permissionsHash":"55dc977d165ab1e05e51b6cc6487f6d73e65ab536d99ee82c6990d9001d5c21c"}},"merge":true},{"command":"add_css","data":"\u003Clink rel=\u0022stylesheet\u0022 media=\u0022all\u0022 href=\u0022\/sites\/default\/files\/css\/css_mxJrjoKKAZuuB4_4f-B1u9VnFZxvSor3Az4JEdrFEso.css\u0022 \/\u003E\n\u003Clink rel=\u0022stylesheet\u0022 media=\u0022all\u0022 href=\u0022\/sites\/default\/files\/css\/css_-BXSGQpS8YTwwuXGbPoshUvZ7W-_HbYR3H7d0DA_mEY.css\u0022 \/\u003E\n\u003Clink rel=\u0022stylesheet\u0022 media=\u0022all\u0022 href=\u0022\/sites\/default\/files\/css\/css_89YreTu0npezhXSakRJR9TVHyBS9bTcyt0s3IckAe-M.css\u0022 \/\u003E\n"},{"command":"add_js","selector":"body","data":[{"src":"\/sites\/default\/files\/js\/js_9UaAhXvc9u0KYXXUw-OKyLP2baQxdV4zY3Y_KGurcvY.js"},{"src":"\/sites\/default\/files\/js\/js_oDJxUBLBzfRb_FDgNfkNOm9-tiatS2kNfxQIeVRZA7Y.js"},{"src":"\/sites\/default\/files\/js\/js_YM82KRuzNIr2X-Kb8pQW8cOcSbWgQ_QGKclTYJ_aMlI.js"},{"src":"\/sites\/default\/files\/js\/js_pqqsPPmPmxKgamY6qk_WSawtL05XH_yAY8GkPHVyahI.js"}]},{"command":"insert","method":"replaceWith","selector":".view-mode-full","data":"\u003Cdiv data-history-node-id=\u002223137\u0022 class=\u0022contenido view-mode-media_expanded ds-3col-equal clearfix\u0022\u003E\n\n  \n\n  \u003Cdiv class=\u0022area-medios group-left\u0022\u003E\n        \n                          \u003Cdiv  class=\u0022imagen\u0022 \u003E\n          \u003Cpicture\u003E\n                  \u003Csource srcset=\u0022\/sites\/default\/files\/styles\/max_650x650\/public\/notas\/2025-05-05\/WhatsApp%20Image%202025-05-05%20at%201.47.14%20PM%20%281%29.webp?itok=IIOVbiJk 650w, \/sites\/default\/files\/styles\/max_1300x1300\/public\/notas\/2025-05-05\/WhatsApp%20Image%202025-05-05%20at%201.47.14%20PM%20%281%29.webp?itok=HMymZG2V 1300w, \/sites\/default\/files\/styles\/max_1900x1900\/public\/notas\/2025-05-05\/WhatsApp%20Image%202025-05-05%20at%201.47.14%20PM%20%281%29.webp?itok=1b4HuqiM 1900w\u0022 type=\u0022image\/webp\u0022 sizes=\u0022100vw\u0022\/\u003E\n              \u003Csource srcset=\u0022\/sites\/default\/files\/styles\/max_650x650\/public\/notas\/2025-05-05\/WhatsApp%20Image%202025-05-05%20at%201.47.14%20PM%20%281%29.jpeg?itok=IIOVbiJk 650w, \/sites\/default\/files\/styles\/max_1300x1300\/public\/notas\/2025-05-05\/WhatsApp%20Image%202025-05-05%20at%201.47.14%20PM%20%281%29.jpeg?itok=HMymZG2V 1300w, \/sites\/default\/files\/styles\/max_1900x1900\/public\/notas\/2025-05-05\/WhatsApp%20Image%202025-05-05%20at%201.47.14%20PM%20%281%29.jpeg?itok=1b4HuqiM 1900w\u0022 type=\u0022image\/jpeg\u0022 sizes=\u0022100vw\u0022\/\u003E\n                  \u003Cimg srcset=\u0022\/sites\/default\/files\/styles\/max_650x650\/public\/notas\/2025-05-05\/WhatsApp%20Image%202025-05-05%20at%201.47.14%20PM%20%281%29.jpeg?itok=IIOVbiJk 650w, \/sites\/default\/files\/styles\/max_1300x1300\/public\/notas\/2025-05-05\/WhatsApp%20Image%202025-05-05%20at%201.47.14%20PM%20%281%29.jpeg?itok=HMymZG2V 1300w, \/sites\/default\/files\/styles\/max_1900x1900\/public\/notas\/2025-05-05\/WhatsApp%20Image%202025-05-05%20at%201.47.14%20PM%20%281%29.jpeg?itok=1b4HuqiM 1900w\u0022 sizes=\u0022100vw\u0022 src=\u0022\/sites\/default\/files\/styles\/max_1300x1300\/public\/notas\/2025-05-05\/WhatsApp%20Image%202025-05-05%20at%201.47.14%20PM%20%281%29.jpeg?itok=HMymZG2V\u0022 alt=\u0022.\u0022 typeof=\u0022foaf:Image\u0022 class=\u0022img-fluid\u0022 \/\u003E\n\n  \u003C\/picture\u003E\n\n\u003C\/div\u003E\n      \n  \n\n      \u003Cdiv  class=\u0022boton-expander\u0022\u003E\n        \n                  \u003Cdiv class=\u0022item-list\u0022\u003E\u003Cul\u003E\u003Cli\u003E\u003Ca href=\u0022\/ds-switch-view-mode\/node\/23137\/media_collapsed?selector=view-mode-media_expanded\u0022 class=\u0022use-ajax\u0022\u003E\u2191\u003C\/a\u003E\u003C\/li\u003E\u003C\/ul\u003E\u003C\/div\u003E\n      \n  \n    \u003C\/div\u003E\n\n\n  \u003C\/div\u003E\n\n  \u003Cdiv class=\u0022area-info group-middle\u0022\u003E\n    \n\u003Cdiv  class=\u0022inner\u0022\u003E\n          \n                          \u003Ch2  class=\u0022titulo\u0022 \u003E\n        Liderazgos estudiantiles asumen su responsabilidad en la UABC\n\u003C\/h2\u003E\n      \n  \n\n    \n                          \u003Cdiv  class=\u0022resumen\u0022 \u003E\n      Representantes estudiantiles de los tres campus se comprometen a impulsar el bienestar de sus comunidades con trabajo colaborativo\u003C\/div\u003E\n      \n  \n\n\n\u003Cdiv  class=\u0022datos\u0022\u003E\n            \u003Cdiv  class=\u0022autor\u0022\u003E\n            \u003Cdiv  class=\u0022field-label-inline\u0022\u003EPor\u003C\/div\u003E\n  \n                  \u003Ca href=\u0022\/autores\/olivia-yaritza-lopez-segoviano\u0022 hreflang=\u0022es\u0022\u003EOlivia Yaritza L\u00f3pez Segoviano\u003C\/a\u003E\n      \n  \n    \u003C\/div\u003E\n\n      \u003Cdiv  class=\u0022campus\u0022\u003E\n            \u003Cdiv  class=\u0022field-label-inline\u0022\u003ECampus\u003C\/div\u003E\n  \n                  \u003Ca href=\u0022\/campus\/uabc\u0022 hreflang=\u0022es\u0022\u003EUABC\u003C\/a\u003E\n      \n  \n    \u003C\/div\u003E\n\n    \n                          \u003Cdiv  class=\u0022fecha\u0022 \u003E\n      5 de Mayo de 2025\u003C\/div\u003E\n      \n  \n\n\n  \u003C\/div\u003E\n    \n                          \u003Cdiv  class=\u0022texto\u0022 \u003E\n      \u003Cp\u003ELa UABC llev\u00f3 a cabo la ceremonia de toma de protesta de las presidentas y presidentes de las Sociedades de Alumnas y Alumnos de los campus Ensenada, Mexicali y Tijuana, en un acto que simboliza el reconocimiento al liderazgo estudiantil y su papel fundamental en la vida universitaria.\u003C\/p\u003E\n\n\u003Cp\u003EDurante el evento, el rector de la UABC, doctor Luis Enrique Palafox Maestre, destac\u00f3 que la UABC, a lo largo de sus 68 a\u00f1os de historia, ha cumplido con su misi\u00f3n de formar profesionistas, ciudadanas y ciudadanos con integridad y compromiso con el bienestar colectivo y el desarrollo del estado. En este sentido, reconoci\u00f3 a la comunidad estudiantil como el motor que impulsa diariamente los esfuerzos institucionales.\u003C\/p\u003E\n\n\u003Cp\u003EAsimismo, les dijo a quienes tomaron protesta que \u201ccuando se trata de una figura de liderazgo, no hay espacio para la soberbia ni para la prepotencia. Los liderazgos se ejercen con humildad y con actitud de servicio, y esa es la expectativa que tengo yo de todas y todos ustedes\u201d.\u003C\/p\u003E\n\n\u003Cp\u003ELes exhort\u00f3 a convertirse en un canal de comunicaci\u00f3n efectivo entre el estudiantado y las autoridades, promoviendo iniciativas que impulsen el desarrollo y mejora continua de sus comunidades universitarias.\u003C\/p\u003E\n\n\u003Cp\u003EIgualmente, el rector les anim\u00f3 a planear y ejecutar cada actividad con profesionalismo, entendiendo que esta experiencia fortalece sus capacidades como futuras y futuros profesionistas.\u003C\/p\u003E\n\n\u003Cp\u003EPor su parte, el coordinador general de Servicios Estudiantiles y Gesti\u00f3n Escolar, doctor Ra\u00fal Gonz\u00e1lez N\u00fa\u00f1ez, destac\u00f3 que el liderazgo estudiantil en la UABC representa una vocaci\u00f3n de servicio, empat\u00eda y compromiso con el bien com\u00fan. Subray\u00f3 que este rol implica ser un puente entre la comunidad universitaria y las autoridades, actuando con honestidad, responsabilidad y disposici\u00f3n al di\u00e1logo. Asimismo, record\u00f3 que la defensa de la autonom\u00eda universitaria es un principio innegociable que garantiza la libertad acad\u00e9mica y la pluralidad de ideas. Reafirm\u00f3 el respaldo institucional a las y los nuevos representantes, y convoc\u00f3 a vicerrector\u00edas, directivos y jefaturas a trabajar en conjunto para fortalecer su labor y apoyar los proyectos en beneficio del estudiantado.\u003C\/p\u003E\n\n\u003Cp\u003EEn representaci\u00f3n del CESA Ensenada, la coordinadora Valeria Alejandra C\u00e1zarez Z\u00fa\u00f1iga, enfatiz\u00f3 que el liderazgo estudiantil implica responsabilidad, escucha activa y respuesta efectiva a las necesidades del alumnado. Mencion\u00f3 que el trabajo realizado desde las sociedades de estudiantes ha priorizado actividades con sentido acad\u00e9mico, cultural y de bienestar emocional, guiadas por la colaboraci\u00f3n entre facultades y no por la competencia. Reafirm\u00f3 el compromiso del CESA Ensenada con los ejes institucionales de inclusi\u00f3n, cultura de paz, equidad de g\u00e9nero y trabajo interdisciplinario, se\u00f1alando que su labor responde a una convicci\u00f3n genuina de fortalecer una comunidad universitaria unida, emp\u00e1tica y participativa.\u003C\/p\u003E\n\n\u003Cp\u003EEn tanto, Diego Alberto Hern\u00e1ndez Salda\u00f1a, coordinador del CESA Mexicali, dijo que la representaci\u00f3n estudiantil en la UABC no es un acto simb\u00f3lico, sino una responsabilidad concreta asumida con convicci\u00f3n, compromiso y profundo sentido de pertenencia cimarrona. Subray\u00f3 que los liderazgos estudiantiles deben construir puentes y no muros, mediante el di\u00e1logo, la solidaridad y el trabajo conjunto con autoridades, a quienes agradeci\u00f3 su respaldo y acompa\u00f1amiento. Reafirm\u00f3 que los valores sembrados por la universidad, como la honestidad, la responsabilidad y la justicia, gu\u00edan cada acci\u00f3n emprendida por las sociedades de alumnos, y reiter\u00f3 el llamado a mantener la unidad entre campus, as\u00ed como a seguir construyendo colectivamente una comunidad universitaria m\u00e1s humana, incluyente y transformadora.\u003C\/p\u003E\n\n\u003Cp\u003EEn su mensaje, Mario Gonz\u00e1lez Oropeza, coordinador del CESA Tijuana, hizo un llamado a valorar el trabajo en equipo como un principio fundamental para el liderazgo estudiantil y el desarrollo universitario, inspirado tanto en su experiencia como param\u00e9dico como en su trayectoria como estudiante de la UABC. Subray\u00f3 que liderar no es ostentar un cargo, sino asumir una responsabilidad colectiva que impacta a toda la comunidad acad\u00e9mica, y enfatiz\u00f3 que la transformaci\u00f3n de la universidad solo es posible a trav\u00e9s de la colaboraci\u00f3n, la empat\u00eda y la visi\u00f3n compartida. Reiter\u00f3 el orgullo de pertenecer a una instituci\u00f3n forjada en el trabajo conjunto y exhort\u00f3 a las y los representantes estudiantiles a actuar con transparencia y compromiso para seguir construyendo una universidad fuerte, solidaria y con profundo sentido social.\u003C\/p\u003E\n\n\u003Cp\u003ELas y los nuevos representantes asumieron sus funciones conforme lo establece el art\u00edculo 38 de la Ley Org\u00e1nica de la UABC, el cual les otorga legitimidad para actuar como la voz de sus compa\u00f1eras y compa\u00f1eros, expresar sus necesidades y proponer iniciativas que contribuyan a la mejora continua de los programas, procesos y pr\u00e1cticas educativas.\u003C\/p\u003E\n\n\u003Cp\u003ECon este acto, la UABC refrend\u00f3 su respaldo institucional a quienes asumen esta responsabilidad, asegurando que contar\u00e1n con el acompa\u00f1amiento de las autoridades universitarias en el cumplimiento de sus funciones.\u003C\/p\u003E\n\n\u003Cp\u003E\u003Cimg alt=\u0022.\u0022 data-entity-type=\u0022file\u0022 data-entity-uuid=\u0022d96a7a09-be2a-4e18-a0d6-0e3fbfa6fb67\u0022 src=\u0022\/sites\/default\/files\/inline-images\/WhatsApp%20Image%202025-05-05%20at%201.47.15%20PM.jpeg\u0022 width=\u00224160\u0022 height=\u00222768\u0022 loading=\u0022lazy\u0022 \/\u003E\u003C\/p\u003E\u003C\/div\u003E\n      \n  \n\n    \n            \u003Cdiv  class=\u0022palabras-clave\u0022\u003E\n                        \u003Ca href=\u0022\/tags\/cesa\u0022 hreflang=\u0022es\u0022\u003ECESA\u003C\/a\u003E\n      \n      \u003C\/div\u003E\n  \n\n\n  \u003C\/div\u003E\n\n  \u003C\/div\u003E\n\n  \u003Cdiv class=\u0022area-extras group-right\u0022\u003E\n        \n                          \u003Cdiv  class=\u0022enlace-blockBottom\u0022 \u003E\n      \u003Cdiv\u003EVer m\u00e1s \u003Ca href=\u0022http:\/\/gaceta.uabc.mx\/notas\u0022\u003ENotas\u003C\/a\u003E\u003C\/div\u003E\n\u003C\/div\u003E\n      \n  \n\n\n  \u003C\/div\u003E\n\n\u003C\/div\u003E\n\n","settings":null}]