[{"command":"settings","settings":{"pluralDelimiter":"\u0003","suppressDeprecationErrors":true,"ajaxPageState":{"libraries":"core\/drupal.ajax,core\/picturefill,ds\/ds_3col_equal_width","theme":"gaceta","theme_token":null},"ajaxTrustedUrl":[],"field_group":{"html_element":{"mode":"media_expanded","context":"view","settings":{"classes":"datos","show_empty_fields":false,"id":"","element":"div","show_label":false,"label_element":"h3","label_element_classes":"","attributes":"","effect":"none","speed":"fast"}}},"user":{"uid":0,"permissionsHash":"55dc977d165ab1e05e51b6cc6487f6d73e65ab536d99ee82c6990d9001d5c21c"}},"merge":true},{"command":"add_css","data":"\u003Clink rel=\u0022stylesheet\u0022 media=\u0022all\u0022 href=\u0022\/sites\/default\/files\/css\/css_mxJrjoKKAZuuB4_4f-B1u9VnFZxvSor3Az4JEdrFEso.css\u0022 \/\u003E\n\u003Clink rel=\u0022stylesheet\u0022 media=\u0022all\u0022 href=\u0022\/sites\/default\/files\/css\/css_-BXSGQpS8YTwwuXGbPoshUvZ7W-_HbYR3H7d0DA_mEY.css\u0022 \/\u003E\n\u003Clink rel=\u0022stylesheet\u0022 media=\u0022all\u0022 href=\u0022\/sites\/default\/files\/css\/css_89YreTu0npezhXSakRJR9TVHyBS9bTcyt0s3IckAe-M.css\u0022 \/\u003E\n"},{"command":"add_js","selector":"body","data":[{"src":"\/sites\/default\/files\/js\/js_9UaAhXvc9u0KYXXUw-OKyLP2baQxdV4zY3Y_KGurcvY.js"},{"src":"\/sites\/default\/files\/js\/js_oDJxUBLBzfRb_FDgNfkNOm9-tiatS2kNfxQIeVRZA7Y.js"},{"src":"\/sites\/default\/files\/js\/js_YM82KRuzNIr2X-Kb8pQW8cOcSbWgQ_QGKclTYJ_aMlI.js"},{"src":"\/sites\/default\/files\/js\/js_pqqsPPmPmxKgamY6qk_WSawtL05XH_yAY8GkPHVyahI.js"}]},{"command":"insert","method":"replaceWith","selector":".view-mode-full","data":"\u003Cdiv data-history-node-id=\u002223149\u0022 class=\u0022contenido view-mode-media_expanded ds-3col-equal clearfix\u0022\u003E\n\n  \n\n  \u003Cdiv class=\u0022area-medios group-left\u0022\u003E\n        \n                          \u003Cdiv  class=\u0022imagen\u0022 \u003E\n          \u003Cpicture\u003E\n                  \u003Csource srcset=\u0022\/sites\/default\/files\/styles\/max_650x650\/public\/notas\/2025-05-07\/Portada%20Conferencia%20la%20importancia%20de%20ejercer%20la%20abogac%C3%ADa.webp?itok=LMobfGq4 650w, \/sites\/default\/files\/styles\/max_1300x1300\/public\/notas\/2025-05-07\/Portada%20Conferencia%20la%20importancia%20de%20ejercer%20la%20abogac%C3%ADa.webp?itok=WYTTV3ZO 1300w, \/sites\/default\/files\/styles\/max_1900x1900\/public\/notas\/2025-05-07\/Portada%20Conferencia%20la%20importancia%20de%20ejercer%20la%20abogac%C3%ADa.webp?itok=9Th3d2_l 1420w\u0022 type=\u0022image\/webp\u0022 sizes=\u0022100vw\u0022\/\u003E\n              \u003Csource srcset=\u0022\/sites\/default\/files\/styles\/max_650x650\/public\/notas\/2025-05-07\/Portada%20Conferencia%20la%20importancia%20de%20ejercer%20la%20abogac%C3%ADa.jpg?itok=LMobfGq4 650w, \/sites\/default\/files\/styles\/max_1300x1300\/public\/notas\/2025-05-07\/Portada%20Conferencia%20la%20importancia%20de%20ejercer%20la%20abogac%C3%ADa.jpg?itok=WYTTV3ZO 1300w, \/sites\/default\/files\/styles\/max_1900x1900\/public\/notas\/2025-05-07\/Portada%20Conferencia%20la%20importancia%20de%20ejercer%20la%20abogac%C3%ADa.jpg?itok=9Th3d2_l 1420w\u0022 type=\u0022image\/jpeg\u0022 sizes=\u0022100vw\u0022\/\u003E\n                  \u003Cimg srcset=\u0022\/sites\/default\/files\/styles\/max_650x650\/public\/notas\/2025-05-07\/Portada%20Conferencia%20la%20importancia%20de%20ejercer%20la%20abogac%C3%ADa.jpg?itok=LMobfGq4 650w, \/sites\/default\/files\/styles\/max_1300x1300\/public\/notas\/2025-05-07\/Portada%20Conferencia%20la%20importancia%20de%20ejercer%20la%20abogac%C3%ADa.jpg?itok=WYTTV3ZO 1300w, \/sites\/default\/files\/styles\/max_1900x1900\/public\/notas\/2025-05-07\/Portada%20Conferencia%20la%20importancia%20de%20ejercer%20la%20abogac%C3%ADa.jpg?itok=9Th3d2_l 1420w\u0022 sizes=\u0022100vw\u0022 src=\u0022\/sites\/default\/files\/styles\/max_1300x1300\/public\/notas\/2025-05-07\/Portada%20Conferencia%20la%20importancia%20de%20ejercer%20la%20abogac%C3%ADa.jpg?itok=WYTTV3ZO\u0022 alt=\u0022Imparten conferencia sobre la importancia de ejercer la abogac\u00eda\u0022 typeof=\u0022foaf:Image\u0022 class=\u0022img-fluid\u0022 \/\u003E\n\n  \u003C\/picture\u003E\n\n\u003C\/div\u003E\n      \n  \n\n      \u003Cdiv  class=\u0022boton-expander\u0022\u003E\n        \n                  \u003Cdiv class=\u0022item-list\u0022\u003E\u003Cul\u003E\u003Cli\u003E\u003Ca href=\u0022\/ds-switch-view-mode\/node\/23149\/media_collapsed?selector=view-mode-media_expanded\u0022 class=\u0022use-ajax\u0022\u003E\u2191\u003C\/a\u003E\u003C\/li\u003E\u003C\/ul\u003E\u003C\/div\u003E\n      \n  \n    \u003C\/div\u003E\n\n\n  \u003C\/div\u003E\n\n  \u003Cdiv class=\u0022area-info group-middle\u0022\u003E\n    \n\u003Cdiv  class=\u0022inner\u0022\u003E\n          \n                          \u003Ch2  class=\u0022titulo\u0022 \u003E\n        Imparten conferencia sobre la importancia de ejercer la abogac\u00eda\n\u003C\/h2\u003E\n      \n  \n\n    \n                          \u003Cdiv  class=\u0022resumen\u0022 \u003E\n      Un llamado a los estudiantes a evaluar sus aptitudes y desarrollar sus fortalezas con disciplina y dedicaci\u00f3n\u003C\/div\u003E\n      \n  \n\n\n\u003Cdiv  class=\u0022datos\u0022\u003E\n            \u003Cdiv  class=\u0022autor\u0022\u003E\n            \u003Cdiv  class=\u0022field-label-inline\u0022\u003EPor\u003C\/div\u003E\n  \n                  \u003Ca href=\u0022\/autores\/guadalupe-tapia-vela\u0022 hreflang=\u0022es\u0022\u003EGuadalupe Tapia Vela \u003C\/a\u003E\n      \n  \n    \u003C\/div\u003E\n\n      \u003Cdiv  class=\u0022campus\u0022\u003E\n            \u003Cdiv  class=\u0022field-label-inline\u0022\u003ECampus\u003C\/div\u003E\n  \n                  \u003Ca href=\u0022\/campus\/tijuana\u0022 hreflang=\u0022es\u0022\u003ETijuana\u003C\/a\u003E\n      \n  \n    \u003C\/div\u003E\n\n    \n                          \u003Cdiv  class=\u0022fecha\u0022 \u003E\n      8 de Mayo de 2025\u003C\/div\u003E\n      \n  \n\n\n  \u003C\/div\u003E\n    \n                          \u003Cdiv  class=\u0022texto\u0022 \u003E\n      \u003Cp\u003EEl pasado mi\u00e9rcoles 7 de mayo, la Facultad de Derecho Tijuana llev\u00f3 a cabo la conferencia \u201cLa importancia de ejercer la abogac\u00eda\u201d, impartida por el licenciado Hip\u00f3lito P\u00e9rez Jim\u00e9nez, a la cual asistieron estudiantes de la carrera de Derecho y docentes de la facultad.\u003C\/p\u003E\n\n\u003Cp\u003EDurante su intervenci\u00f3n, el licenciado P\u00e9rez Jim\u00e9nez coment\u00f3 que al iniciar su carrera de Derecho no ten\u00eda un objetivo real o claro y egres\u00f3 con ciertos objetivos distorsionados pensando lo que deber\u00eda de ser una abogado. \u201cEl prop\u00f3sito de yo estar frente a ustedes es para expresarles, comentarles y platicarles mi experiencia; que podamos aprender de mis errores, de mis aciertos o de lo que yo les comente del deber ser dentro de nuestra carrera como abogados\u201d, enfatiz\u00f3.\u00a0\u003C\/p\u003E\n\n\u003Cp\u003EEl abogado expres\u00f3 que el prop\u00f3sito por el cual se estudia Derecho normalmente va a ser por molestia de las injusticias, proteger o defender, encasill\u00e1ndolos como \u201cprop\u00f3sitos rom\u00e1nticos\u201d; sin embargo destac\u00f3 que estos prop\u00f3sitos van a cambiar, \u201clos objetivos que tenemos como estudiantes van a cambiar, la carrera no es una l\u00ednea recta y en ese camino ustedes tendr\u00e1n que dedicar a construir carriles\u201d, afirm\u00f3.\u00a0\u003C\/p\u003E\n\n\u003Cp\u003ELa charla se centr\u00f3 en reflexionar sobre cinco preguntas esenciales: \u00bfC\u00f3mo ser abogado?; \u00bfPor qu\u00e9 ser abogado?; \u00bfQu\u00e9 es el \u00e9xito profesional?; \u00bfQu\u00e9 herramientas se requieren para alcanzarlo?; y \u00bfQu\u00e9 es ser un abogado?\u003C\/p\u003E\n\n\u003Cp\u003EPara \u00e9l, el camino para convertirse en un abogado no se resume en obtener un t\u00edtulo o ejercer la profesi\u00f3n. Se\u00f1al\u00f3 que el verdadero abogado es aquel que, adem\u00e1s de conocer la ley, act\u00faa con \u00e9tica, integridad y compromiso con sus clientes. \u201cHay quienes obtienen un t\u00edtulo y practican, pero lesionan a quienes conf\u00edan en ellos al aprovecharse de su desesperaci\u00f3n. \u00bfEso es ser abogado?\u201d, cuestion\u00f3.\u003C\/p\u003E\n\n\u003Cp\u003EEn cuanto al \u00e9xito, lo describi\u00f3 como un proceso continuo y no un destino final. \u201cEl \u00e9xito no es ganar un caso o tener un gran despacho. Es disfrutar del camino, mejorar constantemente y encontrar prop\u00f3sito en lo que se hace\u201d, a\u00f1adi\u00f3.\u003C\/p\u003E\n\n\u003Cp\u003ELa conferencia cerr\u00f3 con un llamado a los y las estudiantes a evaluar sus aptitudes y desarrollar sus fortalezas con disciplina y dedicaci\u00f3n. Adem\u00e1s, se resalt\u00f3 que no todos tienen las mismas habilidades, pero todos pueden construirlas; la clave est\u00e1 en identificarlas, estructurarlas y practicarlas hasta alcanzar la excelencia.\u003C\/p\u003E\u003C\/div\u003E\n      \n  \n\n    \n            \u003Cdiv  class=\u0022palabras-clave\u0022\u003E\n                        \u003Ca href=\u0022\/tags\/fd\u0022 hreflang=\u0022es\u0022\u003EFD\u003C\/a\u003E\n                \u003Ca href=\u0022\/tags\/abogados\u0022 hreflang=\u0022es\u0022\u003EAbogados\u003C\/a\u003E\n                \u003Ca href=\u0022\/tags\/estudiantes-de-derecho\u0022 hreflang=\u0022es\u0022\u003EEstudiantes de derecho\u003C\/a\u003E\n      \n      \u003C\/div\u003E\n  \n\n\n  \u003C\/div\u003E\n\n  \u003C\/div\u003E\n\n  \u003Cdiv class=\u0022area-extras group-right\u0022\u003E\n        \n                          \u003Cdiv  class=\u0022enlace-blockBottom\u0022 \u003E\n      \u003Cdiv\u003EVer m\u00e1s \u003Ca href=\u0022http:\/\/gaceta.uabc.mx\/notas\u0022\u003ENotas\u003C\/a\u003E\u003C\/div\u003E\n\u003C\/div\u003E\n      \n  \n\n\n  \u003C\/div\u003E\n\n\u003C\/div\u003E\n\n","settings":null}]