[{"command":"settings","settings":{"pluralDelimiter":"\u0003","suppressDeprecationErrors":true,"ajaxPageState":{"libraries":"core\/drupal.ajax,core\/picturefill,ds\/ds_3col_equal_width","theme":"gaceta","theme_token":null},"ajaxTrustedUrl":[],"field_group":{"html_element":{"mode":"media_expanded","context":"view","settings":{"classes":"datos","show_empty_fields":false,"id":"","element":"div","show_label":false,"label_element":"h3","label_element_classes":"","attributes":"","effect":"none","speed":"fast"}}},"user":{"uid":0,"permissionsHash":"55dc977d165ab1e05e51b6cc6487f6d73e65ab536d99ee82c6990d9001d5c21c"}},"merge":true},{"command":"add_css","data":"\u003Clink rel=\u0022stylesheet\u0022 media=\u0022all\u0022 href=\u0022\/sites\/default\/files\/css\/css_mxJrjoKKAZuuB4_4f-B1u9VnFZxvSor3Az4JEdrFEso.css\u0022 \/\u003E\n\u003Clink rel=\u0022stylesheet\u0022 media=\u0022all\u0022 href=\u0022\/sites\/default\/files\/css\/css_-BXSGQpS8YTwwuXGbPoshUvZ7W-_HbYR3H7d0DA_mEY.css\u0022 \/\u003E\n\u003Clink rel=\u0022stylesheet\u0022 media=\u0022all\u0022 href=\u0022\/sites\/default\/files\/css\/css_89YreTu0npezhXSakRJR9TVHyBS9bTcyt0s3IckAe-M.css\u0022 \/\u003E\n"},{"command":"add_js","selector":"body","data":[{"src":"\/sites\/default\/files\/js\/js_9UaAhXvc9u0KYXXUw-OKyLP2baQxdV4zY3Y_KGurcvY.js"},{"src":"\/sites\/default\/files\/js\/js_oDJxUBLBzfRb_FDgNfkNOm9-tiatS2kNfxQIeVRZA7Y.js"},{"src":"\/sites\/default\/files\/js\/js_YM82KRuzNIr2X-Kb8pQW8cOcSbWgQ_QGKclTYJ_aMlI.js"},{"src":"\/sites\/default\/files\/js\/js_pqqsPPmPmxKgamY6qk_WSawtL05XH_yAY8GkPHVyahI.js"}]},{"command":"insert","method":"replaceWith","selector":".view-mode-full","data":"\u003Cdiv data-history-node-id=\u002223153\u0022 class=\u0022contenido view-mode-media_expanded ds-3col-equal clearfix\u0022\u003E\n\n  \n\n  \u003Cdiv class=\u0022area-medios group-left\u0022\u003E\n        \n                          \u003Cdiv  class=\u0022imagen\u0022 \u003E\n          \u003Cpicture\u003E\n                  \u003Csource srcset=\u0022\/sites\/default\/files\/styles\/max_650x650\/public\/notas\/2025-05-08\/Portada%20para%20Gaceta%20%284%29.webp?itok=iJ6yoVHX 650w, \/sites\/default\/files\/styles\/max_1300x1300\/public\/notas\/2025-05-08\/Portada%20para%20Gaceta%20%284%29.webp?itok=PzSwPvuw 1300w, \/sites\/default\/files\/styles\/max_1900x1900\/public\/notas\/2025-05-08\/Portada%20para%20Gaceta%20%284%29.webp?itok=rEN0wBsb 1420w\u0022 type=\u0022image\/webp\u0022 sizes=\u0022100vw\u0022\/\u003E\n              \u003Csource srcset=\u0022\/sites\/default\/files\/styles\/max_650x650\/public\/notas\/2025-05-08\/Portada%20para%20Gaceta%20%284%29.jpg?itok=iJ6yoVHX 650w, \/sites\/default\/files\/styles\/max_1300x1300\/public\/notas\/2025-05-08\/Portada%20para%20Gaceta%20%284%29.jpg?itok=PzSwPvuw 1300w, \/sites\/default\/files\/styles\/max_1900x1900\/public\/notas\/2025-05-08\/Portada%20para%20Gaceta%20%284%29.jpg?itok=rEN0wBsb 1420w\u0022 type=\u0022image\/jpeg\u0022 sizes=\u0022100vw\u0022\/\u003E\n                  \u003Cimg srcset=\u0022\/sites\/default\/files\/styles\/max_650x650\/public\/notas\/2025-05-08\/Portada%20para%20Gaceta%20%284%29.jpg?itok=iJ6yoVHX 650w, \/sites\/default\/files\/styles\/max_1300x1300\/public\/notas\/2025-05-08\/Portada%20para%20Gaceta%20%284%29.jpg?itok=PzSwPvuw 1300w, \/sites\/default\/files\/styles\/max_1900x1900\/public\/notas\/2025-05-08\/Portada%20para%20Gaceta%20%284%29.jpg?itok=rEN0wBsb 1420w\u0022 sizes=\u0022100vw\u0022 src=\u0022\/sites\/default\/files\/styles\/max_1300x1300\/public\/notas\/2025-05-08\/Portada%20para%20Gaceta%20%284%29.jpg?itok=PzSwPvuw\u0022 alt=\u0022UABC participa en el Network de Dise\u00f1o Transfronterizo de Muebles \u201cCOLABORANDO\u201d\u0022 typeof=\u0022foaf:Image\u0022 class=\u0022img-fluid\u0022 \/\u003E\n\n  \u003C\/picture\u003E\n\n\u003C\/div\u003E\n      \n  \n\n      \u003Cdiv  class=\u0022boton-expander\u0022\u003E\n        \n                  \u003Cdiv class=\u0022item-list\u0022\u003E\u003Cul\u003E\u003Cli\u003E\u003Ca href=\u0022\/ds-switch-view-mode\/node\/23153\/media_collapsed?selector=view-mode-media_expanded\u0022 class=\u0022use-ajax\u0022\u003E\u2191\u003C\/a\u003E\u003C\/li\u003E\u003C\/ul\u003E\u003C\/div\u003E\n      \n  \n    \u003C\/div\u003E\n\n\n  \u003C\/div\u003E\n\n  \u003Cdiv class=\u0022area-info group-middle\u0022\u003E\n    \n\u003Cdiv  class=\u0022inner\u0022\u003E\n          \n                          \u003Ch2  class=\u0022titulo\u0022 \u003E\n        UABC participa en el Network de Dise\u00f1o Transfronterizo de Muebles \u201cCOLABORANDO\u201d\n\u003C\/h2\u003E\n      \n  \n\n    \n                          \u003Cdiv  class=\u0022resumen\u0022 \u003E\n      Contribuyendo al desarrollo del dise\u00f1o y la innovaci\u00f3n en la frontera\u003C\/div\u003E\n      \n  \n\n\n\u003Cdiv  class=\u0022datos\u0022\u003E\n            \u003Cdiv  class=\u0022autor\u0022\u003E\n            \u003Cdiv  class=\u0022field-label-inline\u0022\u003EPor\u003C\/div\u003E\n  \n                  \u003Ca href=\u0022\/autores\/karla-rodriguez\u0022 hreflang=\u0022es\u0022\u003EKarla Rodriguez\u003C\/a\u003E\n      \n  \n    \u003C\/div\u003E\n\n      \u003Cdiv  class=\u0022campus\u0022\u003E\n            \u003Cdiv  class=\u0022field-label-inline\u0022\u003ECampus\u003C\/div\u003E\n  \n                  \u003Ca href=\u0022\/campus\/tijuana\u0022 hreflang=\u0022es\u0022\u003ETijuana\u003C\/a\u003E\n      \n  \n    \u003C\/div\u003E\n\n    \n                          \u003Cdiv  class=\u0022fecha\u0022 \u003E\n      8 de Mayo de 2025\u003C\/div\u003E\n      \n  \n\n\n  \u003C\/div\u003E\n    \n                          \u003Cdiv  class=\u0022texto\u0022 \u003E\n      \u003Cp\u003EEl pasado 3 de mayo del presente a\u00f1o, bajo los trabajos del proyecto Dise\u00f1o Transfronterizo de Muebles, se llev\u00f3 a cabo el evento \u201cCOLABORANDO\u201d.\u00a0 Se cont\u00f3 con la participaci\u00f3n de la Facultad de Ciencias de la Ingenier\u00eda y Tecnolog\u00eda (FCITEC) de la UABC, en una jornada de vinculaci\u00f3n y reflexi\u00f3n organizada por el estudio-taller \u201cTres Trazos\u201d, con sede en la ciudad de Tijuana.\u003C\/p\u003E\n\n\u003Cp\u003EEl encuentro tuvo como prop\u00f3sito generar un espacio de intercambio entre actores clave del dise\u00f1o de mobiliario en la regi\u00f3n fronteriza, mediante actividades de networking, talleres, charlas y paneles de discusi\u00f3n.\u00a0\u003C\/p\u003E\n\n\u003Cp\u003EUno de los momentos m\u00e1s destacados fue la mesa de discusi\u00f3n \u201cV\u00ednculos productivos: dise\u00f1o y proveedores\u201d, en la que particip\u00f3 el doctor Vladimir Becerril Mendoza, profesor-investigador de la carrera de Dise\u00f1o Industrial de la FCITEC, con una intervenci\u00f3n sobre el uso racional de materiales y la tecnolog\u00eda de la madera en el dise\u00f1o de mobiliario.\u003C\/p\u003E\n\n\u003Cp\u003EAs\u00ed como la dise\u00f1adora industrial Diana Silva, ceo de \u201cTres Trazos\u201d, quien habl\u00f3 sobre el impacto del neurodise\u00f1o en la vida cotidiana y el rol social del dise\u00f1o de objetos y espacios.\u003C\/p\u003E\n\n\u003Cp\u003ESe cont\u00f3 con la presencia de Alonso Delgadillo, artista urbano y muralista tijuanense, quien imparti\u00f3 el taller \u201cEntre el arte y el dise\u00f1o, todo puede suceder\u201d, donde comparti\u00f3 su experiencia creativa e inspiradora en torno a la ciudad como fuente de memoria y transformaci\u00f3n visual; con el licenciado H\u00e9ctor Trujillo Liz\u00e1rraga, socio fundador de HT Inspires The Best Tijuana, quien comparti\u00f3 su experiencia empresarial en el desarrollo de soluciones funcionales, ergon\u00f3micas y est\u00e9ticas para distintos sectores industriales.\u00a0\u00a0\u003C\/p\u003E\n\n\u003Cp\u003ETambi\u00e9n estuvo presente la licenciada Janeth Silva, con la charla \u201cVender significados, no productos\u201d, enfocada en la relevancia del capital humano en la construcci\u00f3n de marcas con prop\u00f3sito y el ingeniero Antonio Silva, con el tema \u201cLa metalmec\u00e1nica y el mobiliario\u201d, donde se abord\u00f3 la relaci\u00f3n entre procesos industriales y dise\u00f1o de producto desde una perspectiva de optimizaci\u00f3n y sostenibilidad.\u00a0\u003C\/p\u003E\n\n\u003Cp\u003EEl evento permiti\u00f3 a estudiantes de Dise\u00f1o Industrial y emprendedores, generar una red de contactos e impulsar el dise\u00f1o de muebles en la regi\u00f3n, fomentando la colaboraci\u00f3n transfronteriza en el \u00e1mbito del dise\u00f1o, a trav\u00e9s de la creaci\u00f3n de redes con profesionales del sector, propiciando as\u00ed el intercambio de conocimientos, experiencias y propuestas de innovaci\u00f3n.\u003C\/p\u003E\n\n\u003Cp\u003E\u00a0\u003C\/p\u003E\u003C\/div\u003E\n      \n  \n\n    \n            \u003Cdiv  class=\u0022palabras-clave\u0022\u003E\n                        \u003Ca href=\u0022\/tags\/fcitec\u0022 hreflang=\u0022es\u0022\u003EFCITEC\u003C\/a\u003E\n                \u003Ca href=\u0022\/tags\/diseno-industrial\u0022 hreflang=\u0022es\u0022\u003EDise\u00f1o Industrial\u003C\/a\u003E\n                \u003Ca href=\u0022\/tags\/vinculacion\u0022 hreflang=\u0022es\u0022\u003EVinculaci\u00f3n\u003C\/a\u003E\n      \n      \u003C\/div\u003E\n  \n\n\n  \u003C\/div\u003E\n\n  \u003C\/div\u003E\n\n  \u003Cdiv class=\u0022area-extras group-right\u0022\u003E\n        \n                          \u003Cdiv  class=\u0022enlace-blockBottom\u0022 \u003E\n      \u003Cdiv\u003EVer m\u00e1s \u003Ca href=\u0022http:\/\/gaceta.uabc.mx\/notas\u0022\u003ENotas\u003C\/a\u003E\u003C\/div\u003E\n\u003C\/div\u003E\n      \n  \n\n\n  \u003C\/div\u003E\n\n\u003C\/div\u003E\n\n","settings":null}]