[{"command":"settings","settings":{"pluralDelimiter":"\u0003","suppressDeprecationErrors":true,"ajaxPageState":{"libraries":"core\/drupal.ajax,core\/picturefill,ds\/ds_3col_equal_width","theme":"gaceta","theme_token":null},"ajaxTrustedUrl":[],"field_group":{"html_element":{"mode":"media_expanded","context":"view","settings":{"classes":"datos","show_empty_fields":false,"id":"","element":"div","show_label":false,"label_element":"h3","label_element_classes":"","attributes":"","effect":"none","speed":"fast"}}},"user":{"uid":0,"permissionsHash":"55dc977d165ab1e05e51b6cc6487f6d73e65ab536d99ee82c6990d9001d5c21c"}},"merge":true},{"command":"add_css","data":"\u003Clink rel=\u0022stylesheet\u0022 media=\u0022all\u0022 href=\u0022\/sites\/default\/files\/css\/css_mxJrjoKKAZuuB4_4f-B1u9VnFZxvSor3Az4JEdrFEso.css\u0022 \/\u003E\n\u003Clink rel=\u0022stylesheet\u0022 media=\u0022all\u0022 href=\u0022\/sites\/default\/files\/css\/css_-BXSGQpS8YTwwuXGbPoshUvZ7W-_HbYR3H7d0DA_mEY.css\u0022 \/\u003E\n\u003Clink rel=\u0022stylesheet\u0022 media=\u0022all\u0022 href=\u0022\/sites\/default\/files\/css\/css_89YreTu0npezhXSakRJR9TVHyBS9bTcyt0s3IckAe-M.css\u0022 \/\u003E\n"},{"command":"add_js","selector":"body","data":[{"src":"\/sites\/default\/files\/js\/js_9UaAhXvc9u0KYXXUw-OKyLP2baQxdV4zY3Y_KGurcvY.js"},{"src":"\/sites\/default\/files\/js\/js_oDJxUBLBzfRb_FDgNfkNOm9-tiatS2kNfxQIeVRZA7Y.js"},{"src":"\/sites\/default\/files\/js\/js_YM82KRuzNIr2X-Kb8pQW8cOcSbWgQ_QGKclTYJ_aMlI.js"},{"src":"\/sites\/default\/files\/js\/js_pqqsPPmPmxKgamY6qk_WSawtL05XH_yAY8GkPHVyahI.js"}]},{"command":"insert","method":"replaceWith","selector":".view-mode-full","data":"\u003Cdiv data-history-node-id=\u002223164\u0022 class=\u0022contenido view-mode-media_expanded ds-3col-equal clearfix\u0022\u003E\n\n  \n\n  \u003Cdiv class=\u0022area-medios group-left\u0022\u003E\n        \n                          \u003Cdiv  class=\u0022imagen\u0022 \u003E\n          \u003Cpicture\u003E\n                  \u003Csource srcset=\u0022\/sites\/default\/files\/styles\/max_650x650\/public\/notas\/2025-05-09\/IMG_9370.webp?itok=qyvl2xHG 650w, \/sites\/default\/files\/styles\/max_1300x1300\/public\/notas\/2025-05-09\/IMG_9370.webp?itok=WwZAPeQh 1300w, \/sites\/default\/files\/styles\/max_1900x1900\/public\/notas\/2025-05-09\/IMG_9370.webp?itok=noJJZDZy 1900w\u0022 type=\u0022image\/webp\u0022 sizes=\u0022100vw\u0022\/\u003E\n              \u003Csource srcset=\u0022\/sites\/default\/files\/styles\/max_650x650\/public\/notas\/2025-05-09\/IMG_9370.JPG?itok=qyvl2xHG 650w, \/sites\/default\/files\/styles\/max_1300x1300\/public\/notas\/2025-05-09\/IMG_9370.JPG?itok=WwZAPeQh 1300w, \/sites\/default\/files\/styles\/max_1900x1900\/public\/notas\/2025-05-09\/IMG_9370.JPG?itok=noJJZDZy 1900w\u0022 type=\u0022image\/jpeg\u0022 sizes=\u0022100vw\u0022\/\u003E\n                  \u003Cimg srcset=\u0022\/sites\/default\/files\/styles\/max_650x650\/public\/notas\/2025-05-09\/IMG_9370.JPG?itok=qyvl2xHG 650w, \/sites\/default\/files\/styles\/max_1300x1300\/public\/notas\/2025-05-09\/IMG_9370.JPG?itok=WwZAPeQh 1300w, \/sites\/default\/files\/styles\/max_1900x1900\/public\/notas\/2025-05-09\/IMG_9370.JPG?itok=noJJZDZy 1900w\u0022 sizes=\u0022100vw\u0022 src=\u0022\/sites\/default\/files\/styles\/max_1300x1300\/public\/notas\/2025-05-09\/IMG_9370.JPG?itok=WwZAPeQh\u0022 alt=\u0022Estudiante de la Licenciatura en Ciencias de la Educaci\u00f3n recibi\u00f3 atenci\u00f3n y asesor\u00eda m\u00e9dica.\u0022 typeof=\u0022foaf:Image\u0022 class=\u0022img-fluid\u0022 \/\u003E\n\n  \u003C\/picture\u003E\n\n\u003C\/div\u003E\n      \n  \n\n      \u003Cdiv  class=\u0022boton-expander\u0022\u003E\n        \n                  \u003Cdiv class=\u0022item-list\u0022\u003E\u003Cul\u003E\u003Cli\u003E\u003Ca href=\u0022\/ds-switch-view-mode\/node\/23164\/media_collapsed?selector=view-mode-media_expanded\u0022 class=\u0022use-ajax\u0022\u003E\u2191\u003C\/a\u003E\u003C\/li\u003E\u003C\/ul\u003E\u003C\/div\u003E\n      \n  \n    \u003C\/div\u003E\n\n\n  \u003C\/div\u003E\n\n  \u003Cdiv class=\u0022area-info group-middle\u0022\u003E\n    \n\u003Cdiv  class=\u0022inner\u0022\u003E\n          \n                          \u003Ch2  class=\u0022titulo\u0022 \u003E\n        La FCASI impulsa el bienestar con su XXII Feria de la Salud\n\u003C\/h2\u003E\n      \n  \n\n    \n                          \u003Cdiv  class=\u0022resumen\u0022 \u003E\n      Se benefici\u00f3 a 431 personas con informaci\u00f3n, servicios de salud y nutrici\u00f3n y prevenci\u00f3n de adicciones\u003C\/div\u003E\n      \n  \n\n\n\u003Cdiv  class=\u0022datos\u0022\u003E\n            \u003Cdiv  class=\u0022autor\u0022\u003E\n            \u003Cdiv  class=\u0022field-label-inline\u0022\u003EPor\u003C\/div\u003E\n  \n                  \u003Ca href=\u0022\/autores\/milthon-minor\u0022 hreflang=\u0022es\u0022\u003EMilthon Minor\u003C\/a\u003E\n      \n  \n    \u003C\/div\u003E\n\n      \u003Cdiv  class=\u0022campus\u0022\u003E\n            \u003Cdiv  class=\u0022field-label-inline\u0022\u003ECampus\u003C\/div\u003E\n  \n                  \u003Ca href=\u0022\/campus\/mexicali\u0022 hreflang=\u0022es\u0022\u003EMexicali\u003C\/a\u003E\n      \n  \n    \u003C\/div\u003E\n\n    \n                          \u003Cdiv  class=\u0022fecha\u0022 \u003E\n      9 de Mayo de 2025\u003C\/div\u003E\n      \n  \n\n\n  \u003C\/div\u003E\n    \n                          \u003Cdiv  class=\u0022texto\u0022 \u003E\n      \u003Cp\u003ELa Facultad de Ciencias Administrativas, Sociales e Ingenier\u00eda (FCASI) llev\u00f3 a cabo con \u00e9xito su XXII Feria de la Salud, una iniciativa clave en sus acciones de prevenci\u00f3n y cuidado dirigidas a estudiantes y personal acad\u00e9mico, administrativo y de intendencia.\u003C\/p\u003E\n\n\u003Cp\u003ESe instalaron m\u00f3dulos informativos, asesor\u00edas, atenci\u00f3n odontol\u00f3gica, vacunaci\u00f3n, pl\u00e1ticas y una conferencia, con estos servicios se logr\u00f3 beneficiar a 431 personas.\u003Cbr \/\u003E\nLa directora de la unidad acad\u00e9mica, doctora Griselda Guill\u00e9n Ojeda, expres\u00f3 que estas estrategias fortalecen el bienestar de toda la comunidad universitaria, por lo que se pidi\u00f3 el apoyo a distintas instituciones y facultades de la UABC que aceptaron con gusto participar.\u003C\/p\u003E\n\n\u003Cp\u003ELa organizaci\u00f3n estuvo a cargo del \u00c1rea de Orientaci\u00f3n Educativa y Psicopedag\u00f3gica de la facultad, bajo la coordinaci\u00f3n de la maestra Flor Bianey Moreno Salcido.\u003C\/p\u003E\n\n\u003Cp\u003EDurante la feria, se instalaron en la explanada diversos m\u00f3dulos informativos: sobre el cuidado de la salud, a cargo de la Facultad de Enfermer\u00eda; promoci\u00f3n de la salud nutricional, por parte de la Facultad de Medicina; de prevenci\u00f3n de adicciones, ofrecido por el Centro de Integraci\u00f3n Juvenil de Mexicali; y un espacio informativo del Instituto de la Mujer.\u003C\/p\u003E\n\n\u003Cp\u003EAdem\u00e1s, se dispuso un m\u00f3dulo preventivo para vacunaci\u00f3n y realizaci\u00f3n de pruebas r\u00e1pidas de VIH, s\u00edfilis y hepatitis C, coordinado por el Centro de Atenci\u00f3n Avanzada Primaria a la Salud, de la Secretar\u00eda de Salud del Estado. Complementando estas acciones, la Facultad de Odontolog\u00eda ofreci\u00f3 revisiones odontol\u00f3gicas gratuitas para todos los interesados. En total se atendieron a 222 personas con estos servicios.\u003C\/p\u003E\n\n\u003Cp\u003EEl programa de la feria incluy\u00f3 diversas pl\u00e1ticas y una conferencia magistral, buscando brindar a la comunidad estudiantil acceso a informaci\u00f3n relevante para concientizar y sensibilizar sobre temas de gran impacto, como la salud mental, las adicciones y la alimentaci\u00f3n. La asistencia fue de 209 alumnas y alumnos.\u003C\/p\u003E\n\n\u003Cp\u003EEntre las pl\u00e1ticas ofrecidas destacaron: \u0022El uso de las redes sociales y su relaci\u00f3n con la ansiedad\u0022, \u0022Nutre tu cuerpo\u0022 y \u0022Alimentaci\u00f3n sostenible\u0022. La conferencia principal fue \u0022Da\u00f1os y consecuencias del consumo de drogas\u0022.\u003Cbr \/\u003E\n\u00a0\u003C\/p\u003E\u003C\/div\u003E\n      \n  \n\n    \n            \u003Cdiv  class=\u0022palabras-clave\u0022\u003E\n                        \u003Ca href=\u0022\/tags\/salud\u0022 hreflang=\u0022es\u0022\u003ESalud\u003C\/a\u003E\n                \u003Ca href=\u0022\/tags\/fcasi\u0022 hreflang=\u0022es\u0022\u003EFCASI \u003C\/a\u003E\n                \u003Ca href=\u0022\/tags\/feria-de-la-salud\u0022 hreflang=\u0022es\u0022\u003EFeria de la Salud\u003C\/a\u003E\n      \n      \u003C\/div\u003E\n  \n\n\n  \u003C\/div\u003E\n\n  \u003C\/div\u003E\n\n  \u003Cdiv class=\u0022area-extras group-right\u0022\u003E\n        \n                          \u003Cdiv  class=\u0022enlace-blockBottom\u0022 \u003E\n      \u003Cdiv\u003EVer m\u00e1s \u003Ca href=\u0022http:\/\/gaceta.uabc.mx\/notas\u0022\u003ENotas\u003C\/a\u003E\u003C\/div\u003E\n\u003C\/div\u003E\n      \n  \n\n\n  \u003C\/div\u003E\n\n\u003C\/div\u003E\n\n","settings":null}]