[{"command":"settings","settings":{"pluralDelimiter":"\u0003","suppressDeprecationErrors":true,"ajaxPageState":{"libraries":"core\/drupal.ajax,core\/picturefill,ds\/ds_3col_equal_width","theme":"gaceta","theme_token":null},"ajaxTrustedUrl":[],"field_group":{"html_element":{"mode":"media_expanded","context":"view","settings":{"classes":"datos","show_empty_fields":false,"id":"","element":"div","show_label":false,"label_element":"h3","label_element_classes":"","attributes":"","effect":"none","speed":"fast"}}},"user":{"uid":0,"permissionsHash":"55dc977d165ab1e05e51b6cc6487f6d73e65ab536d99ee82c6990d9001d5c21c"}},"merge":true},{"command":"add_css","data":"\u003Clink rel=\u0022stylesheet\u0022 media=\u0022all\u0022 href=\u0022\/sites\/default\/files\/css\/css_mxJrjoKKAZuuB4_4f-B1u9VnFZxvSor3Az4JEdrFEso.css\u0022 \/\u003E\n\u003Clink rel=\u0022stylesheet\u0022 media=\u0022all\u0022 href=\u0022\/sites\/default\/files\/css\/css_-BXSGQpS8YTwwuXGbPoshUvZ7W-_HbYR3H7d0DA_mEY.css\u0022 \/\u003E\n\u003Clink rel=\u0022stylesheet\u0022 media=\u0022all\u0022 href=\u0022\/sites\/default\/files\/css\/css_89YreTu0npezhXSakRJR9TVHyBS9bTcyt0s3IckAe-M.css\u0022 \/\u003E\n"},{"command":"add_js","selector":"body","data":[{"src":"\/sites\/default\/files\/js\/js_9UaAhXvc9u0KYXXUw-OKyLP2baQxdV4zY3Y_KGurcvY.js"},{"src":"\/sites\/default\/files\/js\/js_oDJxUBLBzfRb_FDgNfkNOm9-tiatS2kNfxQIeVRZA7Y.js"},{"src":"\/sites\/default\/files\/js\/js_YM82KRuzNIr2X-Kb8pQW8cOcSbWgQ_QGKclTYJ_aMlI.js"},{"src":"\/sites\/default\/files\/js\/js_pqqsPPmPmxKgamY6qk_WSawtL05XH_yAY8GkPHVyahI.js"}]},{"command":"insert","method":"replaceWith","selector":".view-mode-full","data":"\u003Cdiv data-history-node-id=\u002223170\u0022 class=\u0022contenido view-mode-media_expanded ds-3col-equal clearfix\u0022\u003E\n\n  \n\n  \u003Cdiv class=\u0022area-medios group-left\u0022\u003E\n        \n                          \u003Cdiv  class=\u0022imagen\u0022 \u003E\n          \u003Cpicture\u003E\n                  \u003Csource srcset=\u0022\/sites\/default\/files\/styles\/max_650x650\/public\/notas\/2025-05-09\/495576273_634266762948038_5754375272085125345_n.webp?itok=a0f4_fB3 650w, \/sites\/default\/files\/styles\/max_1900x1900\/public\/notas\/2025-05-09\/495576273_634266762948038_5754375272085125345_n.webp?itok=7f_xhV8J 1280w\u0022 type=\u0022image\/webp\u0022 sizes=\u0022100vw\u0022\/\u003E\n              \u003Csource srcset=\u0022\/sites\/default\/files\/styles\/max_650x650\/public\/notas\/2025-05-09\/495576273_634266762948038_5754375272085125345_n.jpg?itok=a0f4_fB3 650w, \/sites\/default\/files\/styles\/max_1900x1900\/public\/notas\/2025-05-09\/495576273_634266762948038_5754375272085125345_n.jpg?itok=7f_xhV8J 1280w\u0022 type=\u0022image\/jpeg\u0022 sizes=\u0022100vw\u0022\/\u003E\n                  \u003Cimg srcset=\u0022\/sites\/default\/files\/styles\/max_650x650\/public\/notas\/2025-05-09\/495576273_634266762948038_5754375272085125345_n.jpg?itok=a0f4_fB3 650w, \/sites\/default\/files\/styles\/max_1900x1900\/public\/notas\/2025-05-09\/495576273_634266762948038_5754375272085125345_n.jpg?itok=7f_xhV8J 1280w\u0022 sizes=\u0022100vw\u0022 src=\u0022\/sites\/default\/files\/styles\/max_1300x1300\/public\/notas\/2025-05-09\/495576273_634266762948038_5754375272085125345_n.jpg?itok=DgrgjREA\u0022 alt=\u0022Facultad de Pedagog\u00eda de la UABC fortalece v\u00ednculos comunitarios a trav\u00e9s de actividades educativas en el Centro Comunitario CONAFE del poblado El Hongo\u0022 typeof=\u0022foaf:Image\u0022 class=\u0022img-fluid\u0022 \/\u003E\n\n  \u003C\/picture\u003E\n\n\u003C\/div\u003E\n      \n  \n\n      \u003Cdiv  class=\u0022boton-expander\u0022\u003E\n        \n                  \u003Cdiv class=\u0022item-list\u0022\u003E\u003Cul\u003E\u003Cli\u003E\u003Ca href=\u0022\/ds-switch-view-mode\/node\/23170\/media_collapsed?selector=view-mode-media_expanded\u0022 class=\u0022use-ajax\u0022\u003E\u2191\u003C\/a\u003E\u003C\/li\u003E\u003C\/ul\u003E\u003C\/div\u003E\n      \n  \n    \u003C\/div\u003E\n\n\n  \u003C\/div\u003E\n\n  \u003Cdiv class=\u0022area-info group-middle\u0022\u003E\n    \n\u003Cdiv  class=\u0022inner\u0022\u003E\n          \n                          \u003Ch2  class=\u0022titulo\u0022 \u003E\n        La Facultad de Pedagog\u00eda ofreci\u00f3 actividades educativas en el Centro Comunitario CONAFE del poblado El Hongo\n\u003C\/h2\u003E\n      \n  \n\n    \n                          \u003Cdiv  class=\u0022resumen\u0022 \u003E\n      Compromiso con la vinculaci\u00f3n social y la formaci\u00f3n integral\u003C\/div\u003E\n      \n  \n\n\n\u003Cdiv  class=\u0022datos\u0022\u003E\n            \u003Cdiv  class=\u0022autor\u0022\u003E\n            \u003Cdiv  class=\u0022field-label-inline\u0022\u003EPor\u003C\/div\u003E\n  \n                  \u003Ca href=\u0022\/autores\/lidia-arely-valle-nevarez-0\u0022 hreflang=\u0022es\u0022\u003ELidia Arely Valle Nevarez \u003C\/a\u003E\n      \n  \n    \u003C\/div\u003E\n\n      \u003Cdiv  class=\u0022campus\u0022\u003E\n            \u003Cdiv  class=\u0022field-label-inline\u0022\u003ECampus\u003C\/div\u003E\n  \n                  \u003Ca href=\u0022\/campus\/mexicali\u0022 hreflang=\u0022es\u0022\u003EMexicali\u003C\/a\u003E\n      \n  \n    \u003C\/div\u003E\n\n    \n                          \u003Cdiv  class=\u0022fecha\u0022 \u003E\n      12 de Mayo de 2025\u003C\/div\u003E\n      \n  \n\n\n  \u003C\/div\u003E\n    \n                          \u003Cdiv  class=\u0022texto\u0022 \u003E\n      \u003Cp\u003EEl pasado 8 de mayo de 2025, docentes y estudiantes de la Facultad de Pedagog\u00eda e Innovaci\u00f3n Educativa realizaron una visita al Centro Comunitario de CONAFE en el poblado El Hongo, como parte de las acciones de vinculaci\u00f3n social y formaci\u00f3n integral que impulsa nuestra unidad acad\u00e9mica.\u003C\/p\u003E\n\n\u003Cp\u003EEl objetivo principal de esta actividad fue promover el acercamiento de la ni\u00f1ez y juventud de comunidades marginadas al conocimiento cient\u00edfico, el pensamiento matem\u00e1tico, la lectura y el juego educativo, mediante din\u00e1micas l\u00fadicas dise\u00f1adas y ejecutadas por estudiantes de los distintos programas educativos de la facultad.\u003C\/p\u003E\n\n\u003Cp\u003EDurante la jornada, se desarrollaron actividades centradas en el fomento a la lectura, la difusi\u00f3n de la ciencia, la estimulaci\u00f3n del pensamiento l\u00f3gico-matem\u00e1tico y la recreaci\u00f3n creativa. Estas estrategias buscan despertar la curiosidad, fortalecer el aprendizaje y fomentar valores comunitarios, contribuyendo as\u00ed al desarrollo integral de las ni\u00f1as, ni\u00f1os y adolescentes atendidos por CONAFE.\u003C\/p\u003E\n\n\u003Cp\u003EEsta experiencia tambi\u00e9n representa un ejercicio de formaci\u00f3n en campo para nuestros estudiantes, quienes ponen en pr\u00e1ctica conocimientos te\u00f3ricos y metodol\u00f3gicos en contextos reales, fortaleciendo sus habilidades profesionales y su compromiso con el entorno social.\u003C\/p\u003E\n\n\u003Cp\u003ESe agradeci\u00f3 al maestro Juan G\u00e1lvez Lugo y a su equipo de trabajo en CONAFE por abrir las puertas del Centro Comunitario y permitir un intercambio tan significativo. Asimismo, se reconoci\u00f3 la participaci\u00f3n de las y los docentes que acompa\u00f1aron esta actividad: Leidy Hern\u00e1ndez Meza, Miriam Janeth Lugo G\u00f3mez, Fernando F\u00e9lix Sol\u00eds Cortez, Adri\u00e1n G\u00f3mez Arciga, Alina Noem\u00ed Pacheco Romero y Diana Marlene Valenzuela Cabanillas, quienes, con su gu\u00eda y compromiso, fortalecen la formaci\u00f3n del estudiantado.\u003C\/p\u003E\n\n\u003Cp\u003EEste tipo de acciones reafirman el compromiso de la Facultad de Pedagog\u00eda e Innovaci\u00f3n Educativa y la UABC con la responsabilidad social, la educaci\u00f3n comunitaria y la democratizaci\u00f3n del conocimiento.\u003C\/p\u003E\u003C\/div\u003E\n      \n  \n\n    \n            \u003Cdiv  class=\u0022palabras-clave\u0022\u003E\n                        \u003Ca href=\u0022\/tags\/conafe\u0022 hreflang=\u0022es\u0022\u003EConafe\u003C\/a\u003E\n                \u003Ca href=\u0022\/tags\/ninez\u0022 hreflang=\u0022es\u0022\u003ENi\u00f1ez\u003C\/a\u003E\n                \u003Ca href=\u0022\/tags\/responsabilidad-social\u0022 hreflang=\u0022es\u0022\u003EResponsabilidad Social\u003C\/a\u003E\n      \n      \u003C\/div\u003E\n  \n\n\n  \u003C\/div\u003E\n\n  \u003C\/div\u003E\n\n  \u003Cdiv class=\u0022area-extras group-right\u0022\u003E\n        \n                          \u003Cdiv  class=\u0022enlace-blockBottom\u0022 \u003E\n      \u003Cdiv\u003EVer m\u00e1s \u003Ca href=\u0022http:\/\/gaceta.uabc.mx\/notas\u0022\u003ENotas\u003C\/a\u003E\u003C\/div\u003E\n\u003C\/div\u003E\n      \n  \n\n\n  \u003C\/div\u003E\n\n\u003C\/div\u003E\n\n","settings":null}]