[{"command":"settings","settings":{"pluralDelimiter":"\u0003","suppressDeprecationErrors":true,"ajaxPageState":{"libraries":"core\/drupal.ajax,core\/picturefill,ds\/ds_3col_equal_width","theme":"gaceta","theme_token":null},"ajaxTrustedUrl":[],"field_group":{"html_element":{"mode":"media_expanded","context":"view","settings":{"classes":"datos","show_empty_fields":false,"id":"","element":"div","show_label":false,"label_element":"h3","label_element_classes":"","attributes":"","effect":"none","speed":"fast"}}},"user":{"uid":0,"permissionsHash":"55dc977d165ab1e05e51b6cc6487f6d73e65ab536d99ee82c6990d9001d5c21c"}},"merge":true},{"command":"add_css","data":"\u003Clink rel=\u0022stylesheet\u0022 media=\u0022all\u0022 href=\u0022\/sites\/default\/files\/css\/css_mxJrjoKKAZuuB4_4f-B1u9VnFZxvSor3Az4JEdrFEso.css\u0022 \/\u003E\n\u003Clink rel=\u0022stylesheet\u0022 media=\u0022all\u0022 href=\u0022\/sites\/default\/files\/css\/css_-BXSGQpS8YTwwuXGbPoshUvZ7W-_HbYR3H7d0DA_mEY.css\u0022 \/\u003E\n\u003Clink rel=\u0022stylesheet\u0022 media=\u0022all\u0022 href=\u0022\/sites\/default\/files\/css\/css_89YreTu0npezhXSakRJR9TVHyBS9bTcyt0s3IckAe-M.css\u0022 \/\u003E\n"},{"command":"add_js","selector":"body","data":[{"src":"\/sites\/default\/files\/js\/js_9UaAhXvc9u0KYXXUw-OKyLP2baQxdV4zY3Y_KGurcvY.js"},{"src":"\/sites\/default\/files\/js\/js_oDJxUBLBzfRb_FDgNfkNOm9-tiatS2kNfxQIeVRZA7Y.js"},{"src":"\/sites\/default\/files\/js\/js_YM82KRuzNIr2X-Kb8pQW8cOcSbWgQ_QGKclTYJ_aMlI.js"},{"src":"\/sites\/default\/files\/js\/js_pqqsPPmPmxKgamY6qk_WSawtL05XH_yAY8GkPHVyahI.js"}]},{"command":"insert","method":"replaceWith","selector":".view-mode-full","data":"\u003Cdiv data-history-node-id=\u002223222\u0022 class=\u0022contenido view-mode-media_expanded ds-3col-equal clearfix\u0022\u003E\n\n  \n\n  \u003Cdiv class=\u0022area-medios group-left\u0022\u003E\n        \n                          \u003Cdiv  class=\u0022imagen\u0022 \u003E\n          \u003Cpicture\u003E\n                  \u003Csource srcset=\u0022\/sites\/default\/files\/styles\/max_650x650\/public\/notas\/2025-05-20\/portada%20MUN.webp?itok=msceEGbj 650w, \/sites\/default\/files\/styles\/max_1300x1300\/public\/notas\/2025-05-20\/portada%20MUN.webp?itok=S5oFqKEm 1300w, \/sites\/default\/files\/styles\/max_1900x1900\/public\/notas\/2025-05-20\/portada%20MUN.webp?itok=TiNLF795 1420w\u0022 type=\u0022image\/webp\u0022 sizes=\u0022100vw\u0022\/\u003E\n              \u003Csource srcset=\u0022\/sites\/default\/files\/styles\/max_650x650\/public\/notas\/2025-05-20\/portada%20MUN.jpg?itok=msceEGbj 650w, \/sites\/default\/files\/styles\/max_1300x1300\/public\/notas\/2025-05-20\/portada%20MUN.jpg?itok=S5oFqKEm 1300w, \/sites\/default\/files\/styles\/max_1900x1900\/public\/notas\/2025-05-20\/portada%20MUN.jpg?itok=TiNLF795 1420w\u0022 type=\u0022image\/jpeg\u0022 sizes=\u0022100vw\u0022\/\u003E\n                  \u003Cimg srcset=\u0022\/sites\/default\/files\/styles\/max_650x650\/public\/notas\/2025-05-20\/portada%20MUN.jpg?itok=msceEGbj 650w, \/sites\/default\/files\/styles\/max_1300x1300\/public\/notas\/2025-05-20\/portada%20MUN.jpg?itok=S5oFqKEm 1300w, \/sites\/default\/files\/styles\/max_1900x1900\/public\/notas\/2025-05-20\/portada%20MUN.jpg?itok=TiNLF795 1420w\u0022 sizes=\u0022100vw\u0022 src=\u0022\/sites\/default\/files\/styles\/max_1300x1300\/public\/notas\/2025-05-20\/portada%20MUN.jpg?itok=S5oFqKEm\u0022 alt=\u0022Modelo de Naciones Unidas promueve el pensamiento cr\u00edtico y la diplomacia en la FEyRI\u0022 typeof=\u0022foaf:Image\u0022 class=\u0022img-fluid\u0022 \/\u003E\n\n  \u003C\/picture\u003E\n\n\u003C\/div\u003E\n      \n  \n\n      \u003Cdiv  class=\u0022boton-expander\u0022\u003E\n        \n                  \u003Cdiv class=\u0022item-list\u0022\u003E\u003Cul\u003E\u003Cli\u003E\u003Ca href=\u0022\/ds-switch-view-mode\/node\/23222\/media_collapsed?selector=view-mode-media_expanded\u0022 class=\u0022use-ajax\u0022\u003E\u2191\u003C\/a\u003E\u003C\/li\u003E\u003C\/ul\u003E\u003C\/div\u003E\n      \n  \n    \u003C\/div\u003E\n\n\n  \u003C\/div\u003E\n\n  \u003Cdiv class=\u0022area-info group-middle\u0022\u003E\n    \n\u003Cdiv  class=\u0022inner\u0022\u003E\n          \n                          \u003Ch2  class=\u0022titulo\u0022 \u003E\n        Modelo de Naciones Unidas promueve el pensamiento cr\u00edtico y la diplomacia en la FEyRI\n\u003C\/h2\u003E\n      \n  \n\n    \n                          \u003Cdiv  class=\u0022resumen\u0022 \u003E\n      Estudiantes debaten retos globales en FEYRIMUN 2025\u003C\/div\u003E\n      \n  \n\n\n\u003Cdiv  class=\u0022datos\u0022\u003E\n            \u003Cdiv  class=\u0022autor\u0022\u003E\n            \u003Cdiv  class=\u0022field-label-inline\u0022\u003EPor\u003C\/div\u003E\n  \n                  \u003Ca href=\u0022\/autores\/ericka-ortiz\u0022 hreflang=\u0022es\u0022\u003EEricka Ort\u00edz\u003C\/a\u003E\n      \n  \n    \u003C\/div\u003E\n\n      \u003Cdiv  class=\u0022campus\u0022\u003E\n            \u003Cdiv  class=\u0022field-label-inline\u0022\u003ECampus\u003C\/div\u003E\n  \n                  \u003Ca href=\u0022\/campus\/tijuana\u0022 hreflang=\u0022es\u0022\u003ETijuana\u003C\/a\u003E\n      \n  \n    \u003C\/div\u003E\n\n    \n                          \u003Cdiv  class=\u0022fecha\u0022 \u003E\n      21 de Mayo de 2025\u003C\/div\u003E\n      \n  \n\n\n  \u003C\/div\u003E\n    \n                          \u003Cdiv  class=\u0022texto\u0022 \u003E\n      \u003Cp\u003EEl pasado 16 de mayo, la Facultad de Econom\u00eda y Relaciones Internacionales (FEyRI) de la Universidad Aut\u00f3noma de Baja California (UABC) inaugur\u00f3 el Modelo de Naciones Unidas FEYRIMUN 2025, reuniendo a estudiantes de distintas carreras como Relaciones Internacionales, Gobierno y Pol\u00edticas P\u00fablicas y a profesores de estas distintas carreras.\u00a0\u003C\/p\u003E\n\n\u003Cp\u003EDurante la sesi\u00f3n matutina, las y los estudiantes simularon sesiones diplom\u00e1ticas en los comit\u00e9s de la Asamblea General, el Consejo de Seguridad, el Consejo Econ\u00f3mico y Social, as\u00ed como el Senado de la Rep\u00fablica, desarrollando habilidades clave como la negociaci\u00f3n, el pensamiento cr\u00edtico, la expresi\u00f3n oral y el an\u00e1lisis de problemas globales desde una perspectiva acad\u00e9mica.\u00a0\u003C\/p\u003E\n\n\u003Cp\u003ELa inauguraci\u00f3n fue realizada por la doctora Erika Chavez Nungaray, directora de la Facultad de Econom\u00eda y Relaciones Internacionales quien destac\u00f3 la importancia de este tipo de ejercicios formativos. \u201cEste tipo de actividades es un espacio de aprendizaje que fortalece el liderazgo estudiantil y la conciencia internacional en nuestros estudiantes\u201d, declar\u00f3.\u003C\/p\u003E\n\n\u003Cp\u003EDurante la sesi\u00f3n del comit\u00e9, se dio apertura al debate centrado en los desaf\u00edos \u00e9ticos y legales del uso de la Inteligencia Artificial (IA) en conflictos armados. Se realiz\u00f3 toma de lista a 26 delegaciones y se invit\u00f3 a los presentes a un minuto de meditaci\u00f3n y reflexi\u00f3n sobre la situaci\u00f3n global actual. El debate se desarroll\u00f3 con orden, sin mayores controversias, permitiendo visibilizar as\u00ed los riesgos como las oportunidades del uso de esta tecnolog\u00eda.\u00a0\u003C\/p\u003E\n\n\u003Cp\u003EAsimismo, por la tarde dio inicio la segunda actividad de la jornada sobre una simulaci\u00f3n de senado, en la que las y los estudiantes participaron en un ejercicio parlamentario que incluy\u00f3 la instalaci\u00f3n de la mesa directiva, donde hubo votaciones hacia la econom\u00eda, contando con 36 senadores en la simulaci\u00f3n.\u003C\/p\u003E\n\n\u003Cp\u003ELa senadora Paola L\u00f3pez Villag\u00f3mez fue electa como presidenta de la mesa directiva, mientras que la vicepresidencia fue ocupada por el senador Santiago del Castillo Hern\u00e1ndez, y la secretar\u00eda fue asignada a un miembro de la comisi\u00f3n de pol\u00edtica econ\u00f3mica, territorial y ambiental.\u003C\/p\u003E\n\n\u003Cp\u003EDurante esta sesi\u00f3n se presentaron iniciativas con proyecto de decreto que abordaron problem\u00e1ticas actuales desde diferentes enfoques. Las intervenciones giraron en torno a propuestas para mejorar el marco legal sobre protecci\u00f3n de datos personales en comunidades ind\u00edgenas, impulsar la econom\u00eda circular en las ciudades, enfrentar los efectos de la gentrificaci\u00f3n ambiental, garantizar la reparaci\u00f3n del da\u00f1o a v\u00edctimas del delito. Adem\u00e1s, se presentaron posturas cr\u00edticas respecto al alcance real de estas reformas y su viabilidad pol\u00edtica, lo que enriqueci\u00f3 el debate legislativo.\u003C\/p\u003E\u003C\/div\u003E\n      \n  \n\n    \n            \u003Cdiv  class=\u0022palabras-clave\u0022\u003E\n                        \u003Ca href=\u0022\/tags\/modelo-de-naciones-unidas\u0022 hreflang=\u0022es\u0022\u003EModelo de Naciones Unidas\u00a0\u003C\/a\u003E\n                \u003Ca href=\u0022\/tags\/simulacion\u0022 hreflang=\u0022es\u0022\u003ESimulaci\u00f3n\u003C\/a\u003E\n                \u003Ca href=\u0022\/tags\/senado-de-la-republica\u0022 hreflang=\u0022es\u0022\u003ESenado de la Rep\u00fablica\u003C\/a\u003E\n      \n      \u003C\/div\u003E\n  \n\n\n  \u003C\/div\u003E\n\n  \u003C\/div\u003E\n\n  \u003Cdiv class=\u0022area-extras group-right\u0022\u003E\n        \n                          \u003Cdiv  class=\u0022enlace-blockBottom\u0022 \u003E\n      \u003Cdiv\u003EVer m\u00e1s \u003Ca href=\u0022http:\/\/gaceta.uabc.mx\/notas\u0022\u003ENotas\u003C\/a\u003E\u003C\/div\u003E\n\u003C\/div\u003E\n      \n  \n\n\n  \u003C\/div\u003E\n\n\u003C\/div\u003E\n\n","settings":null}]