[{"command":"settings","settings":{"pluralDelimiter":"\u0003","suppressDeprecationErrors":true,"ajaxPageState":{"libraries":"core\/drupal.ajax,core\/picturefill,ds\/ds_3col_equal_width","theme":"gaceta","theme_token":null},"ajaxTrustedUrl":[],"field_group":{"html_element":{"mode":"media_expanded","context":"view","settings":{"classes":"datos","show_empty_fields":false,"id":"","element":"div","show_label":false,"label_element":"h3","label_element_classes":"","attributes":"","effect":"none","speed":"fast"}}},"user":{"uid":0,"permissionsHash":"55dc977d165ab1e05e51b6cc6487f6d73e65ab536d99ee82c6990d9001d5c21c"}},"merge":true},{"command":"add_css","data":"\u003Clink rel=\u0022stylesheet\u0022 media=\u0022all\u0022 href=\u0022\/sites\/default\/files\/css\/css_mxJrjoKKAZuuB4_4f-B1u9VnFZxvSor3Az4JEdrFEso.css\u0022 \/\u003E\n\u003Clink rel=\u0022stylesheet\u0022 media=\u0022all\u0022 href=\u0022\/sites\/default\/files\/css\/css_-BXSGQpS8YTwwuXGbPoshUvZ7W-_HbYR3H7d0DA_mEY.css\u0022 \/\u003E\n\u003Clink rel=\u0022stylesheet\u0022 media=\u0022all\u0022 href=\u0022\/sites\/default\/files\/css\/css_89YreTu0npezhXSakRJR9TVHyBS9bTcyt0s3IckAe-M.css\u0022 \/\u003E\n"},{"command":"add_js","selector":"body","data":[{"src":"\/sites\/default\/files\/js\/js_9UaAhXvc9u0KYXXUw-OKyLP2baQxdV4zY3Y_KGurcvY.js"},{"src":"\/sites\/default\/files\/js\/js_oDJxUBLBzfRb_FDgNfkNOm9-tiatS2kNfxQIeVRZA7Y.js"},{"src":"\/sites\/default\/files\/js\/js_YM82KRuzNIr2X-Kb8pQW8cOcSbWgQ_QGKclTYJ_aMlI.js"},{"src":"\/sites\/default\/files\/js\/js_pqqsPPmPmxKgamY6qk_WSawtL05XH_yAY8GkPHVyahI.js"}]},{"command":"insert","method":"replaceWith","selector":".view-mode-full","data":"\u003Cdiv data-history-node-id=\u002223223\u0022 class=\u0022contenido view-mode-media_expanded ds-3col-equal clearfix\u0022\u003E\n\n  \n\n  \u003Cdiv class=\u0022area-medios group-left\u0022\u003E\n        \n                          \u003Cdiv  class=\u0022imagen\u0022 \u003E\n          \u003Cpicture\u003E\n                  \u003Csource srcset=\u0022\/sites\/default\/files\/styles\/max_650x650\/public\/notas\/2025-05-20\/circuito%20de%20salus.webp?itok=9PccQT96 650w, \/sites\/default\/files\/styles\/max_1300x1300\/public\/notas\/2025-05-20\/circuito%20de%20salus.webp?itok=eI27xZnw 1300w, \/sites\/default\/files\/styles\/max_1900x1900\/public\/notas\/2025-05-20\/circuito%20de%20salus.webp?itok=02dI2rO2 1420w\u0022 type=\u0022image\/webp\u0022 sizes=\u0022100vw\u0022\/\u003E\n              \u003Csource srcset=\u0022\/sites\/default\/files\/styles\/max_650x650\/public\/notas\/2025-05-20\/circuito%20de%20salus.jpg?itok=9PccQT96 650w, \/sites\/default\/files\/styles\/max_1300x1300\/public\/notas\/2025-05-20\/circuito%20de%20salus.jpg?itok=eI27xZnw 1300w, \/sites\/default\/files\/styles\/max_1900x1900\/public\/notas\/2025-05-20\/circuito%20de%20salus.jpg?itok=02dI2rO2 1420w\u0022 type=\u0022image\/jpeg\u0022 sizes=\u0022100vw\u0022\/\u003E\n                  \u003Cimg srcset=\u0022\/sites\/default\/files\/styles\/max_650x650\/public\/notas\/2025-05-20\/circuito%20de%20salus.jpg?itok=9PccQT96 650w, \/sites\/default\/files\/styles\/max_1300x1300\/public\/notas\/2025-05-20\/circuito%20de%20salus.jpg?itok=eI27xZnw 1300w, \/sites\/default\/files\/styles\/max_1900x1900\/public\/notas\/2025-05-20\/circuito%20de%20salus.jpg?itok=02dI2rO2 1420w\u0022 sizes=\u0022100vw\u0022 src=\u0022\/sites\/default\/files\/styles\/max_1300x1300\/public\/notas\/2025-05-20\/circuito%20de%20salus.jpg?itok=eI27xZnw\u0022 alt=\u0022Estudiantes de la licenciatura Ciencias de la Comunicaci\u00f3n organizaron el \u201cCircuito de la Salud\u201d en la Facultad de Humanidades y Ciencias Sociales\u0022 typeof=\u0022foaf:Image\u0022 class=\u0022img-fluid\u0022 \/\u003E\n\n  \u003C\/picture\u003E\n\n\u003C\/div\u003E\n      \n  \n\n      \u003Cdiv  class=\u0022boton-expander\u0022\u003E\n        \n                  \u003Cdiv class=\u0022item-list\u0022\u003E\u003Cul\u003E\u003Cli\u003E\u003Ca href=\u0022\/ds-switch-view-mode\/node\/23223\/media_collapsed?selector=view-mode-media_expanded\u0022 class=\u0022use-ajax\u0022\u003E\u2191\u003C\/a\u003E\u003C\/li\u003E\u003C\/ul\u003E\u003C\/div\u003E\n      \n  \n    \u003C\/div\u003E\n\n\n  \u003C\/div\u003E\n\n  \u003Cdiv class=\u0022area-info group-middle\u0022\u003E\n    \n\u003Cdiv  class=\u0022inner\u0022\u003E\n          \n                          \u003Ch2  class=\u0022titulo\u0022 \u003E\n        Estudiantes de la licenciatura Ciencias de la Comunicaci\u00f3n organizaron el \u201cCircuito de la Salud\u201d en la Facultad de Humanidades y Ciencias Sociales\n\u003C\/h2\u003E\n      \n  \n\n    \n                          \u003Cdiv  class=\u0022resumen\u0022 \u003E\n      Con 17 stands interactivos, promoviendo h\u00e1bitos saludables a trav\u00e9s de din\u00e1micas, juegos y carrera de botargas entre la comunidad universitaria\u003C\/div\u003E\n      \n  \n\n\n\u003Cdiv  class=\u0022datos\u0022\u003E\n            \u003Cdiv  class=\u0022autor\u0022\u003E\n            \u003Cdiv  class=\u0022field-label-inline\u0022\u003EPor\u003C\/div\u003E\n  \n                  \u003Ca href=\u0022\/autores\/melissa-prieto\u0022 hreflang=\u0022es\u0022\u003EMelissa Prieto\u003C\/a\u003E\n      \n  \n    \u003C\/div\u003E\n\n      \u003Cdiv  class=\u0022campus\u0022\u003E\n            \u003Cdiv  class=\u0022field-label-inline\u0022\u003ECampus\u003C\/div\u003E\n  \n                  \u003Ca href=\u0022\/campus\/tijuana\u0022 hreflang=\u0022es\u0022\u003ETijuana\u003C\/a\u003E\n      \n  \n    \u003C\/div\u003E\n\n    \n                          \u003Cdiv  class=\u0022fecha\u0022 \u003E\n      21 de Mayo de 2025\u003C\/div\u003E\n      \n  \n\n\n  \u003C\/div\u003E\n    \n                          \u003Cdiv  class=\u0022texto\u0022 \u003E\n      \u003Cp\u003EEl jueves 15 de mayo, se llev\u00f3 a cabo la primera edici\u00f3n del \u201cCircuito de la Salud\u201d en la Facultad de Humanidades y Ciencias Sociales (FHyCS) de la UABC campus Tijuana, evento organizado por estudiantes de los grupos 571 y 572 de la licenciatura en Ciencias de la Comunicaci\u00f3n como parte de la materia Comunicaci\u00f3n y Salud. Ofreciendo a las y los asistentes una serie de din\u00e1micas enfocadas en el cuidado f\u00edsico, mental y emocional.\u003C\/p\u003E\n\n\u003Cp\u003EDurante la inauguraci\u00f3n, se cont\u00f3 con la presencia de la doctora Diana Denisse Merchant Ley, directora de la facultad; la maestra Rocio Villanueva, coordinadora del evento y la organizadora, la maestra Concepci\u00f3n Baxin Melgoza, quien agradeci\u00f3 el esfuerzo de las y los estudiantes y destac\u00f3 que este circuito es resultado de todo un semestre de trabajo. \u201cEsta actividad no solamente se reduce a este evento, sino que ha sido todo un semestre de preparaci\u00f3n, de investigar y sobre todo de planear varias actividades\u201d, expres\u00f3 la maestra.\u003C\/p\u003E\n\n\u003Cp\u003ELa jornada incluy\u00f3 17 stands interactivos con tem\u00e1ticas que iban desde el manejo del estr\u00e9s y la toma de decisiones hasta el fomento del ejercicio f\u00edsico y la alimentaci\u00f3n consciente. Actividades como \u201cRompiendo el estr\u00e9s\u201d, \u201cNube de emociones\u201d, \u201cActiva tu vida\u201d, \u201cEscucha tus articulaciones\u201d y la divertida \u201cCarrera de botargas\u201d ofrecieron una experiencia din\u00e1mica y educativa.\u003C\/p\u003E\n\n\u003Cp\u003E\u201cNo solo se trata de aplicar los conocimientos adquiridos en clase, sino tambi\u00e9n de hacer una aportaci\u00f3n a los compa\u00f1eros universitarios, compartiendo din\u00e1micas que fomenten mejores h\u00e1bitos alimenticios y saludables para aplicarlos en la vida cotidiana\u201d, mencion\u00f3 la maestra Baxin.\u003C\/p\u003E\n\n\u003Cp\u003EEl evento se bas\u00f3 en un diagn\u00f3stico realizado en distintas facultades, en el que se identificaron problem\u00e1ticas como estr\u00e9s, ansiedad, sedentarismo y mala alimentaci\u00f3n, por lo que el circuito fue pensado como una intervenci\u00f3n directa con fines preventivos y educativos.\u003C\/p\u003E\n\n\u003Cp\u003EAdem\u00e1s, se reconoci\u00f3 el compromiso de varios asesores y colaboradores, como la nutri\u00f3loga Ximena L\u00f3pez, el equipo de Athletic Club, y otros profesionales que apoyaron el desarrollo de los proyectos.\u003C\/p\u003E\n\n\u003Cp\u003EEl \u201cCircuito de la Salud\u201d dej\u00f3 una huella positiva en la comunidad estudiantil, y marc\u00f3 el inicio de una propuesta que se espera replicar en futuras ediciones. Con una clara vocaci\u00f3n social y formativa, este evento demostr\u00f3 c\u00f3mo la comunicaci\u00f3n puede ser una poderosa herramienta para transformar h\u00e1bitos y mejorar la calidad de vida.\u003C\/p\u003E\u003C\/div\u003E\n      \n  \n\n    \n            \u003Cdiv  class=\u0022palabras-clave\u0022\u003E\n                        \u003Ca href=\u0022\/tags\/salud-integral\u0022 hreflang=\u0022es\u0022\u003ESalud Integral\u003C\/a\u003E\n                \u003Ca href=\u0022\/tags\/facultad-de-humanidades-y-ciencias-sociales\u0022 hreflang=\u0022es\u0022\u003EFacultad de Humanidades y Ciencias Sociales\u003C\/a\u003E\n                \u003Ca href=\u0022\/tags\/licenciatura-en-ciencias-de-la-comunicacion\u0022 hreflang=\u0022es\u0022\u003ELicenciatura en Ciencias de la Comunicaci\u00f3n\u003C\/a\u003E\n      \n      \u003C\/div\u003E\n  \n\n\n  \u003C\/div\u003E\n\n  \u003C\/div\u003E\n\n  \u003Cdiv class=\u0022area-extras group-right\u0022\u003E\n        \n                          \u003Cdiv  class=\u0022enlace-blockBottom\u0022 \u003E\n      \u003Cdiv\u003EVer m\u00e1s \u003Ca href=\u0022http:\/\/gaceta.uabc.mx\/notas\u0022\u003ENotas\u003C\/a\u003E\u003C\/div\u003E\n\u003C\/div\u003E\n      \n  \n\n\n  \u003C\/div\u003E\n\n\u003C\/div\u003E\n\n","settings":null}]