[{"command":"settings","settings":{"pluralDelimiter":"\u0003","suppressDeprecationErrors":true,"ajaxPageState":{"libraries":"core\/drupal.ajax,core\/picturefill,ds\/ds_3col_equal_width","theme":"gaceta","theme_token":null},"ajaxTrustedUrl":[],"field_group":{"html_element":{"mode":"media_expanded","context":"view","settings":{"classes":"datos","show_empty_fields":false,"id":"","element":"div","show_label":false,"label_element":"h3","label_element_classes":"","attributes":"","effect":"none","speed":"fast"}}},"user":{"uid":0,"permissionsHash":"55dc977d165ab1e05e51b6cc6487f6d73e65ab536d99ee82c6990d9001d5c21c"}},"merge":true},{"command":"add_css","data":"\u003Clink rel=\u0022stylesheet\u0022 media=\u0022all\u0022 href=\u0022\/sites\/default\/files\/css\/css_mxJrjoKKAZuuB4_4f-B1u9VnFZxvSor3Az4JEdrFEso.css\u0022 \/\u003E\n\u003Clink rel=\u0022stylesheet\u0022 media=\u0022all\u0022 href=\u0022\/sites\/default\/files\/css\/css_-BXSGQpS8YTwwuXGbPoshUvZ7W-_HbYR3H7d0DA_mEY.css\u0022 \/\u003E\n\u003Clink rel=\u0022stylesheet\u0022 media=\u0022all\u0022 href=\u0022\/sites\/default\/files\/css\/css_89YreTu0npezhXSakRJR9TVHyBS9bTcyt0s3IckAe-M.css\u0022 \/\u003E\n"},{"command":"add_js","selector":"body","data":[{"src":"\/sites\/default\/files\/js\/js_9UaAhXvc9u0KYXXUw-OKyLP2baQxdV4zY3Y_KGurcvY.js"},{"src":"\/sites\/default\/files\/js\/js_oDJxUBLBzfRb_FDgNfkNOm9-tiatS2kNfxQIeVRZA7Y.js"},{"src":"\/sites\/default\/files\/js\/js_YM82KRuzNIr2X-Kb8pQW8cOcSbWgQ_QGKclTYJ_aMlI.js"},{"src":"\/sites\/default\/files\/js\/js_pqqsPPmPmxKgamY6qk_WSawtL05XH_yAY8GkPHVyahI.js"}]},{"command":"insert","method":"replaceWith","selector":".view-mode-full","data":"\u003Cdiv data-history-node-id=\u002223229\u0022 class=\u0022contenido view-mode-media_expanded ds-3col-equal clearfix\u0022\u003E\n\n  \n\n  \u003Cdiv class=\u0022area-medios group-left\u0022\u003E\n        \n                          \u003Cdiv  class=\u0022imagen\u0022 \u003E\n          \u003Cpicture\u003E\n                  \u003Csource srcset=\u0022\/sites\/default\/files\/styles\/max_650x650\/public\/notas\/2025-05-21\/congreso%20FCIAS.webp?itok=vTaGjsVX 650w, \/sites\/default\/files\/styles\/max_1300x1300\/public\/notas\/2025-05-21\/congreso%20FCIAS.webp?itok=LaNyLHzK 1300w, \/sites\/default\/files\/styles\/max_1900x1900\/public\/notas\/2025-05-21\/congreso%20FCIAS.webp?itok=MvuS-Evi 1420w\u0022 type=\u0022image\/webp\u0022 sizes=\u0022100vw\u0022\/\u003E\n              \u003Csource srcset=\u0022\/sites\/default\/files\/styles\/max_650x650\/public\/notas\/2025-05-21\/congreso%20FCIAS.jpg?itok=vTaGjsVX 650w, \/sites\/default\/files\/styles\/max_1300x1300\/public\/notas\/2025-05-21\/congreso%20FCIAS.jpg?itok=LaNyLHzK 1300w, \/sites\/default\/files\/styles\/max_1900x1900\/public\/notas\/2025-05-21\/congreso%20FCIAS.jpg?itok=MvuS-Evi 1420w\u0022 type=\u0022image\/jpeg\u0022 sizes=\u0022100vw\u0022\/\u003E\n                  \u003Cimg srcset=\u0022\/sites\/default\/files\/styles\/max_650x650\/public\/notas\/2025-05-21\/congreso%20FCIAS.jpg?itok=vTaGjsVX 650w, \/sites\/default\/files\/styles\/max_1300x1300\/public\/notas\/2025-05-21\/congreso%20FCIAS.jpg?itok=LaNyLHzK 1300w, \/sites\/default\/files\/styles\/max_1900x1900\/public\/notas\/2025-05-21\/congreso%20FCIAS.jpg?itok=MvuS-Evi 1420w\u0022 sizes=\u0022100vw\u0022 src=\u0022\/sites\/default\/files\/styles\/max_1300x1300\/public\/notas\/2025-05-21\/congreso%20FCIAS.jpg?itok=LaNyLHzK\u0022 alt=\u0022La Facultad de Ciencias de la Ingenier\u00eda, Administrativas y Sociales llev\u00f3 a cabo el seminario \u201cNegocios y Emprendimientos sociales: actualidad, retos y desaf\u00edos\u0026quot;\u0022 typeof=\u0022foaf:Image\u0022 class=\u0022img-fluid\u0022 \/\u003E\n\n  \u003C\/picture\u003E\n\n\u003C\/div\u003E\n      \n  \n\n      \u003Cdiv  class=\u0022boton-expander\u0022\u003E\n        \n                  \u003Cdiv class=\u0022item-list\u0022\u003E\u003Cul\u003E\u003Cli\u003E\u003Ca href=\u0022\/ds-switch-view-mode\/node\/23229\/media_collapsed?selector=view-mode-media_expanded\u0022 class=\u0022use-ajax\u0022\u003E\u2191\u003C\/a\u003E\u003C\/li\u003E\u003C\/ul\u003E\u003C\/div\u003E\n      \n  \n    \u003C\/div\u003E\n\n\n  \u003C\/div\u003E\n\n  \u003Cdiv class=\u0022area-info group-middle\u0022\u003E\n    \n\u003Cdiv  class=\u0022inner\u0022\u003E\n          \n                          \u003Ch2  class=\u0022titulo\u0022 \u003E\n        La Facultad de Ciencias de la Ingenier\u00eda, Administrativas y Sociales llev\u00f3 a cabo el seminario \u201cNegocios y Emprendimientos sociales: actualidad, retos y desaf\u00edos\u0026quot;\n\u003C\/h2\u003E\n      \n  \n\n    \n                          \u003Cdiv  class=\u0022resumen\u0022 \u003E\n      Participaron 35 empresarios, 15 docentes y m\u00e1s de 50 estudiantes de la facultad\u003C\/div\u003E\n      \n  \n\n\n\u003Cdiv  class=\u0022datos\u0022\u003E\n            \u003Cdiv  class=\u0022autor\u0022\u003E\n            \u003Cdiv  class=\u0022field-label-inline\u0022\u003EPor\u003C\/div\u003E\n  \n                  \u003Ca href=\u0022\/autores\/elias-castillo\u0022 hreflang=\u0022es\u0022\u003EEl\u00edas Castillo\u003C\/a\u003E\n      \n  \n    \u003C\/div\u003E\n\n      \u003Cdiv  class=\u0022campus\u0022\u003E\n            \u003Cdiv  class=\u0022field-label-inline\u0022\u003ECampus\u003C\/div\u003E\n  \n                  \u003Ca href=\u0022\/campus\/tijuana\u0022 hreflang=\u0022es\u0022\u003ETijuana\u003C\/a\u003E\n      \n  \n    \u003C\/div\u003E\n\n    \n                          \u003Cdiv  class=\u0022fecha\u0022 \u003E\n      21 de Mayo de 2025\u003C\/div\u003E\n      \n  \n\n\n  \u003C\/div\u003E\n    \n                          \u003Cdiv  class=\u0022texto\u0022 \u003E\n      \u003Cp\u003EEl pasado 13 de mayo, la Facultad de Ciencias de la Ingenier\u00eda, Administrativas y Sociales (FCIAS), de la UABC campus Tijuana, unidad Tecate, llev\u00f3 a cabo el evento acad\u00e9mico \u201cNegocios y Emprendimientos sociales: actualidad, retos y desaf\u00edos\u0022; enfocado en el encuentro de acad\u00e9micos, investigadores, estudiantes y microempresarios, con el objetivo de fortalecer el desarrollo de microempresas como negocios sociales.\u00a0\u003C\/p\u003E\n\n\u003Cp\u003EEl evento fue inaugurado por el doctor Mauricio Iv\u00e1n Vargas Mendoza, director de la FCIAS, quien resalt\u00f3 la importancia de la retribuci\u00f3n a la comunidad con este tipo de eventos ya que la sociedad es quien aporta a la universidad para su funcionamiento; adem\u00e1s de la utilidad de compartir con microempresarios conocimientos y herramientas que potencien la competitividad de sus negocios.\u003C\/p\u003E\n\n\u003Cp\u003ESe cont\u00f3 con la presencia de docentes de la FCIAS y estudiantes, quienes abordaron tem\u00e1ticas clave para la transformaci\u00f3n empresarial, escolar y acad\u00e9mica, as\u00ed como su incidencia en el desarrollo sostenible; adem\u00e1s de los microempresarios, quienes estuvieron tomaron notas y realizaron preguntas para fomentar la retroalimentaci\u00f3n y el conocimiento de las tem\u00e1ticas expuestas.\u00a0\u003C\/p\u003E\n\n\u003Cp\u003ELas cuatro ponencias presentadas abordaron diversos temas de inter\u00e9s para el microempresario, estudiantes y docentes, como el papel de las microempresas en el desarrollo sostenible, colaborando desde su entorno y contexto, para lograr los Objetivos de Desarrollo Sostenible enmarcados por la Organizaci\u00f3n de las Naciones Unidas. Tambi\u00e9n se permiti\u00f3 conocer los resultados de una investigaci\u00f3n que indica a opini\u00f3n de los microempresarios encuestados, el aprendizaje que les dej\u00f3 el COVID, y las acciones que tomaron para enfrentarlo. Adem\u00e1s, se comparti\u00f3 la importancia que tiene el uso de las Tecnolog\u00edas de la Informaci\u00f3n y Comunicaci\u00f3n (TIC) para operar con mayor eficiencia y eficacia y ser m\u00e1s competitivos o impulsar su crecimiento. El evento culmin\u00f3 con la conferencia \u201cHerramientas digitales para el control interno en los Negocios sociales\u201d guiada por estudiantes del grupo 144, de la licenciatura en Contadur\u00eda, quienes compartieron tips y herramientas tecnol\u00f3gicas y digitales de aplicaci\u00f3n pr\u00e1ctica para micro y peque\u00f1os negocios, para propiciar una gesti\u00f3n m\u00e1s eficiente.\u00a0\u003C\/p\u003E\n\n\u003Cp\u003EEste evento reafirm\u00f3 el compromiso de la facultad en la creaci\u00f3n y exposici\u00f3n del conocimiento, aplic\u00e1ndolo en el desarrollo de microempresas. Adem\u00e1s del trabajo colectivo y el desarrollo sostenible dentro de grupos de trabajos de investigaci\u00f3n y cuerpos acad\u00e9micos, impulsando la colaboraci\u00f3n entre la academia y el sector productivo para conocer los desaf\u00edos actuales de la sociedad y las herramientas para combatirlos.\u003C\/p\u003E\n\n\u003Cp\u003E\u00a0\u003C\/p\u003E\u003C\/div\u003E\n      \n  \n\n    \n            \u003Cdiv  class=\u0022palabras-clave\u0022\u003E\n                        \u003Ca href=\u0022\/tags\/microempresas\u0022 hreflang=\u0022es\u0022\u003Emicroempresas\u003C\/a\u003E\n                \u003Ca href=\u0022\/tags\/mipymes\u0022 hreflang=\u0022es\u0022\u003EMipymes\u003C\/a\u003E\n      \n      \u003C\/div\u003E\n  \n\n\n  \u003C\/div\u003E\n\n  \u003C\/div\u003E\n\n  \u003Cdiv class=\u0022area-extras group-right\u0022\u003E\n        \n                          \u003Cdiv  class=\u0022enlace-blockBottom\u0022 \u003E\n      \u003Cdiv\u003EVer m\u00e1s \u003Ca href=\u0022http:\/\/gaceta.uabc.mx\/notas\u0022\u003ENotas\u003C\/a\u003E\u003C\/div\u003E\n\u003C\/div\u003E\n      \n  \n\n\n  \u003C\/div\u003E\n\n\u003C\/div\u003E\n\n","settings":null}]