[{"command":"settings","settings":{"pluralDelimiter":"\u0003","suppressDeprecationErrors":true,"ajaxPageState":{"libraries":"core\/drupal.ajax,core\/picturefill,ds\/ds_3col_equal_width","theme":"gaceta","theme_token":null},"ajaxTrustedUrl":[],"field_group":{"html_element":{"mode":"media_expanded","context":"view","settings":{"classes":"datos","show_empty_fields":false,"id":"","element":"div","show_label":false,"label_element":"h3","label_element_classes":"","attributes":"","effect":"none","speed":"fast"}}},"user":{"uid":0,"permissionsHash":"55dc977d165ab1e05e51b6cc6487f6d73e65ab536d99ee82c6990d9001d5c21c"}},"merge":true},{"command":"add_css","data":"\u003Clink rel=\u0022stylesheet\u0022 media=\u0022all\u0022 href=\u0022\/sites\/default\/files\/css\/css_mxJrjoKKAZuuB4_4f-B1u9VnFZxvSor3Az4JEdrFEso.css\u0022 \/\u003E\n\u003Clink rel=\u0022stylesheet\u0022 media=\u0022all\u0022 href=\u0022\/sites\/default\/files\/css\/css_-BXSGQpS8YTwwuXGbPoshUvZ7W-_HbYR3H7d0DA_mEY.css\u0022 \/\u003E\n\u003Clink rel=\u0022stylesheet\u0022 media=\u0022all\u0022 href=\u0022\/sites\/default\/files\/css\/css_89YreTu0npezhXSakRJR9TVHyBS9bTcyt0s3IckAe-M.css\u0022 \/\u003E\n"},{"command":"add_js","selector":"body","data":[{"src":"\/sites\/default\/files\/js\/js_9UaAhXvc9u0KYXXUw-OKyLP2baQxdV4zY3Y_KGurcvY.js"},{"src":"\/sites\/default\/files\/js\/js_oDJxUBLBzfRb_FDgNfkNOm9-tiatS2kNfxQIeVRZA7Y.js"},{"src":"\/sites\/default\/files\/js\/js_YM82KRuzNIr2X-Kb8pQW8cOcSbWgQ_QGKclTYJ_aMlI.js"},{"src":"\/sites\/default\/files\/js\/js_pqqsPPmPmxKgamY6qk_WSawtL05XH_yAY8GkPHVyahI.js"}]},{"command":"insert","method":"replaceWith","selector":".view-mode-full","data":"\u003Cdiv data-history-node-id=\u002223278\u0022 class=\u0022contenido view-mode-media_expanded ds-3col-equal clearfix\u0022\u003E\n\n  \n\n  \u003Cdiv class=\u0022area-medios group-left\u0022\u003E\n        \n                          \u003Cdiv  class=\u0022imagen\u0022 \u003E\n          \u003Cpicture\u003E\n                  \u003Csource srcset=\u0022\/sites\/default\/files\/styles\/max_650x650\/public\/notas\/2025-05-27\/Portada%20Toma%20protesta%20FITT.webp?itok=nqWzuCnI 650w, \/sites\/default\/files\/styles\/max_1300x1300\/public\/notas\/2025-05-27\/Portada%20Toma%20protesta%20FITT.webp?itok=4SnFy-KI 1300w, \/sites\/default\/files\/styles\/max_1900x1900\/public\/notas\/2025-05-27\/Portada%20Toma%20protesta%20FITT.webp?itok=xK8k3qrN 1420w\u0022 type=\u0022image\/webp\u0022 sizes=\u0022100vw\u0022\/\u003E\n              \u003Csource srcset=\u0022\/sites\/default\/files\/styles\/max_650x650\/public\/notas\/2025-05-27\/Portada%20Toma%20protesta%20FITT.jpeg?itok=nqWzuCnI 650w, \/sites\/default\/files\/styles\/max_1300x1300\/public\/notas\/2025-05-27\/Portada%20Toma%20protesta%20FITT.jpeg?itok=4SnFy-KI 1300w, \/sites\/default\/files\/styles\/max_1900x1900\/public\/notas\/2025-05-27\/Portada%20Toma%20protesta%20FITT.jpeg?itok=xK8k3qrN 1420w\u0022 type=\u0022image\/jpeg\u0022 sizes=\u0022100vw\u0022\/\u003E\n                  \u003Cimg srcset=\u0022\/sites\/default\/files\/styles\/max_650x650\/public\/notas\/2025-05-27\/Portada%20Toma%20protesta%20FITT.jpeg?itok=nqWzuCnI 650w, \/sites\/default\/files\/styles\/max_1300x1300\/public\/notas\/2025-05-27\/Portada%20Toma%20protesta%20FITT.jpeg?itok=4SnFy-KI 1300w, \/sites\/default\/files\/styles\/max_1900x1900\/public\/notas\/2025-05-27\/Portada%20Toma%20protesta%20FITT.jpeg?itok=xK8k3qrN 1420w\u0022 sizes=\u0022100vw\u0022 src=\u0022\/sites\/default\/files\/styles\/max_1300x1300\/public\/notas\/2025-05-27\/Portada%20Toma%20protesta%20FITT.jpeg?itok=4SnFy-KI\u0022 alt=\u0022Toma de protesta la nueva subdirectora de la Facultad de Idiomas Tijuana, extensi\u00f3n Tecate\u0022 typeof=\u0022foaf:Image\u0022 class=\u0022img-fluid\u0022 \/\u003E\n\n  \u003C\/picture\u003E\n\n\u003C\/div\u003E\n      \n  \n\n      \u003Cdiv  class=\u0022boton-expander\u0022\u003E\n        \n                  \u003Cdiv class=\u0022item-list\u0022\u003E\u003Cul\u003E\u003Cli\u003E\u003Ca href=\u0022\/ds-switch-view-mode\/node\/23278\/media_collapsed?selector=view-mode-media_expanded\u0022 class=\u0022use-ajax\u0022\u003E\u2191\u003C\/a\u003E\u003C\/li\u003E\u003C\/ul\u003E\u003C\/div\u003E\n      \n  \n    \u003C\/div\u003E\n\n\n  \u003C\/div\u003E\n\n  \u003Cdiv class=\u0022area-info group-middle\u0022\u003E\n    \n\u003Cdiv  class=\u0022inner\u0022\u003E\n          \n                          \u003Ch2  class=\u0022titulo\u0022 \u003E\n        Tom\u00f3 protesta la nueva subdirectora de la Facultad de Idiomas Tijuana, extensi\u00f3n Tecate\n\u003C\/h2\u003E\n      \n  \n\n    \n                          \u003Cdiv  class=\u0022resumen\u0022 \u003E\n      Resaltan la importancia del trabajo en equipo para el progreso acad\u00e9mico\u003C\/div\u003E\n      \n  \n\n\n\u003Cdiv  class=\u0022datos\u0022\u003E\n            \u003Cdiv  class=\u0022autor\u0022\u003E\n            \u003Cdiv  class=\u0022field-label-inline\u0022\u003EPor\u003C\/div\u003E\n  \n                  \u003Ca href=\u0022\/autores\/guadalupe-tapia-vela\u0022 hreflang=\u0022es\u0022\u003EGuadalupe Tapia Vela \u003C\/a\u003E\n      \n  \n    \u003C\/div\u003E\n\n      \u003Cdiv  class=\u0022campus\u0022\u003E\n            \u003Cdiv  class=\u0022field-label-inline\u0022\u003ECampus\u003C\/div\u003E\n  \n                  \u003Ca href=\u0022\/campus\/tijuana\u0022 hreflang=\u0022es\u0022\u003ETijuana\u003C\/a\u003E\n      \n  \n    \u003C\/div\u003E\n\n    \n                          \u003Cdiv  class=\u0022fecha\u0022 \u003E\n      28 de Mayo de 2025\u003C\/div\u003E\n      \n  \n\n\n  \u003C\/div\u003E\n    \n                          \u003Cdiv  class=\u0022texto\u0022 \u003E\n      \u003Cp\u003EEl d\u00eda martes 27 de mayo, se llev\u00f3 a cabo la toma de protesta de la nueva subdirectora de la Facultad de Idiomas Tijuana (FIT), extensi\u00f3n Tecate, recibi\u00f3 el cargo la maestra Oyuki Torres Chora, marcando as\u00ed el inicio de una nueva gesti\u00f3n.\u003C\/p\u003E\n\n\u003Cp\u003EEstuvo presente la maestra Ana Rosa Zamora Leyva, directora de la facultad quien expres\u00f3: \u201cNo empiezas de cero maestra Oyuki, tienes detr\u00e1s de ti un trabajo muy importante que se ha realizado por excelentes directores y directoras. Nos da mucho gusto que seas t\u00fa quien est\u00e9 a cargo de ello, porque te vemos con ese entusiasmo, ese dinamismo, esa mirada nueva y esta visi\u00f3n para hacer crecer lo que todos ellos han trabajado tanto, tienes a todo un equipo de trabajo que ha demostrado que unidos pueden hacer grandes cosas\u201d.\u003C\/p\u003E\n\n\u003Cp\u003EEn su mensaje, la maestra Zamora a\u00f1adi\u00f3 que la nueva subdirectora fue seleccionada a partir de un proceso en el que se consideraron perfiles propuestos por la comunidad universitaria, destacando su compromiso con los valores institucionales y su experiencia acad\u00e9mica. Adem\u00e1s, agradeci\u00f3 de manera especial a la maestra Norma Valenzuela por su entrega y trabajo durante el periodo anterior, reconociendo su valiosa contribuci\u00f3n al desarrollo de la FIT extensi\u00f3n Tecate.\u003C\/p\u003E\n\n\u003Cp\u003EPor su parte, la doctora Hayde\u00e9 Gomez Llanos Ju\u00e1rez, vicerrectora del campus Tijuana, resalt\u00f3 que la FIT extensi\u00f3n Tecate, est\u00e1 presente siempre como una unidad que va creciendo y a la cual se le debe todo el apoyo y el respeto. \u201cLo han demostrado a lo largo de los a\u00f1os, han ido creciendo, las metas cada vez son m\u00e1s, y los objetivos parecer\u00eda que los vemos m\u00e1s lejos pero en realidad con el trabajo en equipo que han venido realizando es que se ha visto una mejora continua\u201d, resalt\u00f3.\u00a0\u003C\/p\u003E\n\n\u003Cp\u003EAsimismo, se\u00f1al\u00f3 que esta nueva etapa representa una oportunidad para seguir consolidando los proyectos acad\u00e9micos, fortalecer los v\u00ednculos con la comunidad estudiantil y mantener el crecimiento sostenido que ha caracterizado a la Facultad de Idiomas en esta regi\u00f3n. Tambi\u00e9n subray\u00f3 la relevancia del trabajo colaborativo y del compromiso con la excelencia educativa.\u003C\/p\u003E\n\n\u003Cp\u003EFinalmente, la maestra Torres Chora comparti\u00f3 su entusiasmo por asumir el cargo de subdirectora y afirm\u00f3 que, en conjunto con la maestra Ana Rosa Zamora, trabajar\u00e1 para lograr todos los proyectos futuros en pro de la comunidad.\u003C\/p\u003E\n\n\u003Cp\u003E\u003Cimg alt=\u0022.\u0022 data-entity-type=\u0022file\u0022 data-entity-uuid=\u0022b3c03ae6-7639-46bb-8b57-901877fd7911\u0022 src=\u0022\/sites\/default\/files\/inline-images\/toma-protesta-idiomas-tecate.jpg\u0022 width=\u00225008\u0022 height=\u00222340\u0022 loading=\u0022lazy\u0022 \/\u003E\u003C\/p\u003E\u003C\/div\u003E\n      \n  \n\n    \n            \u003Cdiv  class=\u0022palabras-clave\u0022\u003E\n                        \u003Ca href=\u0022\/tags\/toma-de-protesta\u0022 hreflang=\u0022es\u0022\u003EToma de protesta\u003C\/a\u003E\n                \u003Ca href=\u0022\/tags\/facultad-de-idiomas-tecate\u0022 hreflang=\u0022es\u0022\u003EFacultad de Idiomas Tecate\u003C\/a\u003E\n                \u003Ca href=\u0022\/tags\/subdirectora\u0022 hreflang=\u0022es\u0022\u003ESubdirectora\u003C\/a\u003E\n      \n      \u003C\/div\u003E\n  \n\n\n  \u003C\/div\u003E\n\n  \u003C\/div\u003E\n\n  \u003Cdiv class=\u0022area-extras group-right\u0022\u003E\n        \n                          \u003Cdiv  class=\u0022enlace-blockBottom\u0022 \u003E\n      \u003Cdiv\u003EVer m\u00e1s \u003Ca href=\u0022http:\/\/gaceta.uabc.mx\/notas\u0022\u003ENotas\u003C\/a\u003E\u003C\/div\u003E\n\u003C\/div\u003E\n      \n  \n\n\n  \u003C\/div\u003E\n\n\u003C\/div\u003E\n\n","settings":null}]