[{"command":"settings","settings":{"pluralDelimiter":"\u0003","suppressDeprecationErrors":true,"ajaxPageState":{"libraries":"core\/drupal.ajax,core\/picturefill,ds\/ds_3col_equal_width","theme":"gaceta","theme_token":null},"ajaxTrustedUrl":[],"field_group":{"html_element":{"mode":"media_expanded","context":"view","settings":{"classes":"datos","show_empty_fields":false,"id":"","element":"div","show_label":false,"label_element":"h3","label_element_classes":"","attributes":"","effect":"none","speed":"fast"}}},"user":{"uid":0,"permissionsHash":"55dc977d165ab1e05e51b6cc6487f6d73e65ab536d99ee82c6990d9001d5c21c"}},"merge":true},{"command":"add_css","data":"\u003Clink rel=\u0022stylesheet\u0022 media=\u0022all\u0022 href=\u0022\/sites\/default\/files\/css\/css_mxJrjoKKAZuuB4_4f-B1u9VnFZxvSor3Az4JEdrFEso.css\u0022 \/\u003E\n\u003Clink rel=\u0022stylesheet\u0022 media=\u0022all\u0022 href=\u0022\/sites\/default\/files\/css\/css_-BXSGQpS8YTwwuXGbPoshUvZ7W-_HbYR3H7d0DA_mEY.css\u0022 \/\u003E\n\u003Clink rel=\u0022stylesheet\u0022 media=\u0022all\u0022 href=\u0022\/sites\/default\/files\/css\/css_89YreTu0npezhXSakRJR9TVHyBS9bTcyt0s3IckAe-M.css\u0022 \/\u003E\n"},{"command":"add_js","selector":"body","data":[{"src":"\/sites\/default\/files\/js\/js_9UaAhXvc9u0KYXXUw-OKyLP2baQxdV4zY3Y_KGurcvY.js"},{"src":"\/sites\/default\/files\/js\/js_oDJxUBLBzfRb_FDgNfkNOm9-tiatS2kNfxQIeVRZA7Y.js"},{"src":"\/sites\/default\/files\/js\/js_YM82KRuzNIr2X-Kb8pQW8cOcSbWgQ_QGKclTYJ_aMlI.js"},{"src":"\/sites\/default\/files\/js\/js_pqqsPPmPmxKgamY6qk_WSawtL05XH_yAY8GkPHVyahI.js"}]},{"command":"insert","method":"replaceWith","selector":".view-mode-full","data":"\u003Cdiv data-history-node-id=\u002223305\u0022 class=\u0022contenido view-mode-media_expanded ds-3col-equal clearfix\u0022\u003E\n\n  \n\n  \u003Cdiv class=\u0022area-medios group-left\u0022\u003E\n        \n                          \u003Cdiv  class=\u0022imagen\u0022 \u003E\n          \u003Cpicture\u003E\n                  \u003Csource srcset=\u0022\/sites\/default\/files\/styles\/max_650x650\/public\/notas\/2025-05-30\/1er%20informe%20odnto%20portada.webp?itok=vAiJlqBi 650w, \/sites\/default\/files\/styles\/max_1300x1300\/public\/notas\/2025-05-30\/1er%20informe%20odnto%20portada.webp?itok=1dp9tzyU 1300w, \/sites\/default\/files\/styles\/max_1900x1900\/public\/notas\/2025-05-30\/1er%20informe%20odnto%20portada.webp?itok=c7mYBofd 1420w\u0022 type=\u0022image\/webp\u0022 sizes=\u0022100vw\u0022\/\u003E\n              \u003Csource srcset=\u0022\/sites\/default\/files\/styles\/max_650x650\/public\/notas\/2025-05-30\/1er%20informe%20odnto%20portada.jpg?itok=vAiJlqBi 650w, \/sites\/default\/files\/styles\/max_1300x1300\/public\/notas\/2025-05-30\/1er%20informe%20odnto%20portada.jpg?itok=1dp9tzyU 1300w, \/sites\/default\/files\/styles\/max_1900x1900\/public\/notas\/2025-05-30\/1er%20informe%20odnto%20portada.jpg?itok=c7mYBofd 1420w\u0022 type=\u0022image\/jpeg\u0022 sizes=\u0022100vw\u0022\/\u003E\n                  \u003Cimg srcset=\u0022\/sites\/default\/files\/styles\/max_650x650\/public\/notas\/2025-05-30\/1er%20informe%20odnto%20portada.jpg?itok=vAiJlqBi 650w, \/sites\/default\/files\/styles\/max_1300x1300\/public\/notas\/2025-05-30\/1er%20informe%20odnto%20portada.jpg?itok=1dp9tzyU 1300w, \/sites\/default\/files\/styles\/max_1900x1900\/public\/notas\/2025-05-30\/1er%20informe%20odnto%20portada.jpg?itok=c7mYBofd 1420w\u0022 sizes=\u0022100vw\u0022 src=\u0022\/sites\/default\/files\/styles\/max_1300x1300\/public\/notas\/2025-05-30\/1er%20informe%20odnto%20portada.jpg?itok=1dp9tzyU\u0022 alt=\u0022Directora de la Facultad de Odontolog\u00eda Tijuana presenta su Primer Informe de Actividades\u0022 typeof=\u0022foaf:Image\u0022 class=\u0022img-fluid\u0022 \/\u003E\n\n  \u003C\/picture\u003E\n\n\u003C\/div\u003E\n      \n  \n\n      \u003Cdiv  class=\u0022boton-expander\u0022\u003E\n        \n                  \u003Cdiv class=\u0022item-list\u0022\u003E\u003Cul\u003E\u003Cli\u003E\u003Ca href=\u0022\/ds-switch-view-mode\/node\/23305\/media_collapsed?selector=view-mode-media_expanded\u0022 class=\u0022use-ajax\u0022\u003E\u2191\u003C\/a\u003E\u003C\/li\u003E\u003C\/ul\u003E\u003C\/div\u003E\n      \n  \n    \u003C\/div\u003E\n\n\n  \u003C\/div\u003E\n\n  \u003Cdiv class=\u0022area-info group-middle\u0022\u003E\n    \n\u003Cdiv  class=\u0022inner\u0022\u003E\n          \n                          \u003Ch2  class=\u0022titulo\u0022 \u003E\n        Directora de la Facultad de Odontolog\u00eda Tijuana comparti\u00f3 su primer informe de actividades\n\u003C\/h2\u003E\n      \n  \n\n    \n                          \u003Cdiv  class=\u0022resumen\u0022 \u003E\n      En su informe destac\u00f3 logros clave en la facultad\u003C\/div\u003E\n      \n  \n\n\n\u003Cdiv  class=\u0022datos\u0022\u003E\n            \u003Cdiv  class=\u0022autor\u0022\u003E\n            \u003Cdiv  class=\u0022field-label-inline\u0022\u003EPor\u003C\/div\u003E\n  \n                  \u003Ca href=\u0022\/autores\/ericka-ortiz\u0022 hreflang=\u0022es\u0022\u003EEricka Ort\u00edz\u003C\/a\u003E\n      \n  \n    \u003C\/div\u003E\n\n      \u003Cdiv  class=\u0022campus\u0022\u003E\n            \u003Cdiv  class=\u0022field-label-inline\u0022\u003ECampus\u003C\/div\u003E\n  \n                  \u003Ca href=\u0022\/campus\/tijuana\u0022 hreflang=\u0022es\u0022\u003ETijuana\u003C\/a\u003E\n      \n  \n    \u003C\/div\u003E\n\n    \n                          \u003Cdiv  class=\u0022fecha\u0022 \u003E\n      30 de Mayo de 2025\u003C\/div\u003E\n      \n  \n\n\n  \u003C\/div\u003E\n    \n                          \u003Cdiv  class=\u0022texto\u0022 \u003E\n      \u003Cp\u003EEl d\u00eda 30 de mayo, la Facultad de Odontolog\u00eda de la UABC campus Tijuana, llev\u00f3 a cabo la presentaci\u00f3n de su primer informe de actividades, encabezado por la doctora Perla Elena N\u00fa\u00f1ez Seraf\u00edn, directora de la unidad acad\u00e9mica.\u00a0\u003C\/p\u003E\n\n\u003Cp\u003EDurante su discurso, la doctora N\u00fa\u00f1ez Seraf\u00edn comparti\u00f3 los avances y logros alcanzados durante su gesti\u00f3n, resaltando el esfuerzo colectivo de toda la comunidad universitaria.\u003C\/p\u003E\n\n\u003Cp\u003E\u201cEste informe refleja el esfuerzo colectivo de estudiantes, docentes, personal administrativo, personal de servicio y directivos, quienes han trabajado en conjunto para fortalecer nuestros procesos educativos, de investigaci\u00f3n, vinculaci\u00f3n y extensi\u00f3n\u201d.\u003C\/p\u003E\n\n\u003Cp\u003EEntre los logros destacados se encuentran la creaci\u00f3n del primer Cuerpo Acad\u00e9mico de Biom\u00e9dicas; el incremento de la planta docente con cuatro contrataciones nuevas, y el crecimiento de 11 a 14 cl\u00ednicas de licenciatura en la Unidad Otay, todas ahora equipadas con radiograf\u00eda digitalizada y tecnolog\u00eda de escaneo intraoral. Adem\u00e1s, se mencionaron m\u00e1s de 2,100 tratamientos dentales realizados en brigadas comunitarias, 21 movilidades internacionales, participaci\u00f3n en eventos acad\u00e9micos nacionales e internacionales, y el fortalecimiento de los programas de posgrado.\u003C\/p\u003E\n\n\u003Cp\u003ELa doctora Lucrecia Arzamendi, integrante de la H. Junta de Gobierno (JG) de la UABC, asisti\u00f3 en representaci\u00f3n de la doctora Lilia Mart\u00ednez Lobatos, presidenta de la JG, subray\u00f3 que la odontolog\u00eda es una profesi\u00f3n que demanda responsabilidad, comunicaci\u00f3n efectiva y trabajo en equipo.\u003C\/p\u003E\n\n\u003Cp\u003E\u201cLa odontolog\u00eda no es solo una disciplina que se enfoca en la salud bucal; es una pr\u00e1ctica que requiere una colaboraci\u00f3n constante de profesionales. Quisiera invitar a cada uno de ustedes a reflexionar sobre su papel dentro de este equipo grande y diverso, y sumarse a cada una de las acciones implementadas por el liderazgo de quien los gu\u00eda\u201d, declar\u00f3.\u003C\/p\u003E\n\n\u003Cp\u003ELa jornada cerr\u00f3 con la proyecci\u00f3n de un video institucional que complementa visualmente los logros presentados, reafirmando el compromiso de la Facultad de Odontolog\u00eda con la calidad educativa, la innovaci\u00f3n, el desarrollo regional y el bienestar integral de su comunidad.\u003C\/p\u003E\u003C\/div\u003E\n      \n  \n\n    \n            \u003Cdiv  class=\u0022palabras-clave\u0022\u003E\n                        \u003Ca href=\u0022\/tags\/informe-de-actividades\u0022 hreflang=\u0022es\u0022\u003EInforme de actividades\u003C\/a\u003E\n                \u003Ca href=\u0022\/tags\/facultad-de-odontologia\u0022 hreflang=\u0022es\u0022\u003EFacultad de Odontolog\u00eda\u003C\/a\u003E\n      \n      \u003C\/div\u003E\n  \n\n\n  \u003C\/div\u003E\n\n  \u003C\/div\u003E\n\n  \u003Cdiv class=\u0022area-extras group-right\u0022\u003E\n        \n                          \u003Cdiv  class=\u0022enlace-blockBottom\u0022 \u003E\n      \u003Cdiv\u003EVer m\u00e1s \u003Ca href=\u0022http:\/\/gaceta.uabc.mx\/notas\u0022\u003ENotas\u003C\/a\u003E\u003C\/div\u003E\n\u003C\/div\u003E\n      \n  \n\n\n  \u003C\/div\u003E\n\n\u003C\/div\u003E\n\n","settings":null}]