[{"command":"settings","settings":{"pluralDelimiter":"\u0003","suppressDeprecationErrors":true,"ajaxPageState":{"libraries":"core\/drupal.ajax,core\/picturefill,ds\/ds_3col_equal_width","theme":"gaceta","theme_token":null},"ajaxTrustedUrl":[],"field_group":{"html_element":{"mode":"media_expanded","context":"view","settings":{"classes":"datos","show_empty_fields":false,"id":"","element":"div","show_label":false,"label_element":"h3","label_element_classes":"","attributes":"","effect":"none","speed":"fast"}}},"user":{"uid":0,"permissionsHash":"55dc977d165ab1e05e51b6cc6487f6d73e65ab536d99ee82c6990d9001d5c21c"}},"merge":true},{"command":"add_css","data":"\u003Clink rel=\u0022stylesheet\u0022 media=\u0022all\u0022 href=\u0022\/sites\/default\/files\/css\/css_mxJrjoKKAZuuB4_4f-B1u9VnFZxvSor3Az4JEdrFEso.css\u0022 \/\u003E\n\u003Clink rel=\u0022stylesheet\u0022 media=\u0022all\u0022 href=\u0022\/sites\/default\/files\/css\/css_-BXSGQpS8YTwwuXGbPoshUvZ7W-_HbYR3H7d0DA_mEY.css\u0022 \/\u003E\n\u003Clink rel=\u0022stylesheet\u0022 media=\u0022all\u0022 href=\u0022\/sites\/default\/files\/css\/css_89YreTu0npezhXSakRJR9TVHyBS9bTcyt0s3IckAe-M.css\u0022 \/\u003E\n"},{"command":"add_js","selector":"body","data":[{"src":"\/sites\/default\/files\/js\/js_9UaAhXvc9u0KYXXUw-OKyLP2baQxdV4zY3Y_KGurcvY.js"},{"src":"\/sites\/default\/files\/js\/js_oDJxUBLBzfRb_FDgNfkNOm9-tiatS2kNfxQIeVRZA7Y.js"},{"src":"\/sites\/default\/files\/js\/js_YM82KRuzNIr2X-Kb8pQW8cOcSbWgQ_QGKclTYJ_aMlI.js"},{"src":"\/sites\/default\/files\/js\/js_pqqsPPmPmxKgamY6qk_WSawtL05XH_yAY8GkPHVyahI.js"}]},{"command":"insert","method":"replaceWith","selector":".view-mode-full","data":"\u003Cdiv data-history-node-id=\u002223309\u0022 class=\u0022contenido view-mode-media_expanded ds-3col-equal clearfix\u0022\u003E\n\n  \n\n  \u003Cdiv class=\u0022area-medios group-left\u0022\u003E\n        \n                          \u003Cdiv  class=\u0022imagen\u0022 \u003E\n          \u003Cpicture\u003E\n                  \u003Csource srcset=\u0022\/sites\/default\/files\/styles\/max_650x650\/public\/notas\/2025-05-31\/ONU_%234HLM_02may25_28a.webp?itok=-As4tlj- 650w, \/sites\/default\/files\/styles\/max_1300x1300\/public\/notas\/2025-05-31\/ONU_%234HLM_02may25_28a.webp?itok=kdPLYT_7 1300w, \/sites\/default\/files\/styles\/max_1900x1900\/public\/notas\/2025-05-31\/ONU_%234HLM_02may25_28a.webp?itok=-LZgO8xM 1900w\u0022 type=\u0022image\/webp\u0022 sizes=\u0022100vw\u0022\/\u003E\n              \u003Csource srcset=\u0022\/sites\/default\/files\/styles\/max_650x650\/public\/notas\/2025-05-31\/ONU_%234HLM_02may25_28a.jpg?itok=-As4tlj- 650w, \/sites\/default\/files\/styles\/max_1300x1300\/public\/notas\/2025-05-31\/ONU_%234HLM_02may25_28a.jpg?itok=kdPLYT_7 1300w, \/sites\/default\/files\/styles\/max_1900x1900\/public\/notas\/2025-05-31\/ONU_%234HLM_02may25_28a.jpg?itok=-LZgO8xM 1900w\u0022 type=\u0022image\/jpeg\u0022 sizes=\u0022100vw\u0022\/\u003E\n                  \u003Cimg srcset=\u0022\/sites\/default\/files\/styles\/max_650x650\/public\/notas\/2025-05-31\/ONU_%234HLM_02may25_28a.jpg?itok=-As4tlj- 650w, \/sites\/default\/files\/styles\/max_1300x1300\/public\/notas\/2025-05-31\/ONU_%234HLM_02may25_28a.jpg?itok=kdPLYT_7 1300w, \/sites\/default\/files\/styles\/max_1900x1900\/public\/notas\/2025-05-31\/ONU_%234HLM_02may25_28a.jpg?itok=-LZgO8xM 1900w\u0022 sizes=\u0022100vw\u0022 src=\u0022\/sites\/default\/files\/styles\/max_1300x1300\/public\/notas\/2025-05-31\/ONU_%234HLM_02may25_28a.jpg?itok=kdPLYT_7\u0022 alt=\u0022El Dr. Alfredo Padilla particip\u00f3 en actividades sobre salud mental en la asamblea general de la ONU.\u0022 typeof=\u0022foaf:Image\u0022 class=\u0022img-fluid\u0022 \/\u003E\n\n  \u003C\/picture\u003E\n\n\u003C\/div\u003E\n      \n  \n\n      \u003Cdiv  class=\u0022boton-expander\u0022\u003E\n        \n                  \u003Cdiv class=\u0022item-list\u0022\u003E\u003Cul\u003E\u003Cli\u003E\u003Ca href=\u0022\/ds-switch-view-mode\/node\/23309\/media_collapsed?selector=view-mode-media_expanded\u0022 class=\u0022use-ajax\u0022\u003E\u2191\u003C\/a\u003E\u003C\/li\u003E\u003C\/ul\u003E\u003C\/div\u003E\n      \n  \n    \u003C\/div\u003E\n\n\n  \u003C\/div\u003E\n\n  \u003Cdiv class=\u0022area-info group-middle\u0022\u003E\n    \n\u003Cdiv  class=\u0022inner\u0022\u003E\n          \n                          \u003Ch2  class=\u0022titulo\u0022 \u003E\n        Investigador de la FCH particip\u00f3 en asamblea general de la ONU en Nueva York\n\u003C\/h2\u003E\n      \n  \n\n    \n                          \u003Cdiv  class=\u0022resumen\u0022 \u003E\n      Se trata del doctor Alfredo Padilla L\u00f3pez, profesor investigador de la licenciatura en Psicolog\u00eda\u003C\/div\u003E\n      \n  \n\n\n\u003Cdiv  class=\u0022datos\u0022\u003E\n            \u003Cdiv  class=\u0022autor\u0022\u003E\n            \u003Cdiv  class=\u0022field-label-inline\u0022\u003EPor\u003C\/div\u003E\n  \n                  \u003Ca href=\u0022\/autores\/juan-carlos-pacheco\u0022 hreflang=\u0022es\u0022\u003EJuan Carlos Pacheco\u003C\/a\u003E\n      \n  \n    \u003C\/div\u003E\n\n      \u003Cdiv  class=\u0022campus\u0022\u003E\n            \u003Cdiv  class=\u0022field-label-inline\u0022\u003ECampus\u003C\/div\u003E\n  \n                  \u003Ca href=\u0022\/campus\/mexicali\u0022 hreflang=\u0022es\u0022\u003EMexicali\u003C\/a\u003E\n      \n  \n    \u003C\/div\u003E\n\n    \n                          \u003Cdiv  class=\u0022fecha\u0022 \u003E\n      2 de Junio de 2025\u003C\/div\u003E\n      \n  \n\n\n  \u003C\/div\u003E\n    \n                          \u003Cdiv  class=\u0022texto\u0022 \u003E\n      \u003Cp\u003ELa Universidad Aut\u00f3noma de Baja California se hizo presente en la 4ta. Asamblea General de la Organizaci\u00f3n de las Naciones Unidas denominada \u0022Audiencias de m\u00faltiples partes interesadas sobre la prevenci\u00f3n y el control de las enfermedades no transmisibles (ENT)y lapromoci\u00f3n de la salud mental y bienestar\u0022, siendo el doctor Luis Alfredo Padilla L\u00f3pez quien particip\u00f3 en las diferentes actividades ocurridas del 29 de abril al 3 de mayo del presente a\u00f1o en la ciudad de Nueva York, Estados Unidos.\u003C\/p\u003E\n\n\u003Cp\u003EEl profesor investigador adscrito al programa de licenciatura en Psicolog\u00eda de la Facultad de Ciencias Humanas,\u00a0se\u00f1al\u00f3 que se trata de la primera vez que la ONU incluye a la salud mental como parte de las denominadas enfermedades no transmisibles (ENT), motivo por el cual fue de vital importancia la participaci\u00f3n institucional, sobre todo porque la UABC forma parte de la Global Psychological Association (GPA) y recientemente firm\u00f3 convenio con la American Psychological Associatoin (APA).\u00a0\u003C\/p\u003E\n\n\u003Cp\u003E\u0022En total, fuimos 32 representantes de 24 instituciones provenientes de todos los continentes, toda la semana de trabajo intenso con reuniones interdisciplinarias de an\u00e1lisis multilaterales y de enfoque global, redituaron en una impactante participci\u00f3n reconocida porlos asistentes de la asamblea general\u0022, expres\u00f3.\u003C\/p\u003E\n\n\u003Cp\u003EEl tambi\u00e9n miembro del Comit\u00e9 de Salud Mental en Mexicali, enlist\u00f3 parte de las actividades realizadas durante la jornada internacional, entre las cuales destac\u00f3 las discusiones en torno a reformar los servicios de prevenci\u00f3n y atenci\u00f3n a la salud mental, crear y mejorar mecanismos de prevenci\u00f3n del suicidio, mejorar programas de salud mental para infancias y juventudes, as\u00ed como considerar determinantes sociales y financieros para este tipo de programas relacionados con las ENT.\u003C\/p\u003E\n\n\u003Cp\u003ECabe destacar que Padilla L\u00f3pez particip\u00f3 en calidad de experto en el marco de la mesa de an\u00e1lisis \u0022Prevenci\u00f3n y atenci\u00f3n integrada en salud mentla y enfermedades no transmisibles: haciendo realidad\u0022, misma que fue organizada por la School of Global Public Health de la Universidad de Nueva York (NYU, por sus siglas en ingl\u00e9s), adem\u00e1s su participaci\u00f3n en la mesa de an\u00e1lisis \u0022Factores de riesgo ambientales para las ENT y la slaud mental\u0022, organizada por la Organizaci\u00f3n Mundial dela Salud (OMS) y en la cual particip\u00f3 en calidad de analista.\u003C\/p\u003E\n\n\u003Cp\u003E\u0022Analizamos las propuestas de una serie de expertos sobre los efectos secundarios de la poluci\u00f3n, las altas temperaturas y la contaminaci\u00f3n dle agua, sobre la salud mental\u0022, agreg\u00f3.\u003C\/p\u003E\n\n\u003Cp\u003E\u003Cimg alt=\u0022El Dr. Padilla L\u00f3pez presente en la asamble ade la ONU.\u0022 data-entity-type=\u0022file\u0022 data-entity-uuid=\u0022c6558b90-68ca-42ee-9f5b-d2c43fbc116c\u0022 src=\u0022\/sites\/default\/files\/inline-images\/ONU_Mex_01may25_2.jpg\u0022 width=\u00224000\u0022 height=\u00223000\u0022 loading=\u0022lazy\u0022 \/\u003E\u003C\/p\u003E\n\n\u003Cp\u003E\u00a0\u003C\/p\u003E\n\n\u003Cp\u003E\u00a0\u003C\/p\u003E\u003C\/div\u003E\n      \n  \n\n    \n            \u003Cdiv  class=\u0022palabras-clave\u0022\u003E\n                        \u003Ca href=\u0022\/tags\/onu\u0022 hreflang=\u0022es\u0022\u003EONU\u003C\/a\u003E\n      \n      \u003C\/div\u003E\n  \n\n\n  \u003C\/div\u003E\n\n  \u003C\/div\u003E\n\n  \u003Cdiv class=\u0022area-extras group-right\u0022\u003E\n        \n                          \u003Cdiv  class=\u0022enlace-blockBottom\u0022 \u003E\n      \u003Cdiv\u003EVer m\u00e1s \u003Ca href=\u0022http:\/\/gaceta.uabc.mx\/notas\u0022\u003ENotas\u003C\/a\u003E\u003C\/div\u003E\n\u003C\/div\u003E\n      \n  \n\n\n  \u003C\/div\u003E\n\n\u003C\/div\u003E\n\n","settings":null}]