[{"command":"settings","settings":{"pluralDelimiter":"\u0003","suppressDeprecationErrors":true,"ajaxPageState":{"libraries":"core\/drupal.ajax,core\/picturefill,ds\/ds_3col_equal_width","theme":"gaceta","theme_token":null},"ajaxTrustedUrl":[],"field_group":{"html_element":{"mode":"media_expanded","context":"view","settings":{"classes":"datos","show_empty_fields":false,"id":"","element":"div","show_label":false,"label_element":"h3","label_element_classes":"","attributes":"","effect":"none","speed":"fast"}}},"user":{"uid":0,"permissionsHash":"55dc977d165ab1e05e51b6cc6487f6d73e65ab536d99ee82c6990d9001d5c21c"}},"merge":true},{"command":"add_css","data":"\u003Clink rel=\u0022stylesheet\u0022 media=\u0022all\u0022 href=\u0022\/sites\/default\/files\/css\/css_mxJrjoKKAZuuB4_4f-B1u9VnFZxvSor3Az4JEdrFEso.css\u0022 \/\u003E\n\u003Clink rel=\u0022stylesheet\u0022 media=\u0022all\u0022 href=\u0022\/sites\/default\/files\/css\/css_-BXSGQpS8YTwwuXGbPoshUvZ7W-_HbYR3H7d0DA_mEY.css\u0022 \/\u003E\n\u003Clink rel=\u0022stylesheet\u0022 media=\u0022all\u0022 href=\u0022\/sites\/default\/files\/css\/css_89YreTu0npezhXSakRJR9TVHyBS9bTcyt0s3IckAe-M.css\u0022 \/\u003E\n"},{"command":"add_js","selector":"body","data":[{"src":"\/sites\/default\/files\/js\/js_9UaAhXvc9u0KYXXUw-OKyLP2baQxdV4zY3Y_KGurcvY.js"},{"src":"\/sites\/default\/files\/js\/js_oDJxUBLBzfRb_FDgNfkNOm9-tiatS2kNfxQIeVRZA7Y.js"},{"src":"\/sites\/default\/files\/js\/js_YM82KRuzNIr2X-Kb8pQW8cOcSbWgQ_QGKclTYJ_aMlI.js"},{"src":"\/sites\/default\/files\/js\/js_pqqsPPmPmxKgamY6qk_WSawtL05XH_yAY8GkPHVyahI.js"}]},{"command":"insert","method":"replaceWith","selector":".view-mode-full","data":"\u003Cdiv data-history-node-id=\u002223318\u0022 class=\u0022contenido view-mode-media_expanded ds-3col-equal clearfix\u0022\u003E\n\n  \n\n  \u003Cdiv class=\u0022area-medios group-left\u0022\u003E\n        \n                          \u003Cdiv  class=\u0022imagen\u0022 \u003E\n          \u003Cpicture\u003E\n                  \u003Csource srcset=\u0022\/sites\/default\/files\/styles\/max_650x650\/public\/notas\/2025-06-02\/dia%20del%20sociologo1.webp?itok=k3IpbwS_ 650w, \/sites\/default\/files\/styles\/max_1300x1300\/public\/notas\/2025-06-02\/dia%20del%20sociologo1.webp?itok=fJtI6bjx 1300w, \/sites\/default\/files\/styles\/max_1900x1900\/public\/notas\/2025-06-02\/dia%20del%20sociologo1.webp?itok=OIYbhJfp 1900w\u0022 type=\u0022image\/webp\u0022 sizes=\u0022100vw\u0022\/\u003E\n              \u003Csource srcset=\u0022\/sites\/default\/files\/styles\/max_650x650\/public\/notas\/2025-06-02\/dia%20del%20sociologo1.JPG?itok=k3IpbwS_ 650w, \/sites\/default\/files\/styles\/max_1300x1300\/public\/notas\/2025-06-02\/dia%20del%20sociologo1.JPG?itok=fJtI6bjx 1300w, \/sites\/default\/files\/styles\/max_1900x1900\/public\/notas\/2025-06-02\/dia%20del%20sociologo1.JPG?itok=OIYbhJfp 1900w\u0022 type=\u0022image\/jpeg\u0022 sizes=\u0022100vw\u0022\/\u003E\n                  \u003Cimg srcset=\u0022\/sites\/default\/files\/styles\/max_650x650\/public\/notas\/2025-06-02\/dia%20del%20sociologo1.JPG?itok=k3IpbwS_ 650w, \/sites\/default\/files\/styles\/max_1300x1300\/public\/notas\/2025-06-02\/dia%20del%20sociologo1.JPG?itok=fJtI6bjx 1300w, \/sites\/default\/files\/styles\/max_1900x1900\/public\/notas\/2025-06-02\/dia%20del%20sociologo1.JPG?itok=OIYbhJfp 1900w\u0022 sizes=\u0022100vw\u0022 src=\u0022\/sites\/default\/files\/styles\/max_1300x1300\/public\/notas\/2025-06-02\/dia%20del%20sociologo1.JPG?itok=fJtI6bjx\u0022 alt=\u0022opci\u00f3n1 para portada Iris Villela\u0022 typeof=\u0022foaf:Image\u0022 class=\u0022img-fluid\u0022 \/\u003E\n\n  \u003C\/picture\u003E\n\n\u003C\/div\u003E\n      \n  \n\n      \u003Cdiv  class=\u0022boton-expander\u0022\u003E\n        \n                  \u003Cdiv class=\u0022item-list\u0022\u003E\u003Cul\u003E\u003Cli\u003E\u003Ca href=\u0022\/ds-switch-view-mode\/node\/23318\/media_collapsed?selector=view-mode-media_expanded\u0022 class=\u0022use-ajax\u0022\u003E\u2191\u003C\/a\u003E\u003C\/li\u003E\u003C\/ul\u003E\u003C\/div\u003E\n      \n  \n    \u003C\/div\u003E\n\n\n  \u003C\/div\u003E\n\n  \u003Cdiv class=\u0022area-info group-middle\u0022\u003E\n    \n\u003Cdiv  class=\u0022inner\u0022\u003E\n          \n                          \u003Ch2  class=\u0022titulo\u0022 \u003E\n        Conmemoraron el D\u00eda del Soci\u00f3logo y la Soci\u00f3loga\n\u003C\/h2\u003E\n      \n  \n\n    \n                          \u003Cdiv  class=\u0022resumen\u0022 \u003E\n      Ofrecieron conversatorio para dialogar sobre la interseccionalidad y la interculturalidad\u003C\/div\u003E\n      \n  \n\n\n\u003Cdiv  class=\u0022datos\u0022\u003E\n            \u003Cdiv  class=\u0022autor\u0022\u003E\n            \u003Cdiv  class=\u0022field-label-inline\u0022\u003EPor\u003C\/div\u003E\n  \n                  \u003Ca href=\u0022\/autores\/iris-itssel-villela-raygoza\u0022 hreflang=\u0022es\u0022\u003EIris Itssel Villela Raygoza\u003C\/a\u003E\n      \n  \n    \u003C\/div\u003E\n\n      \u003Cdiv  class=\u0022campus\u0022\u003E\n            \u003Cdiv  class=\u0022field-label-inline\u0022\u003ECampus\u003C\/div\u003E\n  \n                  \u003Ca href=\u0022\/campus\/ensenada\u0022 hreflang=\u0022es\u0022\u003EEnsenada\u003C\/a\u003E\n      \n  \n    \u003C\/div\u003E\n\n    \n                          \u003Cdiv  class=\u0022fecha\u0022 \u003E\n      2 de Junio de 2025\u003C\/div\u003E\n      \n  \n\n\n  \u003C\/div\u003E\n    \n                          \u003Cdiv  class=\u0022texto\u0022 \u003E\n      \u003Cp\u003EEn el marco del D\u00eda del Soci\u00f3logo y la Soci\u00f3loga que se conmemora el 1 de junio, se realiz\u00f3 el \u201cEncuentro de voces; di\u00e1logos sobre interseccionalidad e interculturalidad\u201d el pasado s\u00e1bado 24 de mayo en el Centro Cultural, Social y C\u00edvico Riviera de Ensenada. Diferentes asociaciones, colectivos de la ciudad y estudiantes de las diferentes facultades de la licenciatura Sociolog\u00eda y posgrado en la maestr\u00eda en Proyectos Sociales participaron en este evento compartiendo sus proyectos, saberes y experiencias.\u003C\/p\u003E\n\n\u003Cp\u003EDespu\u00e9s de las palabras de bienvenida e inauguraci\u00f3n del evento por parte del maestro Jes\u00fas Antonio Padilla S\u00e1nchez, director de la Facultad de Ciencias Administrativas y Sociales (FCAyS) de la UABC, se inici\u00f3 con un taller de Yoga suave impartido por la doctora Nelly Calder\u00f3n de la Barca Guerrero. Luego mediante el \u201cConversatorio Encuentros con la Sociedad Civil\u201d, diferentes representantes de las asociaciones participaron respondiendo preguntas a cargo de la moderadora para reflexionar sobre la intervenci\u00f3n de los soci\u00f3logos y las soci\u00f3logas en la comunidad; el c\u00f3mo influye la interseccionalidad para incidir en los diferentes sectores sociales, logrando mejoras; sobre las metodolog\u00edas y formas que utilizan para trabajar en sus proyectos e impactar en la comunidad; la importancia de trabajar de manera interdisciplinaria para tener una visi\u00f3n integral de las problem\u00e1ticas sociales que coadyuvan a diagnosticar y resolver desde la interculturalidad.\u003C\/p\u003E\n\n\u003Cp\u003EAnte el cuestionamiento sobre qu\u00e9 hacer o qu\u00e9 se hace para la vinculaci\u00f3n de la academia con las asociaciones civiles, algunos participantes presentes expresaron la necesidad de involucrar m\u00e1s a la academia con las problem\u00e1ticas pendientes por resolver \u201ca la academia le falta campo y al campo le falta academia\u201d se mencion\u00f3, esto para que la intervenci\u00f3n sea m\u00e1s efectiva y se analice de cerca la situaci\u00f3n que se vive, en este sentido el maestro Roberto Romero, representante de la asociaci\u00f3n \u201cEnsenada se mueve\u201d, ejemplific\u00f3 \u00a0desde su experiencia sobre el caso de movilidad ciclista, donde a partir del campo, de la calle, en convivencia con diferentes organizaciones ciclistas a nivel nacional se reflexion\u00f3 sobre por qu\u00e9 es tan dif\u00edcil rodar en la ciudad y as\u00ed descubrieron que hab\u00eda que reivindicar la imagen del ciclista.\u00a0 Entre m\u00e1s de 80 organizaciones de todo el pa\u00eds debatieron sobre las caracterizaciones o conceptos que les ayud\u00f3 a entender la complejidad sobre c\u00f3mo se mueve en la ciudad; al querer visibilizar la movilidad de las personas se entendi\u00f3 tambi\u00e9n el hecho que dependiendo de c\u00f3mo se mueve se predestina, incluso, el c\u00f3mo se defiende a la ciudad para bien com\u00fan. A partir de ah\u00ed han surgido conceptos y trabajos acad\u00e9micos sobre la movilidad y el cuidado, que ha permitido trabajar con la academia. El maestro Romero mencion\u00f3 que ser\u00eda muy enriquecedor que desde la academia se diera m\u00e1s apoyo a esos trabajos acad\u00e9micos para sustentar los conceptos que han salido del trabajo emp\u00edrico y del debate entre los colectivos, los cuales ayudan a comprender por qu\u00e9 se termina normalizando la violencia vial.\u003C\/p\u003E\n\n\u003Cp\u003EEntre otros temas dialogaron sobre c\u00f3mo imaginan una alianza con las nuevas generaciones de soci\u00f3logas y soci\u00f3logos para contribuir a agendas de cambio social. A lo que respondieron sobre realizar trabajo social, donde las y los soci\u00f3logos \u201cse ensucien las manos\u201d y salgan al campo, el volverse transversales y horizontales porque como soci\u00f3logos les atraviesa diferentes factores, y ese contacto y amplia visi\u00f3n de los otros es lo que necesitan para transformar y construir una agenda de cambio.\u003C\/p\u003E\n\n\u003Cp\u003EPosterior al conversatorio se imparti\u00f3 la conferencia sobre interseccionalidad e interculturalidad de parte de la Secretar\u00eda de Inclusi\u00f3n e Igualdad de G\u00e9nero, simult\u00e1neamente se realiz\u00f3 la actividad de circuito ciclista urbano con la finalidad de fomentar el uso de la bicicleta como medio de transporte en la ciudad, en otra actividad leyeron poemas estudiantes de cuarto semestre de la licenciatura en sociolog\u00eda y de segundo semestre de la maestr\u00eda en proyectos sociales.\u003C\/p\u003E\n\n\u003Cp\u003EAlgunas de las asociaciones y colectivos que participaron en este conversatorio fueron:\u003C\/p\u003E\n\n\u003Cp\u003E\u003Cstrong\u003EEspacio transversal,\u003C\/strong\u003E\u00a0asociaci\u00f3n civil formada por cinco mujeres de distintas disciplinas (educaci\u00f3n, comunicaci\u00f3n, biolog\u00eda, psicolog\u00eda y una estudiante de maestr\u00eda en proyectos sociales) sus ejes de trabajos son la educaci\u00f3n el medio ambiente y la cultura, se cre\u00f3 en el 2018. \u00a0En esta organizaci\u00f3n trabajan con mujeres y con infancias, sus proyectos se enfocan en la apropiaci\u00f3n de espacios con plantas nativas; y en la parte comunitaria organizan charlas mensuales con enfoque en el autocuidado y la salud mental.\u00a0\u003C\/p\u003E\n\n\u003Cp\u003E\u003Cstrong\u003EGuardaparques de M\u00e9xico\u003C\/strong\u003E, asociaci\u00f3n que procura el bienestar y la profesionalizaci\u00f3n de los guardaparques, quien es un protector ambiental que abarca diferentes \u00e1reas, como el guardaparques comunitario, ejidatario y m\u00e1s. Esta asociaci\u00f3n ha realizado diferentes actividades para procurar fondos y dar atenci\u00f3n m\u00e9dica y capacitaci\u00f3n para que realicen su trabajo de manera m\u00e1s segura. Seg\u00fan algunas estad\u00edsticas de asociaciones ambientales que hacen estudios de protectores ambientales, registraron que en promedio mueren 20 guardaparques al a\u00f1o en M\u00e9xico, por otra parte el Centro Mexicano de Derecho Ambiental de acuerdo a sus datos en el 2024 pasado se registraron 7,000 agresiones donde el 40% fueron provocadas por las mismas autoridades.\u00a0\u003C\/p\u003E\n\n\u003Cp\u003E\u003Cstrong\u003EBaja Ed,\u00a0\u003C\/strong\u003Easociaci\u00f3n que brinda becas a la ni\u00f1ez de bajos recursos para que puedan mejorar su situaci\u00f3n de vida. Trabajan principalmente en la zona sur de Ensenada. Esta asociaci\u00f3n junto con los apoyos han podido crear el Centro Educativo BEI, donde est\u00e1n en alianzas con la SEP, tienen el programa de prepa abierta del INEA con cede oficial en Maneadero, realizan tambi\u00e9n alianzas con otras universidades para ofrecer curso y talleres a trav\u00e9s de prestadores de servicio social o pr\u00e1cticas.\u00a0\u003C\/p\u003E\n\n\u003Cp\u003E\u003Cstrong\u003ESiguiendo tus pasos y Elementa DDHH,\u00a0\u003C\/strong\u003Eorganizaci\u00f3n no gubernamental unida para la b\u00fasqueda de personas por desaparici\u00f3n forzada.\u003C\/p\u003E\n\n\u003Cp\u003E\u003Cstrong\u003EObservatorio de Feminicidios Ensenada\u003C\/strong\u003E, asociaci\u00f3n que acompa\u00f1a en la identificaci\u00f3n, prevenci\u00f3n y atenci\u00f3n de las violencias de g\u00e9nero contra las mujeres para con ello abonar a la sociedad condiciones de igualdad que permitan entornos m\u00e1s justos.\u003C\/p\u003E\n\n\u003Cp\u003E\u003Cstrong\u003EAndamio Social AC.,\u003C\/strong\u003E\u00a0organizaci\u00f3n de mujeres que desde el 2013 construyen, facilitan y participan en espacios comunitarios para compartir saberes mediante actividades sobre la defensas del cuerpo como territorio.\u00a0\u003C\/p\u003E\n\n\u003Cp\u003E\u003Cstrong\u003EEl rinc\u00f3n de las vivencias,\u003C\/strong\u003E es un espacio de asesor\u00edas educativas y apoyo comunitario integral ubicado en Maneadero, Ensenada. La experiencia educativa es colectiva e integral por lo que se trabaja en red y con nociones de apoyo mutuo para construir una comunidad mas igualitaria.\u003C\/p\u003E\n\n\u003Cp\u003E\u003Cstrong\u003ESiempre Vivas (red de acompa\u00f1amiento aut\u00f3nomo), \u003C\/strong\u003Eacompa\u00f1amiento para el aborto seguro por medio de medicamentos es autogestivo, se trabaja por la autonom\u00eda corporal, hacen tambi\u00e9n trabajos de incidencia social y pol\u00edtica. Cuentan con un banco de medicamentos para abortar para apoyar a personas que as\u00ed lo deciden.\u00a0\u003C\/p\u003E\n\n\u003Cp\u003E\u003Cstrong\u003EPeraj Inspirando futuros,\u00a0\u003C\/strong\u003Eprograma que lleva 15 a\u00f1os en la Facultad de Ciencias Humanas de Mexicali, donde j\u00f3venes universitarios realizan su servicio social, pr\u00e1cticas o proyecto de vinculaci\u00f3n siendo tutores de ni\u00f1as, ni\u00f1os y adolescentes para apoyar en diferentes \u00e1reas de desarrollo como la parte afectiva, motivacional creativa, comunicacional.\u003C\/p\u003E\n\n\u003Cp\u003EEntre otras organizaciones tambi\u00e9n estuvieron el Instituto de Psiquiatr\u00eda del Estado de Baja California (IPEBC) salud mental comunitaria, la asociaci\u00f3n de soci\u00f3logos, hermanas en la sombras y m\u00e1s, compartiendo saberes e informaci\u00f3n sobre sus actividades en la comunidad y mostrando sus productos en venta.\u003C\/p\u003E\u003C\/div\u003E\n      \n  \n\n    \n            \u003Cdiv  class=\u0022palabras-clave\u0022\u003E\n                        \u003Ca href=\u0022\/tags\/dia-del-sociologo\u0022 hreflang=\u0022es\u0022\u003ED\u00eda del Soci\u00f3logo\u003C\/a\u003E\n                \u003Ca href=\u0022\/tags\/fcays\u0022 hreflang=\u0022es\u0022\u003EFCAyS\u003C\/a\u003E\n      \n      \u003C\/div\u003E\n  \n\n\n  \u003C\/div\u003E\n\n  \u003C\/div\u003E\n\n  \u003Cdiv class=\u0022area-extras group-right\u0022\u003E\n        \n                          \u003Cdiv  class=\u0022enlace-blockBottom\u0022 \u003E\n      \u003Cdiv\u003EVer m\u00e1s \u003Ca href=\u0022http:\/\/gaceta.uabc.mx\/notas\u0022\u003ENotas\u003C\/a\u003E\u003C\/div\u003E\n\u003C\/div\u003E\n      \n  \n\n\n  \u003C\/div\u003E\n\n\u003C\/div\u003E\n\n","settings":null}]