[{"command":"settings","settings":{"pluralDelimiter":"\u0003","suppressDeprecationErrors":true,"ajaxPageState":{"libraries":"core\/drupal.ajax,core\/picturefill,ds\/ds_3col_equal_width","theme":"gaceta","theme_token":null},"ajaxTrustedUrl":[],"field_group":{"html_element":{"mode":"media_expanded","context":"view","settings":{"classes":"datos","show_empty_fields":false,"id":"","element":"div","show_label":false,"label_element":"h3","label_element_classes":"","attributes":"","effect":"none","speed":"fast"}}},"user":{"uid":0,"permissionsHash":"55dc977d165ab1e05e51b6cc6487f6d73e65ab536d99ee82c6990d9001d5c21c"}},"merge":true},{"command":"add_css","data":"\u003Clink rel=\u0022stylesheet\u0022 media=\u0022all\u0022 href=\u0022\/sites\/default\/files\/css\/css_mxJrjoKKAZuuB4_4f-B1u9VnFZxvSor3Az4JEdrFEso.css\u0022 \/\u003E\n\u003Clink rel=\u0022stylesheet\u0022 media=\u0022all\u0022 href=\u0022\/sites\/default\/files\/css\/css_-BXSGQpS8YTwwuXGbPoshUvZ7W-_HbYR3H7d0DA_mEY.css\u0022 \/\u003E\n\u003Clink rel=\u0022stylesheet\u0022 media=\u0022all\u0022 href=\u0022\/sites\/default\/files\/css\/css_89YreTu0npezhXSakRJR9TVHyBS9bTcyt0s3IckAe-M.css\u0022 \/\u003E\n"},{"command":"add_js","selector":"body","data":[{"src":"\/sites\/default\/files\/js\/js_9UaAhXvc9u0KYXXUw-OKyLP2baQxdV4zY3Y_KGurcvY.js"},{"src":"\/sites\/default\/files\/js\/js_oDJxUBLBzfRb_FDgNfkNOm9-tiatS2kNfxQIeVRZA7Y.js"},{"src":"\/sites\/default\/files\/js\/js_YM82KRuzNIr2X-Kb8pQW8cOcSbWgQ_QGKclTYJ_aMlI.js"},{"src":"\/sites\/default\/files\/js\/js_pqqsPPmPmxKgamY6qk_WSawtL05XH_yAY8GkPHVyahI.js"}]},{"command":"insert","method":"replaceWith","selector":".view-mode-full","data":"\u003Cdiv data-history-node-id=\u002223320\u0022 class=\u0022contenido view-mode-media_expanded ds-3col-equal clearfix\u0022\u003E\n\n  \n\n  \u003Cdiv class=\u0022area-medios group-left\u0022\u003E\n        \n                          \u003Cdiv  class=\u0022imagen\u0022 \u003E\n          \u003Cpicture\u003E\n                  \u003Csource srcset=\u0022\/sites\/default\/files\/styles\/max_650x650\/public\/notas\/2025-06-02\/2K6A2261%202%20%281%29.webp?itok=bJCRj09T 650w, \/sites\/default\/files\/styles\/max_1300x1300\/public\/notas\/2025-06-02\/2K6A2261%202%20%281%29.webp?itok=YMYMIDwu 1300w, \/sites\/default\/files\/styles\/max_1900x1900\/public\/notas\/2025-06-02\/2K6A2261%202%20%281%29.webp?itok=ZBFX-rXS 1900w\u0022 type=\u0022image\/webp\u0022 sizes=\u0022100vw\u0022\/\u003E\n              \u003Csource srcset=\u0022\/sites\/default\/files\/styles\/max_650x650\/public\/notas\/2025-06-02\/2K6A2261%202%20%281%29.jpg?itok=bJCRj09T 650w, \/sites\/default\/files\/styles\/max_1300x1300\/public\/notas\/2025-06-02\/2K6A2261%202%20%281%29.jpg?itok=YMYMIDwu 1300w, \/sites\/default\/files\/styles\/max_1900x1900\/public\/notas\/2025-06-02\/2K6A2261%202%20%281%29.jpg?itok=ZBFX-rXS 1900w\u0022 type=\u0022image\/jpeg\u0022 sizes=\u0022100vw\u0022\/\u003E\n                  \u003Cimg srcset=\u0022\/sites\/default\/files\/styles\/max_650x650\/public\/notas\/2025-06-02\/2K6A2261%202%20%281%29.jpg?itok=bJCRj09T 650w, \/sites\/default\/files\/styles\/max_1300x1300\/public\/notas\/2025-06-02\/2K6A2261%202%20%281%29.jpg?itok=YMYMIDwu 1300w, \/sites\/default\/files\/styles\/max_1900x1900\/public\/notas\/2025-06-02\/2K6A2261%202%20%281%29.jpg?itok=ZBFX-rXS 1900w\u0022 sizes=\u0022100vw\u0022 src=\u0022\/sites\/default\/files\/styles\/max_1300x1300\/public\/notas\/2025-06-02\/2K6A2261%202%20%281%29.jpg?itok=YMYMIDwu\u0022 alt=\u0022Primera generaci\u00f3n del Diplomado en Innovaci\u00f3n y Desarrollo Cosm\u00e9tico.\u0022 typeof=\u0022foaf:Image\u0022 class=\u0022img-fluid\u0022 \/\u003E\n\n  \u003C\/picture\u003E\n\n\u003C\/div\u003E\n      \n  \n\n      \u003Cdiv  class=\u0022boton-expander\u0022\u003E\n        \n                  \u003Cdiv class=\u0022item-list\u0022\u003E\u003Cul\u003E\u003Cli\u003E\u003Ca href=\u0022\/ds-switch-view-mode\/node\/23320\/media_collapsed?selector=view-mode-media_expanded\u0022 class=\u0022use-ajax\u0022\u003E\u2191\u003C\/a\u003E\u003C\/li\u003E\u003C\/ul\u003E\u003C\/div\u003E\n      \n  \n    \u003C\/div\u003E\n\n\n  \u003C\/div\u003E\n\n  \u003Cdiv class=\u0022area-info group-middle\u0022\u003E\n    \n\u003Cdiv  class=\u0022inner\u0022\u003E\n          \n                          \u003Ch2  class=\u0022titulo\u0022 \u003E\n        UABC impulsa la innovaci\u00f3n y el desarrollo en el sector cosm\u00e9tico\n\u003C\/h2\u003E\n      \n  \n\n    \n                          \u003Cdiv  class=\u0022resumen\u0022 \u003E\n      Con la participaci\u00f3n de once profesionistas entre egresadas y egresados, se celebr\u00f3 la conclusi\u00f3n del Diplomado en Innovaci\u00f3n y Desarrollo Cosm\u00e9tico\u003C\/div\u003E\n      \n  \n\n\n\u003Cdiv  class=\u0022datos\u0022\u003E\n            \u003Cdiv  class=\u0022autor\u0022\u003E\n            \u003Cdiv  class=\u0022field-label-inline\u0022\u003EPor\u003C\/div\u003E\n  \n                  \u003Ca href=\u0022\/autores\/andrea-ruiz-laureano-0\u0022 hreflang=\u0022es\u0022\u003EAndrea Ruiz Laureano \u003C\/a\u003E\n      \n  \n    \u003C\/div\u003E\n\n      \u003Cdiv  class=\u0022campus\u0022\u003E\n            \u003Cdiv  class=\u0022field-label-inline\u0022\u003ECampus\u003C\/div\u003E\n  \n                  \u003Ca href=\u0022\/campus\/mexicali\u0022 hreflang=\u0022es\u0022\u003EMexicali\u003C\/a\u003E\n      \n  \n    \u003C\/div\u003E\n\n    \n                          \u003Cdiv  class=\u0022fecha\u0022 \u003E\n      3 de Junio de 2025\u003C\/div\u003E\n      \n  \n\n\n  \u003C\/div\u003E\n    \n                          \u003Cdiv  class=\u0022texto\u0022 \u003E\n      \u003Cp\u003ELa Universidad Aut\u00f3noma de Baja California (UABC), a trav\u00e9s del Instituto de Ingenier\u00eda, el Centro de Educaci\u00f3n Continua y el Centro Inteligente de Innovaci\u00f3n y Desarrollo Tecnol\u00f3gico, llev\u00f3 a cabo la ceremonia de entrega de constancias del Diplomado en Innovaci\u00f3n y Desarrollo Cosm\u00e9tico, correspondiente a su primera generaci\u00f3n.\u003C\/p\u003E\n\n\u003Cp\u003EDurante 160 horas de formaci\u00f3n distribuidas en seis m\u00f3dulos, las y los participantes adquirieron conocimientos en formulaci\u00f3n, legislaci\u00f3n, control de calidad y comercializaci\u00f3n de productos cosm\u00e9ticos, todo con una s\u00f3lida base cient\u00edfica y un enfoque pr\u00e1ctico.\u003C\/p\u003E\n\n\u003Cp\u003EEn su intervenci\u00f3n, el doctor Mario Alberto Curiel \u00c1lvarez, director del Instituto de Ingenier\u00eda, resalt\u00f3 que el diplomado surgi\u00f3 como una respuesta concreta a una necesidad regional: fortalecer el sector cosm\u00e9tico desde una perspectiva cient\u00edfica, tecnol\u00f3gica e innovadora. Se\u00f1al\u00f3 que el desarrollo tecnol\u00f3gico en \u00e1reas como la cosm\u00e9tica requiere enfoques interdisciplinarios en los que convergen ingenier\u00eda, qu\u00edmica, biotecnolog\u00eda, dise\u00f1o de producto y emprendimiento. \u201cEste programa no solo busc\u00f3 transmitir conocimientos t\u00e9cnicos, sino tambi\u00e9n construir comunidad, tejer redes y fomentar una cultura de responsabilidad, emprendimiento y empat\u00eda\u201d, expres\u00f3.\u003C\/p\u003E\n\n\u003Cp\u003EEl doctor Jes\u00fas Adolfo Soto Curiel, vicerrector del Campus Mexicali, felicit\u00f3 a las y los egresados por haber concluido exitosamente el programa, destacando el entusiasmo y compromiso que mostraron durante su formaci\u00f3n. Reconoci\u00f3 especialmente el liderazgo de las dependencias universitarias involucradas: \u201cReconozco el liderazgo de nuestras instancias universitarias, como el Instituto de Ingenier\u00eda y el Centro de Educaci\u00f3n Continua, por responder a las necesidades del entorno y posicionar a la UABC como una universidad de frontera con visi\u00f3n de futuro\u201d.\u003C\/p\u003E\n\n\u003Cp\u003EEn representaci\u00f3n de las y los integrantes de esta primera generaci\u00f3n, Fabiola Cisneros Medina ofreci\u00f3 un mensaje en el que agradeci\u00f3 a la instructora y al equipo acad\u00e9mico por su dedicaci\u00f3n, as\u00ed como a sus compa\u00f1eras, compa\u00f1eros y familias por el acompa\u00f1amiento: \u201ceste diplomado no solo nos dej\u00f3 conocimientos t\u00e9cnicos sobre formulaci\u00f3n, ingredientes y tendencias, sino tambi\u00e9n v\u00ednculos, experiencias compartidas y la certeza de que la creatividad y la investigaci\u00f3n pueden transformar ideas en soluciones reales\u201d. A\u00f1adi\u00f3 que esta experiencia marca el inicio de una nueva etapa en la que asumen la responsabilidad de aplicar lo aprendido con \u00e9tica, compromiso y pasi\u00f3n por la industria cosm\u00e9tica.\u003C\/p\u003E\n\n\u003Cp\u003EEn el evento se cont\u00f3 con la presencia de la doctora Judith Marisela Paz Delgadillo, responsable acad\u00e9mica del Centro Inteligente de Innovaci\u00f3n y Desarrollo Tecnol\u00f3gico; la maestra Catalina Elena Valencia Rivera, coordinadora acad\u00e9mica sede Mexicali del Centro de Educaci\u00f3n Continua UABC; y la doctora Tanya Cristell Rivera Mart\u00ednez, instructora del Diplomado en Innovaci\u00f3n y Desarrollo Cosm\u00e9tico. Tambi\u00e9n, se cont\u00f3 con la presencia del doctor Benjam\u00edn Valdez Salas, responsable acad\u00e9mico de este programa de Educaci\u00f3n Continua, as\u00ed como de la doctora Jes\u00fas Eliana Rodr\u00edguez Burge\u00f1o, subdirectora del Instituto de Ingenier\u00eda.\u003C\/p\u003E\n\n\u003Cp\u003ECon esta primera generaci\u00f3n, la UABC reafirma su compromiso con la formaci\u00f3n continua, el impulso a la innovaci\u00f3n cient\u00edfica y tecnol\u00f3gica y el desarrollo de talento especializado en sectores estrat\u00e9gicos en beneficio de la comunidad bajacaliforniana.\u003C\/p\u003E\n\n\u003Cp\u003E\u00a0\u003C\/p\u003E\u003C\/div\u003E\n      \n  \n\n    \n            \u003Cdiv  class=\u0022palabras-clave\u0022\u003E\n                        \u003Ca href=\u0022\/tags\/diplomado\u0022 hreflang=\u0022es\u0022\u003EDiplomado\u003C\/a\u003E\n      \n      \u003C\/div\u003E\n  \n\n\n  \u003C\/div\u003E\n\n  \u003C\/div\u003E\n\n  \u003Cdiv class=\u0022area-extras group-right\u0022\u003E\n        \n                          \u003Cdiv  class=\u0022enlace-blockBottom\u0022 \u003E\n      \u003Cdiv\u003EVer m\u00e1s \u003Ca href=\u0022http:\/\/gaceta.uabc.mx\/notas\u0022\u003ENotas\u003C\/a\u003E\u003C\/div\u003E\n\u003C\/div\u003E\n      \n  \n\n\n  \u003C\/div\u003E\n\n\u003C\/div\u003E\n\n","settings":null}]