[{"command":"settings","settings":{"pluralDelimiter":"\u0003","suppressDeprecationErrors":true,"ajaxPageState":{"libraries":"core\/drupal.ajax,core\/picturefill,ds\/ds_3col_equal_width","theme":"gaceta","theme_token":null},"ajaxTrustedUrl":[],"field_group":{"html_element":{"mode":"media_expanded","context":"view","settings":{"classes":"datos","show_empty_fields":false,"id":"","element":"div","show_label":false,"label_element":"h3","label_element_classes":"","attributes":"","effect":"none","speed":"fast"}}},"user":{"uid":0,"permissionsHash":"55dc977d165ab1e05e51b6cc6487f6d73e65ab536d99ee82c6990d9001d5c21c"}},"merge":true},{"command":"add_css","data":"\u003Clink rel=\u0022stylesheet\u0022 media=\u0022all\u0022 href=\u0022\/sites\/default\/files\/css\/css_mxJrjoKKAZuuB4_4f-B1u9VnFZxvSor3Az4JEdrFEso.css\u0022 \/\u003E\n\u003Clink rel=\u0022stylesheet\u0022 media=\u0022all\u0022 href=\u0022\/sites\/default\/files\/css\/css_-BXSGQpS8YTwwuXGbPoshUvZ7W-_HbYR3H7d0DA_mEY.css\u0022 \/\u003E\n\u003Clink rel=\u0022stylesheet\u0022 media=\u0022all\u0022 href=\u0022\/sites\/default\/files\/css\/css_89YreTu0npezhXSakRJR9TVHyBS9bTcyt0s3IckAe-M.css\u0022 \/\u003E\n"},{"command":"add_js","selector":"body","data":[{"src":"\/sites\/default\/files\/js\/js_9UaAhXvc9u0KYXXUw-OKyLP2baQxdV4zY3Y_KGurcvY.js"},{"src":"\/sites\/default\/files\/js\/js_oDJxUBLBzfRb_FDgNfkNOm9-tiatS2kNfxQIeVRZA7Y.js"},{"src":"\/sites\/default\/files\/js\/js_YM82KRuzNIr2X-Kb8pQW8cOcSbWgQ_QGKclTYJ_aMlI.js"},{"src":"\/sites\/default\/files\/js\/js_pqqsPPmPmxKgamY6qk_WSawtL05XH_yAY8GkPHVyahI.js"}]},{"command":"insert","method":"replaceWith","selector":".view-mode-full","data":"\u003Cdiv data-history-node-id=\u002223353\u0022 class=\u0022contenido view-mode-media_expanded ds-3col-equal clearfix\u0022\u003E\n\n  \n\n  \u003Cdiv class=\u0022area-medios group-left\u0022\u003E\n        \n                          \u003Cdiv  class=\u0022imagen\u0022 \u003E\n          \u003Cpicture\u003E\n                  \u003Csource srcset=\u0022\/sites\/default\/files\/styles\/max_650x650\/public\/notas\/2025-06-06\/Dise%C3%B1o%20sin%20t%C3%ADtulo.webp?itok=9wjfBSZD 650w, \/sites\/default\/files\/styles\/max_1300x1300\/public\/notas\/2025-06-06\/Dise%C3%B1o%20sin%20t%C3%ADtulo.webp?itok=CBmz-g6t 1300w, \/sites\/default\/files\/styles\/max_1900x1900\/public\/notas\/2025-06-06\/Dise%C3%B1o%20sin%20t%C3%ADtulo.webp?itok=kgb1t58j 1420w\u0022 type=\u0022image\/webp\u0022 sizes=\u0022100vw\u0022\/\u003E\n              \u003Csource srcset=\u0022\/sites\/default\/files\/styles\/max_650x650\/public\/notas\/2025-06-06\/Dise%C3%B1o%20sin%20t%C3%ADtulo.jpg?itok=9wjfBSZD 650w, \/sites\/default\/files\/styles\/max_1300x1300\/public\/notas\/2025-06-06\/Dise%C3%B1o%20sin%20t%C3%ADtulo.jpg?itok=CBmz-g6t 1300w, \/sites\/default\/files\/styles\/max_1900x1900\/public\/notas\/2025-06-06\/Dise%C3%B1o%20sin%20t%C3%ADtulo.jpg?itok=kgb1t58j 1420w\u0022 type=\u0022image\/jpeg\u0022 sizes=\u0022100vw\u0022\/\u003E\n                  \u003Cimg srcset=\u0022\/sites\/default\/files\/styles\/max_650x650\/public\/notas\/2025-06-06\/Dise%C3%B1o%20sin%20t%C3%ADtulo.jpg?itok=9wjfBSZD 650w, \/sites\/default\/files\/styles\/max_1300x1300\/public\/notas\/2025-06-06\/Dise%C3%B1o%20sin%20t%C3%ADtulo.jpg?itok=CBmz-g6t 1300w, \/sites\/default\/files\/styles\/max_1900x1900\/public\/notas\/2025-06-06\/Dise%C3%B1o%20sin%20t%C3%ADtulo.jpg?itok=kgb1t58j 1420w\u0022 sizes=\u0022100vw\u0022 src=\u0022\/sites\/default\/files\/styles\/max_1300x1300\/public\/notas\/2025-06-06\/Dise%C3%B1o%20sin%20t%C3%ADtulo.jpg?itok=CBmz-g6t\u0022 alt=\u0022Exposici\u00f3n de proyectos FCITEC 2025: Talento, creatividad y compromiso universitario\u0022 typeof=\u0022foaf:Image\u0022 class=\u0022img-fluid\u0022 \/\u003E\n\n  \u003C\/picture\u003E\n\n\u003C\/div\u003E\n      \n  \n\n      \u003Cdiv  class=\u0022boton-expander\u0022\u003E\n        \n                  \u003Cdiv class=\u0022item-list\u0022\u003E\u003Cul\u003E\u003Cli\u003E\u003Ca href=\u0022\/ds-switch-view-mode\/node\/23353\/media_collapsed?selector=view-mode-media_expanded\u0022 class=\u0022use-ajax\u0022\u003E\u2191\u003C\/a\u003E\u003C\/li\u003E\u003C\/ul\u003E\u003C\/div\u003E\n      \n  \n    \u003C\/div\u003E\n\n\n  \u003C\/div\u003E\n\n  \u003Cdiv class=\u0022area-info group-middle\u0022\u003E\n    \n\u003Cdiv  class=\u0022inner\u0022\u003E\n          \n                          \u003Ch2  class=\u0022titulo\u0022 \u003E\n        Exposici\u00f3n de proyectos FCITEC 2025: Talento, creatividad y compromiso universitario\n\u003C\/h2\u003E\n      \n  \n\n    \n                          \u003Cdiv  class=\u0022resumen\u0022 \u003E\n      La FCITEC present\u00f3 proyectos de ingenier\u00eda y dise\u00f1o a la comunidad\u003C\/div\u003E\n      \n  \n\n\n\u003Cdiv  class=\u0022datos\u0022\u003E\n            \u003Cdiv  class=\u0022autor\u0022\u003E\n            \u003Cdiv  class=\u0022field-label-inline\u0022\u003EPor\u003C\/div\u003E\n  \n                  \u003Ca href=\u0022\/autores\/elias-castillo\u0022 hreflang=\u0022es\u0022\u003EEl\u00edas Castillo\u003C\/a\u003E\n      \n  \n    \u003C\/div\u003E\n\n      \u003Cdiv  class=\u0022campus\u0022\u003E\n            \u003Cdiv  class=\u0022field-label-inline\u0022\u003ECampus\u003C\/div\u003E\n  \n                  \u003Ca href=\u0022\/campus\/tijuana\u0022 hreflang=\u0022es\u0022\u003ETijuana\u003C\/a\u003E\n      \n  \n    \u003C\/div\u003E\n\n    \n                          \u003Cdiv  class=\u0022fecha\u0022 \u003E\n      6 de Junio de 2025\u003C\/div\u003E\n      \n  \n\n\n  \u003C\/div\u003E\n    \n                          \u003Cdiv  class=\u0022texto\u0022 \u003E\n      \u003Cp\u003EEl pasado 29 de mayo de 2025, la Facultad de Ciencias de la Ingenier\u00eda y Tecnolog\u00eda (FCITEC) celebr\u00f3 una nueva edici\u00f3n de la tradicional Exposici\u00f3n de Proyectos, un evento que marca el cierre del semestre con una muestra del talento y compromiso de su comunidad estudiantil. En esta edici\u00f3n participaron los programas educativos de Dise\u00f1o Industrial, Ingenier\u00eda Civil, Arquitectura y Dise\u00f1o Gr\u00e1fico; quienes unieron esfuerzos para realizar una exposici\u00f3n conjunta en la que participaron m\u00e1s de 450 estudiantes.\u00a0\u003C\/p\u003E\n\n\u003Cp\u003ELa presentaci\u00f3n de proyectos abarc\u00f3 una amplia gama de propuestas, desde juguetes electr\u00f3nicos, mobiliario ergon\u00f3mico e ilustraciones, hasta maquetas estructurales, dispositivos tecnol\u00f3gicos, carteles cient\u00edficos, pruebas de materiales y proyectos arquitect\u00f3nicos vinculados con comunidades de Tijuana y Tecate, reflejando la amplitud y profundidad de los aprendizajes logrados durante el semestre. Adem\u00e1s, este evento tambi\u00e9n fungi\u00f3 como un espacio para exponer temas de comunicaci\u00f3n visual, dise\u00f1o editorial, identidad, animaci\u00f3n, fotograf\u00eda y gr\u00e1fica aplicada, mostrando un compromiso creativo y t\u00e9cnico con las necesidades de su entorno.\u00a0\u00a0\u003C\/p\u003E\n\n\u003Cp\u003ETambi\u00e9n, como del parte del compromiso de la FCITEC con la formaci\u00f3n de vocaciones tempranas, se organiz\u00f3 una visita guiada para un grupo de 70 ni\u00f1as y ni\u00f1os, y dos docentes de la Escuela Primaria 6 de Abril de 1857 de la Colonia Valle de San Pedro, quienes, acompa\u00f1ados por estudiantes de servicio social, conocieron de cerca el trabajo universitario. Esta actividad fue posible gracias a la gesti\u00f3n de la doctora Norma Candolfi Arballo, coordinadora de Extensi\u00f3n y Vinculaci\u00f3n.\u003C\/p\u003E\n\n\u003Cp\u003EDurante la jornada, y con el objetivo de fomentar el ingreso a las carreras de Ingenier\u00eda, Dise\u00f1o y Arquitectura, la doctora Mar\u00eda Teresa P\u00e9rez y el doctor Ra\u00fal V\u00e1zquez, responsables de los troncos comunes, integraron equipos estudiantiles que compartieron experiencias formativas con los visitantes. Entre el p\u00fablico se cont\u00f3 con la presencia de la licenciada en Dise\u00f1o Industrial Diana Silva Luna, fundadora de la organizaci\u00f3n Tres Trazos, quien elogi\u00f3 la calidad de los proyectos presentados y remarc\u00f3 las oportunidades de vinculaci\u00f3n con el sector productivo y cultural.\u00a0\u003C\/p\u003E\n\n\u003Cp\u003EComo parte del itinerario, se cont\u00f3 con momentos de di\u00e1logo entre generaciones: estudiantes pr\u00f3ximos a egresar ofrecieron orientaci\u00f3n a quienes inician su trayectoria acad\u00e9mica, compartiendo aprendizajes sobre sus proyectos, metodolog\u00edas de trabajo y retos superados, este intercambio favoreci\u00f3 un ambiente de mentor\u00eda horizontal, fortaleciendo la identidad colectiva de las carreras. Asimismo, se habilitaron espacios interactivos donde los y las visitantes pudieron manipular prototipos, probar videojuegos educativos y realizar preguntas directamente a sus creadores, fomentando un espacio donde se discut\u00edan no solo los resultados, sino tambi\u00e9n los procesos de investigaci\u00f3n, dise\u00f1o y desarrollo involucrados en cada propuesta.\u003C\/p\u003E\n\n\u003Cp\u003EEventos como este evidencian la fortaleza del v\u00ednculo que hay entre la universidad y su entorno social, adem\u00e1s de inspirar a que nuevas generaciones a despertar su inter\u00e9s por la ciencia, la ingenier\u00eda, arquitectura y dise\u00f1o, contribuyendo al desarrollo de su entorno social.\u003C\/p\u003E\u003C\/div\u003E\n      \n  \n\n    \n            \u003Cdiv  class=\u0022palabras-clave\u0022\u003E\n                        \u003Ca href=\u0022\/tags\/fcitec\u0022 hreflang=\u0022es\u0022\u003EFCITEC\u003C\/a\u003E\n                \u003Ca href=\u0022\/tags\/exposicion-de-proyectos\u0022 hreflang=\u0022es\u0022\u003EExposici\u00f3n de proyectos\u003C\/a\u003E\n      \n      \u003C\/div\u003E\n  \n\n\n  \u003C\/div\u003E\n\n  \u003C\/div\u003E\n\n  \u003Cdiv class=\u0022area-extras group-right\u0022\u003E\n        \n                          \u003Cdiv  class=\u0022enlace-blockBottom\u0022 \u003E\n      \u003Cdiv\u003EVer m\u00e1s \u003Ca href=\u0022http:\/\/gaceta.uabc.mx\/notas\u0022\u003ENotas\u003C\/a\u003E\u003C\/div\u003E\n\u003C\/div\u003E\n      \n  \n\n\n  \u003C\/div\u003E\n\n\u003C\/div\u003E\n\n","settings":null}]