[{"command":"settings","settings":{"pluralDelimiter":"\u0003","suppressDeprecationErrors":true,"ajaxPageState":{"libraries":"core\/drupal.ajax,core\/picturefill,ds\/ds_3col_equal_width","theme":"gaceta","theme_token":null},"ajaxTrustedUrl":[],"field_group":{"html_element":{"mode":"media_expanded","context":"view","settings":{"classes":"datos","show_empty_fields":false,"id":"","element":"div","show_label":false,"label_element":"h3","label_element_classes":"","attributes":"","effect":"none","speed":"fast"}}},"user":{"uid":0,"permissionsHash":"55dc977d165ab1e05e51b6cc6487f6d73e65ab536d99ee82c6990d9001d5c21c"}},"merge":true},{"command":"add_css","data":"\u003Clink rel=\u0022stylesheet\u0022 media=\u0022all\u0022 href=\u0022\/sites\/default\/files\/css\/css_mxJrjoKKAZuuB4_4f-B1u9VnFZxvSor3Az4JEdrFEso.css\u0022 \/\u003E\n\u003Clink rel=\u0022stylesheet\u0022 media=\u0022all\u0022 href=\u0022\/sites\/default\/files\/css\/css_-BXSGQpS8YTwwuXGbPoshUvZ7W-_HbYR3H7d0DA_mEY.css\u0022 \/\u003E\n\u003Clink rel=\u0022stylesheet\u0022 media=\u0022all\u0022 href=\u0022\/sites\/default\/files\/css\/css_89YreTu0npezhXSakRJR9TVHyBS9bTcyt0s3IckAe-M.css\u0022 \/\u003E\n"},{"command":"add_js","selector":"body","data":[{"src":"\/sites\/default\/files\/js\/js_9UaAhXvc9u0KYXXUw-OKyLP2baQxdV4zY3Y_KGurcvY.js"},{"src":"\/sites\/default\/files\/js\/js_oDJxUBLBzfRb_FDgNfkNOm9-tiatS2kNfxQIeVRZA7Y.js"},{"src":"\/sites\/default\/files\/js\/js_YM82KRuzNIr2X-Kb8pQW8cOcSbWgQ_QGKclTYJ_aMlI.js"},{"src":"\/sites\/default\/files\/js\/js_pqqsPPmPmxKgamY6qk_WSawtL05XH_yAY8GkPHVyahI.js"}]},{"command":"insert","method":"replaceWith","selector":".view-mode-full","data":"\u003Cdiv data-history-node-id=\u002223376\u0022 class=\u0022contenido view-mode-media_expanded ds-3col-equal clearfix\u0022\u003E\n\n  \n\n  \u003Cdiv class=\u0022area-medios group-left\u0022\u003E\n        \n                          \u003Cdiv  class=\u0022imagen\u0022 \u003E\n          \u003Cpicture\u003E\n                  \u003Csource srcset=\u0022\/sites\/default\/files\/styles\/max_650x650\/public\/notas\/2025-06-10\/ENFERMERIA.webp?itok=MZjFNmvx 650w, \/sites\/default\/files\/styles\/max_1300x1300\/public\/notas\/2025-06-10\/ENFERMERIA.webp?itok=7DXW4s9m 1300w, \/sites\/default\/files\/styles\/max_1900x1900\/public\/notas\/2025-06-10\/ENFERMERIA.webp?itok=6xFuny3S 1615w\u0022 type=\u0022image\/webp\u0022 sizes=\u0022100vw\u0022\/\u003E\n              \u003Csource srcset=\u0022\/sites\/default\/files\/styles\/max_650x650\/public\/notas\/2025-06-10\/ENFERMERIA.jpg?itok=MZjFNmvx 650w, \/sites\/default\/files\/styles\/max_1300x1300\/public\/notas\/2025-06-10\/ENFERMERIA.jpg?itok=7DXW4s9m 1300w, \/sites\/default\/files\/styles\/max_1900x1900\/public\/notas\/2025-06-10\/ENFERMERIA.jpg?itok=6xFuny3S 1615w\u0022 type=\u0022image\/jpeg\u0022 sizes=\u0022100vw\u0022\/\u003E\n                  \u003Cimg srcset=\u0022\/sites\/default\/files\/styles\/max_650x650\/public\/notas\/2025-06-10\/ENFERMERIA.jpg?itok=MZjFNmvx 650w, \/sites\/default\/files\/styles\/max_1300x1300\/public\/notas\/2025-06-10\/ENFERMERIA.jpg?itok=7DXW4s9m 1300w, \/sites\/default\/files\/styles\/max_1900x1900\/public\/notas\/2025-06-10\/ENFERMERIA.jpg?itok=6xFuny3S 1615w\u0022 sizes=\u0022100vw\u0022 src=\u0022\/sites\/default\/files\/styles\/max_1300x1300\/public\/notas\/2025-06-10\/ENFERMERIA.jpg?itok=7DXW4s9m\u0022 alt=\u0022.\u0022 typeof=\u0022foaf:Image\u0022 class=\u0022img-fluid\u0022 \/\u003E\n\n  \u003C\/picture\u003E\n\n\u003C\/div\u003E\n      \n  \n\n      \u003Cdiv  class=\u0022boton-expander\u0022\u003E\n        \n                  \u003Cdiv class=\u0022item-list\u0022\u003E\u003Cul\u003E\u003Cli\u003E\u003Ca href=\u0022\/ds-switch-view-mode\/node\/23376\/media_collapsed?selector=view-mode-media_expanded\u0022 class=\u0022use-ajax\u0022\u003E\u2191\u003C\/a\u003E\u003C\/li\u003E\u003C\/ul\u003E\u003C\/div\u003E\n      \n  \n    \u003C\/div\u003E\n\n\n  \u003C\/div\u003E\n\n  \u003Cdiv class=\u0022area-info group-middle\u0022\u003E\n    \n\u003Cdiv  class=\u0022inner\u0022\u003E\n          \n                          \u003Ch2  class=\u0022titulo\u0022 \u003E\n        La Facultad de Enfermer\u00eda celebr\u00f3 su primera Expo-Emprendimiento\n\u003C\/h2\u003E\n      \n  \n\n    \n                          \u003Cdiv  class=\u0022resumen\u0022 \u003E\n      Estudiantes presentaron proyectos innovadores\u003C\/div\u003E\n      \n  \n\n\n\u003Cdiv  class=\u0022datos\u0022\u003E\n            \u003Cdiv  class=\u0022autor\u0022\u003E\n            \u003Cdiv  class=\u0022field-label-inline\u0022\u003EPor\u003C\/div\u003E\n  \n                  \u003Ca href=\u0022\/autores\/lorena-simental-chavez\u0022 hreflang=\u0022es\u0022\u003ELorena Simental Ch\u00e1vez \u003C\/a\u003E\n      \n  \n    \u003C\/div\u003E\n\n      \u003Cdiv  class=\u0022campus\u0022\u003E\n            \u003Cdiv  class=\u0022field-label-inline\u0022\u003ECampus\u003C\/div\u003E\n  \n                  \u003Ca href=\u0022\/campus\/mexicali\u0022 hreflang=\u0022es\u0022\u003EMexicali\u003C\/a\u003E\n      \n  \n    \u003C\/div\u003E\n\n    \n                          \u003Cdiv  class=\u0022fecha\u0022 \u003E\n      10 de Junio de 2025\u003C\/div\u003E\n      \n  \n\n\n  \u003C\/div\u003E\n    \n                          \u003Cdiv  class=\u0022texto\u0022 \u003E\n      \u003Cp\u003ELa\u00a0Facultad de Enfermer\u00eda\u00a0realiz\u00f3 el 23 de mayo de 2025 con \u00e9xito la\u00a01\u00aa Expo-Emprendimiento \u0022Emprendimiento en la innovaci\u00f3n y desarrollo de la profesi\u00f3n en enfermer\u00eda\u201d,\u003Cem\u003E \u003C\/em\u003Eun espacio dise\u00f1ado para promover la innovaci\u00f3n y el esp\u00edritu emprendedor entre los futuros profesionales de la enfermer\u00eda.\u003C\/p\u003E\n\n\u003Cp\u003EEl evento, organizado por la\u00a0maestra Laura Alicia Velarde Valenzuela, responsable del programa educativo, en coordinaci\u00f3n con la\u00a0licenciada Antonia Segura Sald\u00edvar, docente de la unidad de aprendizaje\u00a0Emprendimiento, cont\u00f3 con la participaci\u00f3n activa de estudiantes del s\u00e9ptimo semestre de la licenciatura en Enfermer\u00eda y el apoyo de docentes de la facultad, quienes colaboraron en la log\u00edstica y fungieron como jurado en la evaluaci\u00f3n de proyectos.\u003C\/p\u003E\n\n\u003Cp\u003EDurante la expo, se presentaron\u00a0seis iniciativas emprendedoras\u00a0enfocadas en \u00e1reas estrat\u00e9gicas como cuidados especializados y gesti\u00f3n hospitalaria.\u003C\/p\u003E\n\n\u003Cp\u003EComo parte del programa, se destac\u00f3 la\u00a0conferencia magistral\u00a0\u003Cem\u003E\u0022\u003C\/em\u003ETu negocio seguro y en regla\u0022, impartida por especialistas en emprendimiento en el aula magna\u00a0de la facultad, la cual brind\u00f3 herramientas clave para el desarrollo de proyectos profesionales sustentables.\u003C\/p\u003E\n\n\u003Cp\u003ETras una cuidadosa evaluaci\u00f3n por parte del jurado calificador, el proyecto\u00a0\u0022Pandita\u0022\u00a0obtuvo el\u00a0primer lugar\u00a0por su propuesta innovadora y su potencial para generar un impacto positivo en el ejercicio de la enfermer\u00eda.\u003C\/p\u003E\n\n\u003Cp\u003ECon esta iniciativa, la\u00a0Facultad de Enfermer\u00eda\u00a0reafirma su compromiso con la\u00a0formaci\u00f3n integral\u00a0de sus estudiantes, fomentando la cultura emprendedora y fortaleciendo los v\u00ednculos entre la academia y el sector salud.\u003C\/p\u003E\n\n\u003Cp\u003E\u003Cimg alt=\u0022presentacion\u0022 data-entity-type=\u0022file\u0022 data-entity-uuid=\u002265ccfb04-7f7f-40a0-a4bb-87d0311a7dc2\u0022 src=\u0022\/sites\/default\/files\/inline-images\/WhatsApp%20Image%202025-06-10%20at%2012.34.47%20PM%20%281%29.jpeg\u0022 width=\u00221200\u0022 height=\u00221600\u0022 loading=\u0022lazy\u0022 \/\u003E\u003C\/p\u003E\u003C\/div\u003E\n      \n  \n\n    \n            \u003Cdiv  class=\u0022palabras-clave\u0022\u003E\n                        \u003Ca href=\u0022\/tags\/facultad-de-enfermeria\u0022 hreflang=\u0022es\u0022\u003EFacultad de Enfermer\u00eda\u003C\/a\u003E\n                \u003Ca href=\u0022\/tags\/emprendedores\u0022 hreflang=\u0022es\u0022\u003EEmprendedores\u003C\/a\u003E\n                \u003Ca href=\u0022\/tags\/expo-emprendimiento\u0022 hreflang=\u0022es\u0022\u003EExpo Emprendimiento\u003C\/a\u003E\n      \n      \u003C\/div\u003E\n  \n\n\n  \u003C\/div\u003E\n\n  \u003C\/div\u003E\n\n  \u003Cdiv class=\u0022area-extras group-right\u0022\u003E\n        \n                          \u003Cdiv  class=\u0022enlace-blockBottom\u0022 \u003E\n      \u003Cdiv\u003EVer m\u00e1s \u003Ca href=\u0022http:\/\/gaceta.uabc.mx\/notas\u0022\u003ENotas\u003C\/a\u003E\u003C\/div\u003E\n\u003C\/div\u003E\n      \n  \n\n\n  \u003C\/div\u003E\n\n\u003C\/div\u003E\n\n","settings":null}]