[{"command":"settings","settings":{"pluralDelimiter":"\u0003","suppressDeprecationErrors":true,"ajaxPageState":{"libraries":"core\/drupal.ajax,core\/picturefill,ds\/ds_3col_equal_width","theme":"gaceta","theme_token":null},"ajaxTrustedUrl":[],"field_group":{"html_element":{"mode":"media_expanded","context":"view","settings":{"classes":"datos","show_empty_fields":false,"id":"","element":"div","show_label":false,"label_element":"h3","label_element_classes":"","attributes":"","effect":"none","speed":"fast"}}},"user":{"uid":0,"permissionsHash":"55dc977d165ab1e05e51b6cc6487f6d73e65ab536d99ee82c6990d9001d5c21c"}},"merge":true},{"command":"add_css","data":"\u003Clink rel=\u0022stylesheet\u0022 media=\u0022all\u0022 href=\u0022\/sites\/default\/files\/css\/css_mxJrjoKKAZuuB4_4f-B1u9VnFZxvSor3Az4JEdrFEso.css\u0022 \/\u003E\n\u003Clink rel=\u0022stylesheet\u0022 media=\u0022all\u0022 href=\u0022\/sites\/default\/files\/css\/css_-BXSGQpS8YTwwuXGbPoshUvZ7W-_HbYR3H7d0DA_mEY.css\u0022 \/\u003E\n\u003Clink rel=\u0022stylesheet\u0022 media=\u0022all\u0022 href=\u0022\/sites\/default\/files\/css\/css_89YreTu0npezhXSakRJR9TVHyBS9bTcyt0s3IckAe-M.css\u0022 \/\u003E\n"},{"command":"add_js","selector":"body","data":[{"src":"\/sites\/default\/files\/js\/js_9UaAhXvc9u0KYXXUw-OKyLP2baQxdV4zY3Y_KGurcvY.js"},{"src":"\/sites\/default\/files\/js\/js_oDJxUBLBzfRb_FDgNfkNOm9-tiatS2kNfxQIeVRZA7Y.js"},{"src":"\/sites\/default\/files\/js\/js_YM82KRuzNIr2X-Kb8pQW8cOcSbWgQ_QGKclTYJ_aMlI.js"},{"src":"\/sites\/default\/files\/js\/js_pqqsPPmPmxKgamY6qk_WSawtL05XH_yAY8GkPHVyahI.js"}]},{"command":"insert","method":"replaceWith","selector":".view-mode-full","data":"\u003Cdiv data-history-node-id=\u002223388\u0022 class=\u0022contenido view-mode-media_expanded ds-3col-equal clearfix\u0022\u003E\n\n  \n\n  \u003Cdiv class=\u0022area-medios group-left\u0022\u003E\n        \n                          \u003Cdiv  class=\u0022imagen\u0022 \u003E\n          \u003Cpicture\u003E\n                  \u003Csource srcset=\u0022\/sites\/default\/files\/styles\/max_650x650\/public\/notas\/2025-06-12\/FCITEC-kumiai.webp?itok=Lm8WwM3P 650w, \/sites\/default\/files\/styles\/max_1300x1300\/public\/notas\/2025-06-12\/FCITEC-kumiai.webp?itok=U4Ei0urx 1300w, \/sites\/default\/files\/styles\/max_1900x1900\/public\/notas\/2025-06-12\/FCITEC-kumiai.webp?itok=OC8R6KLd 1420w\u0022 type=\u0022image\/webp\u0022 sizes=\u0022100vw\u0022\/\u003E\n              \u003Csource srcset=\u0022\/sites\/default\/files\/styles\/max_650x650\/public\/notas\/2025-06-12\/FCITEC-kumiai.png?itok=Lm8WwM3P 650w, \/sites\/default\/files\/styles\/max_1300x1300\/public\/notas\/2025-06-12\/FCITEC-kumiai.png?itok=U4Ei0urx 1300w, \/sites\/default\/files\/styles\/max_1900x1900\/public\/notas\/2025-06-12\/FCITEC-kumiai.png?itok=OC8R6KLd 1420w\u0022 type=\u0022image\/png\u0022 sizes=\u0022100vw\u0022\/\u003E\n                  \u003Cimg srcset=\u0022\/sites\/default\/files\/styles\/max_650x650\/public\/notas\/2025-06-12\/FCITEC-kumiai.png?itok=Lm8WwM3P 650w, \/sites\/default\/files\/styles\/max_1300x1300\/public\/notas\/2025-06-12\/FCITEC-kumiai.png?itok=U4Ei0urx 1300w, \/sites\/default\/files\/styles\/max_1900x1900\/public\/notas\/2025-06-12\/FCITEC-kumiai.png?itok=OC8R6KLd 1420w\u0022 sizes=\u0022100vw\u0022 src=\u0022\/sites\/default\/files\/styles\/max_1300x1300\/public\/notas\/2025-06-12\/FCITEC-kumiai.png?itok=U4Ei0urx\u0022 alt=\u0022Facultad de Ciencias de la Ingenier\u00eda y Tecnolog\u00eda realiz\u00f3 transferencia tecnol\u00f3gica a comunidad Kumiai\u0022 typeof=\u0022foaf:Image\u0022 class=\u0022img-fluid\u0022 \/\u003E\n\n  \u003C\/picture\u003E\n\n\u003C\/div\u003E\n      \n  \n\n      \u003Cdiv  class=\u0022boton-expander\u0022\u003E\n        \n                  \u003Cdiv class=\u0022item-list\u0022\u003E\u003Cul\u003E\u003Cli\u003E\u003Ca href=\u0022\/ds-switch-view-mode\/node\/23388\/media_collapsed?selector=view-mode-media_expanded\u0022 class=\u0022use-ajax\u0022\u003E\u2191\u003C\/a\u003E\u003C\/li\u003E\u003C\/ul\u003E\u003C\/div\u003E\n      \n  \n    \u003C\/div\u003E\n\n\n  \u003C\/div\u003E\n\n  \u003Cdiv class=\u0022area-info group-middle\u0022\u003E\n    \n\u003Cdiv  class=\u0022inner\u0022\u003E\n          \n                          \u003Ch2  class=\u0022titulo\u0022 \u003E\n        FCITEC fortalece v\u00ednculos con comunidad Kumiai mediante transferencia tecnol\u00f3gica\n\u003C\/h2\u003E\n      \n  \n\n    \n                          \u003Cdiv  class=\u0022resumen\u0022 \u003E\n      Un evento de vinculaci\u00f3n universidad-comunidad y dise\u00f1o, con enfoque colaborativo y cultural\u003C\/div\u003E\n      \n  \n\n\n\u003Cdiv  class=\u0022datos\u0022\u003E\n            \u003Cdiv  class=\u0022autor\u0022\u003E\n            \u003Cdiv  class=\u0022field-label-inline\u0022\u003EPor\u003C\/div\u003E\n  \n                  \u003Ca href=\u0022\/autores\/guadalupe-tapia-vela-0\u0022 hreflang=\u0022es\u0022\u003EGuadalupe Tapia Vela\u003C\/a\u003E\n      \n  \n    \u003C\/div\u003E\n\n      \u003Cdiv  class=\u0022campus\u0022\u003E\n            \u003Cdiv  class=\u0022field-label-inline\u0022\u003ECampus\u003C\/div\u003E\n  \n                  \u003Ca href=\u0022\/campus\/tijuana\u0022 hreflang=\u0022es\u0022\u003ETijuana\u003C\/a\u003E\n      \n  \n    \u003C\/div\u003E\n\n    \n                          \u003Cdiv  class=\u0022fecha\u0022 \u003E\n      12 de Junio de 2025\u003C\/div\u003E\n      \n  \n\n\n  \u003C\/div\u003E\n    \n                          \u003Cdiv  class=\u0022texto\u0022 \u003E\n      \u003Cp\u003EEl pasado 10 de junio, se llev\u00f3 a cabo la transferencia tecnol\u00f3gica hacia la comunidad Kumiai por parte de la Facultad de Ciencias de la Ingenier\u00eda y Tecnolog\u00eda (FCITEC), unidad Valle de las Palmas. Un evento de vinculaci\u00f3n universidad-comunidad y dise\u00f1o, con enfoque colaborativo y cultural que fortalece el puente entre el conocimiento acad\u00e9mico y la sabidur\u00eda artesanal.\u00a0\u003C\/p\u003E\n\n\u003Cp\u003EEl evento dio inicio con un recorrido de las autoridades y representantes de la comunidad, por las instalaciones de la facultad, para posteriormente hacer entrega de las bancas que formar\u00e1n parte del sendero interpretativo de las Abuelas Nimau Wa\u00f1a, un proyecto multidisciplinario instalado previamente mediante la colaboraci\u00f3n entre la FCITEC y la Secretar\u00eda de Turismo del Estado en el a\u00f1o 2022. En el dise\u00f1o y fabricaci\u00f3n de dichas bancas, se incorporaron elementos representativos de la cultura Kumiai, relacionados con la flora y fauna de la regi\u00f3n.\u003C\/p\u003E\n\n\u003Cp\u003EEl doctor Vladimir Becerril, responsable del proyecto y docente de la facultad, destac\u00f3 que este proyecto naci\u00f3 de la necesidad de solucionar problemas con el mobiliario dentro del sendero, dando como resultado el dise\u00f1o de una banca, en el cual particip\u00f3 un grupo de estudiantes del servicio social profesional. \u201cSe tiene la intenci\u00f3n de seguir colaborando, de lograr esta transferencia y este intercambio de conocimiento que tenemos con la sociedad\u201d, a\u00f1adi\u00f3.\u00a0\u00a0\u003C\/p\u003E\n\n\u003Cp\u003ELas y los egresados de la licenciatura de Dise\u00f1o Industrial quienes participaron en el proyecto, compartieron su proceso creativo, t\u00e9cnico y formativo en el dise\u00f1o y fabricaci\u00f3n de la banca Kumiai, tomando cosas representativas de la comunidad como inspiraci\u00f3n, la naturaleza del sendero y la tecnolog\u00eda para obtener el resultado final.\u003C\/p\u003E\n\n\u003Cp\u003ELa representante de la comunidad Kumiai y promotora cultural del Gobierno del Estado, la se\u00f1ora Norma Meza Calles, habl\u00f3 sobre la experiencia de colaboraci\u00f3n y el significado cultural de dicho proyecto para su comunidad, enfatizando en c\u00f3mo este tipo de colaboraciones ayudan a rescatar y conservar las costumbres y lengua de su comunidad.\u003C\/p\u003E\n\n\u003Cp\u003EPor su parte, el doctor David Abdel Mej\u00eda Medina, director de la FCITEC, destac\u00f3 que desde la fundaci\u00f3n de la facultad se ha buscado que esta sea un pilar en la sociedad, no solamente formando profesionales, sino tambi\u00e9n impulsando el desarrollo social y cultural. Asimismo, agreg\u00f3 que este mobiliario es solo una de tantas iniciativas, y se espera que sea un punto de partida para futuras colaboraciones un poco m\u00e1s ambiciosas, as\u00ed como continuar explorando esas \u00e1reas de inter\u00e9s mutuo, que van desde iniciativas culturales hasta iniciativas educativas. Manifest\u00f3 su agradecimiento a la comunidad Kumiai por abrir sus puertas, por su confianza y colaboraci\u00f3n con la universidad.\u00a0\u003C\/p\u003E\n\n\u003Cp\u003ELa FCITEC espera continuar desarrollando proyectos que beneficien a ambas partes, fomentando el di\u00e1logo, la comprensi\u00f3n y el desarrollo sostenible, y con los cuales se fortalezca la formaci\u00f3n disciplinaria e integral de las y los estudiantes.\u003C\/p\u003E\n\n\u003Cp\u003EFinalizando el evento, la doctora Dora Luz Flores Guti\u00e9rrez, coordinadora General de Investigaci\u00f3n y Posgrado, agreg\u00f3 la importancia de incentivar a las y los estudiantes para poner en pr\u00e1ctica todos los conocimientos adquiridos durante su carrera y relacionarse con la cultura de Baja California; as\u00ed como de proteger todo este tipo de dise\u00f1os originales ante organizaciones como el INDAUTOR.\u003C\/p\u003E\u003C\/div\u003E\n      \n  \n\n    \n            \u003Cdiv  class=\u0022palabras-clave\u0022\u003E\n                        \u003Ca href=\u0022\/tags\/comunidad-kumiai\u0022 hreflang=\u0022es\u0022\u003EComunidad Kumiai\u003C\/a\u003E\n                \u003Ca href=\u0022\/tags\/fcitec\u0022 hreflang=\u0022es\u0022\u003EFCITEC\u003C\/a\u003E\n                \u003Ca href=\u0022\/tags\/colaboracion\u0022 hreflang=\u0022es\u0022\u003EColaboraci\u00f3n\u003C\/a\u003E\n      \n      \u003C\/div\u003E\n  \n\n\n  \u003C\/div\u003E\n\n  \u003C\/div\u003E\n\n  \u003Cdiv class=\u0022area-extras group-right\u0022\u003E\n        \n                          \u003Cdiv  class=\u0022enlace-blockBottom\u0022 \u003E\n      \u003Cdiv\u003EVer m\u00e1s \u003Ca href=\u0022http:\/\/gaceta.uabc.mx\/notas\u0022\u003ENotas\u003C\/a\u003E\u003C\/div\u003E\n\u003C\/div\u003E\n      \n  \n\n\n  \u003C\/div\u003E\n\n\u003C\/div\u003E\n\n","settings":null}]