[{"command":"settings","settings":{"pluralDelimiter":"\u0003","suppressDeprecationErrors":true,"ajaxPageState":{"libraries":"core\/drupal.ajax,core\/picturefill,ds\/ds_3col_equal_width","theme":"gaceta","theme_token":null},"ajaxTrustedUrl":[],"field_group":{"html_element":{"mode":"media_expanded","context":"view","settings":{"classes":"datos","show_empty_fields":false,"id":"","element":"div","show_label":false,"label_element":"h3","label_element_classes":"","attributes":"","effect":"none","speed":"fast"}}},"user":{"uid":0,"permissionsHash":"55dc977d165ab1e05e51b6cc6487f6d73e65ab536d99ee82c6990d9001d5c21c"}},"merge":true},{"command":"add_css","data":"\u003Clink rel=\u0022stylesheet\u0022 media=\u0022all\u0022 href=\u0022\/sites\/default\/files\/css\/css_mxJrjoKKAZuuB4_4f-B1u9VnFZxvSor3Az4JEdrFEso.css\u0022 \/\u003E\n\u003Clink rel=\u0022stylesheet\u0022 media=\u0022all\u0022 href=\u0022\/sites\/default\/files\/css\/css_-BXSGQpS8YTwwuXGbPoshUvZ7W-_HbYR3H7d0DA_mEY.css\u0022 \/\u003E\n\u003Clink rel=\u0022stylesheet\u0022 media=\u0022all\u0022 href=\u0022\/sites\/default\/files\/css\/css_89YreTu0npezhXSakRJR9TVHyBS9bTcyt0s3IckAe-M.css\u0022 \/\u003E\n"},{"command":"add_js","selector":"body","data":[{"src":"\/sites\/default\/files\/js\/js_9UaAhXvc9u0KYXXUw-OKyLP2baQxdV4zY3Y_KGurcvY.js"},{"src":"\/sites\/default\/files\/js\/js_oDJxUBLBzfRb_FDgNfkNOm9-tiatS2kNfxQIeVRZA7Y.js"},{"src":"\/sites\/default\/files\/js\/js_YM82KRuzNIr2X-Kb8pQW8cOcSbWgQ_QGKclTYJ_aMlI.js"},{"src":"\/sites\/default\/files\/js\/js_pqqsPPmPmxKgamY6qk_WSawtL05XH_yAY8GkPHVyahI.js"}]},{"command":"insert","method":"replaceWith","selector":".view-mode-full","data":"\u003Cdiv data-history-node-id=\u002223393\u0022 class=\u0022contenido view-mode-media_expanded ds-3col-equal clearfix\u0022\u003E\n\n  \n\n  \u003Cdiv class=\u0022area-medios group-left\u0022\u003E\n        \n                          \u003Cdiv  class=\u0022imagen\u0022 \u003E\n          \u003Cpicture\u003E\n                  \u003Csource srcset=\u0022\/sites\/default\/files\/styles\/max_650x650\/public\/notas\/2025-06-12\/Portada%20D%C3%ADa%20Ecol%C3%B3gico.webp?itok=1cl6f_cA 650w, \/sites\/default\/files\/styles\/max_1300x1300\/public\/notas\/2025-06-12\/Portada%20D%C3%ADa%20Ecol%C3%B3gico.webp?itok=JQXzl3sh 1300w, \/sites\/default\/files\/styles\/max_1900x1900\/public\/notas\/2025-06-12\/Portada%20D%C3%ADa%20Ecol%C3%B3gico.webp?itok=RsUQ4peN 1420w\u0022 type=\u0022image\/webp\u0022 sizes=\u0022100vw\u0022\/\u003E\n              \u003Csource srcset=\u0022\/sites\/default\/files\/styles\/max_650x650\/public\/notas\/2025-06-12\/Portada%20D%C3%ADa%20Ecol%C3%B3gico.jpg?itok=1cl6f_cA 650w, \/sites\/default\/files\/styles\/max_1300x1300\/public\/notas\/2025-06-12\/Portada%20D%C3%ADa%20Ecol%C3%B3gico.jpg?itok=JQXzl3sh 1300w, \/sites\/default\/files\/styles\/max_1900x1900\/public\/notas\/2025-06-12\/Portada%20D%C3%ADa%20Ecol%C3%B3gico.jpg?itok=RsUQ4peN 1420w\u0022 type=\u0022image\/jpeg\u0022 sizes=\u0022100vw\u0022\/\u003E\n                  \u003Cimg srcset=\u0022\/sites\/default\/files\/styles\/max_650x650\/public\/notas\/2025-06-12\/Portada%20D%C3%ADa%20Ecol%C3%B3gico.jpg?itok=1cl6f_cA 650w, \/sites\/default\/files\/styles\/max_1300x1300\/public\/notas\/2025-06-12\/Portada%20D%C3%ADa%20Ecol%C3%B3gico.jpg?itok=JQXzl3sh 1300w, \/sites\/default\/files\/styles\/max_1900x1900\/public\/notas\/2025-06-12\/Portada%20D%C3%ADa%20Ecol%C3%B3gico.jpg?itok=RsUQ4peN 1420w\u0022 sizes=\u0022100vw\u0022 src=\u0022\/sites\/default\/files\/styles\/max_1300x1300\/public\/notas\/2025-06-12\/Portada%20D%C3%ADa%20Ecol%C3%B3gico.jpg?itok=JQXzl3sh\u0022 alt=\u0022Se realiza la primera edici\u00f3n del D\u00eda Ecol\u00f3gico, organizado por CESA Tijuana y Ecocimarrones\u0022 typeof=\u0022foaf:Image\u0022 class=\u0022img-fluid\u0022 \/\u003E\n\n  \u003C\/picture\u003E\n\n\u003C\/div\u003E\n      \n  \n\n      \u003Cdiv  class=\u0022boton-expander\u0022\u003E\n        \n                  \u003Cdiv class=\u0022item-list\u0022\u003E\u003Cul\u003E\u003Cli\u003E\u003Ca href=\u0022\/ds-switch-view-mode\/node\/23393\/media_collapsed?selector=view-mode-media_expanded\u0022 class=\u0022use-ajax\u0022\u003E\u2191\u003C\/a\u003E\u003C\/li\u003E\u003C\/ul\u003E\u003C\/div\u003E\n      \n  \n    \u003C\/div\u003E\n\n\n  \u003C\/div\u003E\n\n  \u003Cdiv class=\u0022area-info group-middle\u0022\u003E\n    \n\u003Cdiv  class=\u0022inner\u0022\u003E\n          \n                          \u003Ch2  class=\u0022titulo\u0022 \u003E\n        CESA Tijuana y Ecocimarrones celebran el primer D\u00eda Ecol\u00f3gico \n\u003C\/h2\u003E\n      \n  \n\n    \n                          \u003Cdiv  class=\u0022resumen\u0022 \u003E\n      Buscan fomentar h\u00e1bitos sostenibles y fortalecer el compromiso social de la comunidad cimarrona\u003C\/div\u003E\n      \n  \n\n\n\u003Cdiv  class=\u0022datos\u0022\u003E\n            \u003Cdiv  class=\u0022autor\u0022\u003E\n            \u003Cdiv  class=\u0022field-label-inline\u0022\u003EPor\u003C\/div\u003E\n  \n                  \u003Ca href=\u0022\/autores\/melissa-prieto-con-informacion-de-cesa-tijuana\u0022 hreflang=\u0022es\u0022\u003EMelissa Prieto con informaci\u00f3n de CESA Tijuana\u003C\/a\u003E\n      \n  \n    \u003C\/div\u003E\n\n      \u003Cdiv  class=\u0022campus\u0022\u003E\n            \u003Cdiv  class=\u0022field-label-inline\u0022\u003ECampus\u003C\/div\u003E\n  \n                  \u003Ca href=\u0022\/campus\/tijuana\u0022 hreflang=\u0022es\u0022\u003ETijuana\u003C\/a\u003E\n      \n  \n    \u003C\/div\u003E\n\n    \n                          \u003Cdiv  class=\u0022fecha\u0022 \u003E\n      12 de Junio de 2025\u003C\/div\u003E\n      \n  \n\n\n  \u003C\/div\u003E\n    \n                          \u003Cdiv  class=\u0022texto\u0022 \u003E\n      \u003Cp\u003ECon el objetivo de fomentar la conciencia ambiental y fortalecer los lazos de trabajo colaborativo entre la comunidad universitaria, el Consejo Estatal de Sociedades de Alumnos (CESA) Tijuana y el Club Ecol\u00f3gico Ecocimarrones llevaron a cabo con \u00e9xito el evento D\u00eda Ecol\u00f3gico, una iniciativa que combin\u00f3 acci\u00f3n, formaci\u00f3n y compromiso social.\u003C\/p\u003E\n\n\u003Cp\u003EEl evento const\u00f3 de dos actividades principales: un taller ecol\u00f3gico virtual y una jornada masiva de limpieza. El taller ecol\u00f3gico, impartido el 5 de junio, en conmemoraci\u00f3n del D\u00eda Internacional del Medio Ambiente por Zuleidy Guadalupe Ortega Sixtos, presidenta de Ecocimarrones., abord\u00f3 temas clave como el reciclaje, la correcta separaci\u00f3n de residuos y la importancia del activismo ambiental en la vida diaria. Cont\u00f3 con la asistencia de 243 estudiantes, busc\u00f3 no solo informar, sino generar h\u00e1bitos sostenibles a largo plazo.\u003C\/p\u003E\n\n\u003Cp\u003E\u0022Estoy asombrada y enteramente agradecida con esta alianza con CESA, ya que la participaci\u00f3n de todas las sociedades de alumnos nos ayud\u00f3 much\u00edsimo a que llegase a m\u00e1s lugares de UABC. Esperamos poder seguir en comunicaci\u00f3n con ellos para futuras actividades que fomenten estos valores acad\u00e9micos de los cuales nuestra Universidad\u00a0 destaca\u0022, mencion\u00f3 Zuleidy Ortega.\u003C\/p\u003E\n\n\u003Cp\u003EEl 7 de junio, CESA Tijuana lider\u00f3 la coordinaci\u00f3n de la limpieza ecol\u00f3gica, la cual reuni\u00f3 a 176 estudiantes de diversas carreras. La convocatoria fue abierta a toda la comunidad estudiantil, reforzando la idea de que el cuidado del entorno es una responsabilidad colectiva.\u00a0\u003C\/p\u003E\n\n\u003Cp\u003EContando con la ayuda de la Facultad de Medicina y Psicolog\u00eda, campus Tijuana, a trav\u00e9s de la doctora Mar\u00eda Guadalupe Delgadillo Ramos, directora de la facultad. Ofreci\u00f3 ayuda de brigadas de primeros auxilios y asesor\u00eda en el \u00e1rea de servicio social. Adem\u00e1s de contar con la ayuda del Departamento de Servicios Estudiantiles y Gesti\u00f3n Escolar, para una mejor gesti\u00f3n y estructura de la actividad.\u003C\/p\u003E\n\n\u003Cp\u003EPara los y las l\u00edderes estudiantiles, esta jornada represent\u00f3 apenas el comienzo de un compromiso mayor. \u201cQuiero destacar que esta es solo la primera de muchas iniciativas que queremos impulsar en esta l\u00ednea\u0022, expres\u00f3 H\u00e9ctor Alejandro Arellano Prado, presidente de la Sociedad de Alumnos de la Facultad de Econom\u00eda y Relaciones Internacionales y miembro activo de CESA Tijuana. \u201cComo cimarrones, debemos ser ejemplo de compromiso social y ambiental. Estamos construyendo un campus m\u00e1s digno, m\u00e1s limpio y m\u00e1s consciente, no solo para nosotros, sino para las generaciones que vendr\u00e1n\u201d, agreg\u00f3.\u003C\/p\u003E\n\n\u003Cp\u003ECon actividades como el D\u00eda Ecol\u00f3gico, la comunidad estudiantil cimarrona reafirma su papel como agente de cambio y muestra que la sostenibilidad y la participaci\u00f3n activa pueden ir de la mano en la construcci\u00f3n de un futuro universitario m\u00e1s verde.\u003C\/p\u003E\u003C\/div\u003E\n      \n  \n\n    \n            \u003Cdiv  class=\u0022palabras-clave\u0022\u003E\n                        \u003Ca href=\u0022\/tags\/limpieza\u0022 hreflang=\u0022es\u0022\u003ELimpieza\u003C\/a\u003E\n                \u003Ca href=\u0022\/tags\/uabc\u0022 hreflang=\u0022es\u0022\u003EUABC\u003C\/a\u003E\n                \u003Ca href=\u0022\/tags\/ecologica\u0022 hreflang=\u0022es\u0022\u003EEcol\u00f3gica\u003C\/a\u003E\n      \n      \u003C\/div\u003E\n  \n\n\n  \u003C\/div\u003E\n\n  \u003C\/div\u003E\n\n  \u003Cdiv class=\u0022area-extras group-right\u0022\u003E\n        \n                          \u003Cdiv  class=\u0022enlace-blockBottom\u0022 \u003E\n      \u003Cdiv\u003EVer m\u00e1s \u003Ca href=\u0022http:\/\/gaceta.uabc.mx\/notas\u0022\u003ENotas\u003C\/a\u003E\u003C\/div\u003E\n\u003C\/div\u003E\n      \n  \n\n\n  \u003C\/div\u003E\n\n\u003C\/div\u003E\n\n","settings":null}]