[{"command":"settings","settings":{"pluralDelimiter":"\u0003","suppressDeprecationErrors":true,"ajaxPageState":{"libraries":"core\/drupal.ajax,core\/picturefill,ds\/ds_3col_equal_width","theme":"gaceta","theme_token":null},"ajaxTrustedUrl":[],"field_group":{"html_element":{"mode":"media_expanded","context":"view","settings":{"classes":"datos","show_empty_fields":false,"id":"","element":"div","show_label":false,"label_element":"h3","label_element_classes":"","attributes":"","effect":"none","speed":"fast"}}},"user":{"uid":0,"permissionsHash":"55dc977d165ab1e05e51b6cc6487f6d73e65ab536d99ee82c6990d9001d5c21c"}},"merge":true},{"command":"add_css","data":"\u003Clink rel=\u0022stylesheet\u0022 media=\u0022all\u0022 href=\u0022\/sites\/default\/files\/css\/css_mxJrjoKKAZuuB4_4f-B1u9VnFZxvSor3Az4JEdrFEso.css\u0022 \/\u003E\n\u003Clink rel=\u0022stylesheet\u0022 media=\u0022all\u0022 href=\u0022\/sites\/default\/files\/css\/css_-BXSGQpS8YTwwuXGbPoshUvZ7W-_HbYR3H7d0DA_mEY.css\u0022 \/\u003E\n\u003Clink rel=\u0022stylesheet\u0022 media=\u0022all\u0022 href=\u0022\/sites\/default\/files\/css\/css_89YreTu0npezhXSakRJR9TVHyBS9bTcyt0s3IckAe-M.css\u0022 \/\u003E\n"},{"command":"add_js","selector":"body","data":[{"src":"\/sites\/default\/files\/js\/js_9UaAhXvc9u0KYXXUw-OKyLP2baQxdV4zY3Y_KGurcvY.js"},{"src":"\/sites\/default\/files\/js\/js_oDJxUBLBzfRb_FDgNfkNOm9-tiatS2kNfxQIeVRZA7Y.js"},{"src":"\/sites\/default\/files\/js\/js_YM82KRuzNIr2X-Kb8pQW8cOcSbWgQ_QGKclTYJ_aMlI.js"},{"src":"\/sites\/default\/files\/js\/js_pqqsPPmPmxKgamY6qk_WSawtL05XH_yAY8GkPHVyahI.js"}]},{"command":"insert","method":"replaceWith","selector":".view-mode-full","data":"\u003Cdiv data-history-node-id=\u002223396\u0022 class=\u0022contenido view-mode-media_expanded ds-3col-equal clearfix\u0022\u003E\n\n  \n\n  \u003Cdiv class=\u0022area-medios group-left\u0022\u003E\n        \n                          \u003Cdiv  class=\u0022imagen\u0022 \u003E\n          \u003Cpicture\u003E\n                  \u003Csource srcset=\u0022\/sites\/default\/files\/styles\/max_650x650\/public\/notas\/2025-06-12\/PORTADA%20D%C3%ADa%20Nacional%20de%20la%20Psicolog%C3%ADa%20en%20FACISALUD.webp?itok=XsfpkwUi 650w, \/sites\/default\/files\/styles\/max_1300x1300\/public\/notas\/2025-06-12\/PORTADA%20D%C3%ADa%20Nacional%20de%20la%20Psicolog%C3%ADa%20en%20FACISALUD.webp?itok=2MA2sx-k 1300w, \/sites\/default\/files\/styles\/max_1900x1900\/public\/notas\/2025-06-12\/PORTADA%20D%C3%ADa%20Nacional%20de%20la%20Psicolog%C3%ADa%20en%20FACISALUD.webp?itok=HamVcY4m 1420w\u0022 type=\u0022image\/webp\u0022 sizes=\u0022100vw\u0022\/\u003E\n              \u003Csource srcset=\u0022\/sites\/default\/files\/styles\/max_650x650\/public\/notas\/2025-06-12\/PORTADA%20D%C3%ADa%20Nacional%20de%20la%20Psicolog%C3%ADa%20en%20FACISALUD.jpg?itok=XsfpkwUi 650w, \/sites\/default\/files\/styles\/max_1300x1300\/public\/notas\/2025-06-12\/PORTADA%20D%C3%ADa%20Nacional%20de%20la%20Psicolog%C3%ADa%20en%20FACISALUD.jpg?itok=2MA2sx-k 1300w, \/sites\/default\/files\/styles\/max_1900x1900\/public\/notas\/2025-06-12\/PORTADA%20D%C3%ADa%20Nacional%20de%20la%20Psicolog%C3%ADa%20en%20FACISALUD.jpg?itok=HamVcY4m 1420w\u0022 type=\u0022image\/jpeg\u0022 sizes=\u0022100vw\u0022\/\u003E\n                  \u003Cimg srcset=\u0022\/sites\/default\/files\/styles\/max_650x650\/public\/notas\/2025-06-12\/PORTADA%20D%C3%ADa%20Nacional%20de%20la%20Psicolog%C3%ADa%20en%20FACISALUD.jpg?itok=XsfpkwUi 650w, \/sites\/default\/files\/styles\/max_1300x1300\/public\/notas\/2025-06-12\/PORTADA%20D%C3%ADa%20Nacional%20de%20la%20Psicolog%C3%ADa%20en%20FACISALUD.jpg?itok=2MA2sx-k 1300w, \/sites\/default\/files\/styles\/max_1900x1900\/public\/notas\/2025-06-12\/PORTADA%20D%C3%ADa%20Nacional%20de%20la%20Psicolog%C3%ADa%20en%20FACISALUD.jpg?itok=HamVcY4m 1420w\u0022 sizes=\u0022100vw\u0022 src=\u0022\/sites\/default\/files\/styles\/max_1300x1300\/public\/notas\/2025-06-12\/PORTADA%20D%C3%ADa%20Nacional%20de%20la%20Psicolog%C3%ADa%20en%20FACISALUD.jpg?itok=2MA2sx-k\u0022 alt=\u0022FACISALUD celebra el D\u00eda Nacional de la Psicolog\u00eda \u0022 typeof=\u0022foaf:Image\u0022 class=\u0022img-fluid\u0022 \/\u003E\n\n  \u003C\/picture\u003E\n\n\u003C\/div\u003E\n      \n  \n\n      \u003Cdiv  class=\u0022boton-expander\u0022\u003E\n        \n                  \u003Cdiv class=\u0022item-list\u0022\u003E\u003Cul\u003E\u003Cli\u003E\u003Ca href=\u0022\/ds-switch-view-mode\/node\/23396\/media_collapsed?selector=view-mode-media_expanded\u0022 class=\u0022use-ajax\u0022\u003E\u2191\u003C\/a\u003E\u003C\/li\u003E\u003C\/ul\u003E\u003C\/div\u003E\n      \n  \n    \u003C\/div\u003E\n\n\n  \u003C\/div\u003E\n\n  \u003Cdiv class=\u0022area-info group-middle\u0022\u003E\n    \n\u003Cdiv  class=\u0022inner\u0022\u003E\n          \n                          \u003Ch2  class=\u0022titulo\u0022 \u003E\n        FACISALUD celebr\u00f3 el D\u00eda Nacional de la Psicolog\u00eda \n\u003C\/h2\u003E\n      \n  \n\n    \n                          \u003Cdiv  class=\u0022resumen\u0022 \u003E\n      Con una jornada acad\u00e9mica, reflexiva y l\u00fadica que logr\u00f3 fortalecer la formaci\u00f3n y uni\u00f3n de las y los estudiantes\u003C\/div\u003E\n      \n  \n\n\n\u003Cdiv  class=\u0022datos\u0022\u003E\n            \u003Cdiv  class=\u0022autor\u0022\u003E\n            \u003Cdiv  class=\u0022field-label-inline\u0022\u003EPor\u003C\/div\u003E\n  \n                  \u003Ca href=\u0022\/autores\/melissa-prieto\u0022 hreflang=\u0022es\u0022\u003EMelissa Prieto\u003C\/a\u003E\n      \n  \n    \u003C\/div\u003E\n\n      \u003Cdiv  class=\u0022campus\u0022\u003E\n            \u003Cdiv  class=\u0022field-label-inline\u0022\u003ECampus\u003C\/div\u003E\n  \n                  \u003Ca href=\u0022\/campus\/tijuana\u0022 hreflang=\u0022es\u0022\u003ETijuana\u003C\/a\u003E\n      \n  \n    \u003C\/div\u003E\n\n    \n                          \u003Cdiv  class=\u0022fecha\u0022 \u003E\n      12 de Junio de 2025\u003C\/div\u003E\n      \n  \n\n\n  \u003C\/div\u003E\n    \n                          \u003Cdiv  class=\u0022texto\u0022 \u003E\n      \u003Cp\u003EEn el marco del D\u00eda Nacional de la Psicolog\u00eda, el pasado 20 de mayo, la Facultad de Ciencias de la Salud (FACISALUD), unidad Valle de las Palmas; llev\u00f3 a cabo una jornada conmemorativa dirigida a las y los estudiantes, as\u00ed como al cuerpo docente del \u00e1rea de Psicolog\u00eda. Con el objetivo de fortalecer el compromiso de una formaci\u00f3n humanista y de excelencia, promover el bienestar universitario e incentivar el intercambio acad\u00e9mico y humano entre los integrantes de la comunidad.\u003C\/p\u003E\n\n\u003Cp\u003ELa jornada fue inaugurada por la maestra Lidia Magdalena Casta\u00f1eda Gonz\u00e1lez, directora de la facultad, quien reconoci\u00f3 el valioso aporte de las y los profesionales de la Psicolog\u00eda en la transformaci\u00f3n de vidas, el acompa\u00f1amiento de procesos personales y colectivos, as\u00ed como su papel clave en la promoci\u00f3n del bienestar integral. Subray\u00f3 tambi\u00e9n la importancia de fomentar una formaci\u00f3n humanista, cr\u00edtica y de excelencia, fortalecida por la participaci\u00f3n activa del estudiantado y del cuerpo docente.\u003C\/p\u003E\n\n\u003Cp\u003EEl doctor Agust\u00edn Jaime Negrete Cort\u00e9s, coordinador del Programa Educativo de Psicolog\u00eda, acompa\u00f1\u00f3 esta celebraci\u00f3n y reafirm\u00f3 el compromiso institucional con el desarrollo integral de la comunidad acad\u00e9mica.\u003C\/p\u003E\n\n\u003Cp\u003EComo parte del programa, se llevaron a cabo dos conferencias magistrales. La primera a cargo del doctor Antonio Garc\u00eda Anacleto titulada \u201cNeuropsicolog\u00eda hoy: conexiones entre Psicolog\u00eda, Neurociencias y cl\u00ednica del da\u00f1o cerebral\u201d, que ofreci\u00f3 una visi\u00f3n actualizada del campo e impuls\u00f3 el di\u00e1logo sobre sus aplicaciones cl\u00ednicas y cient\u00edficas. Posteriormente, la doctora Nelly Flores Pineda present\u00f3 la ponencia \u201cEntre el aula y el mundo real: retos y claves para el profesional de la Psicolog\u00eda\u201d, donde abord\u00f3 los desaf\u00edos contempor\u00e1neos de la pr\u00e1ctica profesional desde una perspectiva cr\u00edtica y situada.\u003C\/p\u003E\n\n\u003Cp\u003ELa jornada concluy\u00f3 con actividades recreativas de integraci\u00f3n, tales como el Rally Psico-Aventuras y la Feria de la Mente, espacios l\u00fadicos dise\u00f1ados para fomentar la convivencia, el trabajo colaborativo y el fortalecimiento de v\u00ednculos entre docentes y estudiantes.\u003C\/p\u003E\n\n\u003Cp\u003EAutoridades de la FACISALUD agradecieron profundamente a todas las personas que participaron en esta jornada, as\u00ed como a las y los profesionales de la Psicolog\u00eda por su entrega, vocaci\u00f3n y compromiso con la salud mental y el bienestar de la sociedad.\u003C\/p\u003E\u003C\/div\u003E\n      \n  \n\n    \n            \u003Cdiv  class=\u0022palabras-clave\u0022\u003E\n                        \u003Ca href=\u0022\/tags\/facisalud\u0022 hreflang=\u0022es\u0022\u003EFacisalud\u003C\/a\u003E\n                \u003Ca href=\u0022\/tags\/psicologia\u0022 hreflang=\u0022es\u0022\u003EPsicolog\u00eda\u003C\/a\u003E\n                \u003Ca href=\u0022\/tags\/valle-de-las-palmas\u0022 hreflang=\u0022es\u0022\u003EValle de las Palmas\u003C\/a\u003E\n      \n      \u003C\/div\u003E\n  \n\n\n  \u003C\/div\u003E\n\n  \u003C\/div\u003E\n\n  \u003Cdiv class=\u0022area-extras group-right\u0022\u003E\n        \n                          \u003Cdiv  class=\u0022enlace-blockBottom\u0022 \u003E\n      \u003Cdiv\u003EVer m\u00e1s \u003Ca href=\u0022http:\/\/gaceta.uabc.mx\/notas\u0022\u003ENotas\u003C\/a\u003E\u003C\/div\u003E\n\u003C\/div\u003E\n      \n  \n\n\n  \u003C\/div\u003E\n\n\u003C\/div\u003E\n\n","settings":null}]