[{"command":"settings","settings":{"pluralDelimiter":"\u0003","suppressDeprecationErrors":true,"ajaxPageState":{"libraries":"core\/drupal.ajax,core\/picturefill,ds\/ds_3col_equal_width","theme":"gaceta","theme_token":null},"ajaxTrustedUrl":[],"field_group":{"html_element":{"mode":"media_expanded","context":"view","settings":{"classes":"datos","show_empty_fields":false,"id":"","element":"div","show_label":false,"label_element":"h3","label_element_classes":"","attributes":"","effect":"none","speed":"fast"}}},"user":{"uid":0,"permissionsHash":"55dc977d165ab1e05e51b6cc6487f6d73e65ab536d99ee82c6990d9001d5c21c"}},"merge":true},{"command":"add_css","data":"\u003Clink rel=\u0022stylesheet\u0022 media=\u0022all\u0022 href=\u0022\/sites\/default\/files\/css\/css_mxJrjoKKAZuuB4_4f-B1u9VnFZxvSor3Az4JEdrFEso.css\u0022 \/\u003E\n\u003Clink rel=\u0022stylesheet\u0022 media=\u0022all\u0022 href=\u0022\/sites\/default\/files\/css\/css_-BXSGQpS8YTwwuXGbPoshUvZ7W-_HbYR3H7d0DA_mEY.css\u0022 \/\u003E\n\u003Clink rel=\u0022stylesheet\u0022 media=\u0022all\u0022 href=\u0022\/sites\/default\/files\/css\/css_89YreTu0npezhXSakRJR9TVHyBS9bTcyt0s3IckAe-M.css\u0022 \/\u003E\n"},{"command":"add_js","selector":"body","data":[{"src":"\/sites\/default\/files\/js\/js_9UaAhXvc9u0KYXXUw-OKyLP2baQxdV4zY3Y_KGurcvY.js"},{"src":"\/sites\/default\/files\/js\/js_oDJxUBLBzfRb_FDgNfkNOm9-tiatS2kNfxQIeVRZA7Y.js"},{"src":"\/sites\/default\/files\/js\/js_YM82KRuzNIr2X-Kb8pQW8cOcSbWgQ_QGKclTYJ_aMlI.js"},{"src":"\/sites\/default\/files\/js\/js_pqqsPPmPmxKgamY6qk_WSawtL05XH_yAY8GkPHVyahI.js"}]},{"command":"insert","method":"replaceWith","selector":".view-mode-full","data":"\u003Cdiv data-history-node-id=\u002223405\u0022 class=\u0022contenido view-mode-media_expanded ds-3col-equal clearfix\u0022\u003E\n\n  \n\n  \u003Cdiv class=\u0022area-medios group-left\u0022\u003E\n        \n                          \u003Cdiv  class=\u0022imagen\u0022 \u003E\n          \u003Cpicture\u003E\n                  \u003Csource srcset=\u0022\/sites\/default\/files\/styles\/max_650x650\/public\/notas\/2025-06-16\/PORTADA%20COLOQUIO%20FCITEC.webp?itok=osdqMQ-_ 650w, \/sites\/default\/files\/styles\/max_1300x1300\/public\/notas\/2025-06-16\/PORTADA%20COLOQUIO%20FCITEC.webp?itok=CXbf1WRi 1300w, \/sites\/default\/files\/styles\/max_1900x1900\/public\/notas\/2025-06-16\/PORTADA%20COLOQUIO%20FCITEC.webp?itok=YVZd3q4C 1420w\u0022 type=\u0022image\/webp\u0022 sizes=\u0022100vw\u0022\/\u003E\n              \u003Csource srcset=\u0022\/sites\/default\/files\/styles\/max_650x650\/public\/notas\/2025-06-16\/PORTADA%20COLOQUIO%20FCITEC.jpg?itok=osdqMQ-_ 650w, \/sites\/default\/files\/styles\/max_1300x1300\/public\/notas\/2025-06-16\/PORTADA%20COLOQUIO%20FCITEC.jpg?itok=CXbf1WRi 1300w, \/sites\/default\/files\/styles\/max_1900x1900\/public\/notas\/2025-06-16\/PORTADA%20COLOQUIO%20FCITEC.jpg?itok=YVZd3q4C 1420w\u0022 type=\u0022image\/jpeg\u0022 sizes=\u0022100vw\u0022\/\u003E\n                  \u003Cimg srcset=\u0022\/sites\/default\/files\/styles\/max_650x650\/public\/notas\/2025-06-16\/PORTADA%20COLOQUIO%20FCITEC.jpg?itok=osdqMQ-_ 650w, \/sites\/default\/files\/styles\/max_1300x1300\/public\/notas\/2025-06-16\/PORTADA%20COLOQUIO%20FCITEC.jpg?itok=CXbf1WRi 1300w, \/sites\/default\/files\/styles\/max_1900x1900\/public\/notas\/2025-06-16\/PORTADA%20COLOQUIO%20FCITEC.jpg?itok=YVZd3q4C 1420w\u0022 sizes=\u0022100vw\u0022 src=\u0022\/sites\/default\/files\/styles\/max_1300x1300\/public\/notas\/2025-06-16\/PORTADA%20COLOQUIO%20FCITEC.jpg?itok=CXbf1WRi\u0022 alt=\u0022copnferencia\u0022 typeof=\u0022foaf:Image\u0022 class=\u0022img-fluid\u0022 \/\u003E\n\n  \u003C\/picture\u003E\n\n\u003C\/div\u003E\n      \n  \n\n      \u003Cdiv  class=\u0022boton-expander\u0022\u003E\n        \n                  \u003Cdiv class=\u0022item-list\u0022\u003E\u003Cul\u003E\u003Cli\u003E\u003Ca href=\u0022\/ds-switch-view-mode\/node\/23405\/media_collapsed?selector=view-mode-media_expanded\u0022 class=\u0022use-ajax\u0022\u003E\u2191\u003C\/a\u003E\u003C\/li\u003E\u003C\/ul\u003E\u003C\/div\u003E\n      \n  \n    \u003C\/div\u003E\n\n\n  \u003C\/div\u003E\n\n  \u003Cdiv class=\u0022area-info group-middle\u0022\u003E\n    \n\u003Cdiv  class=\u0022inner\u0022\u003E\n          \n                          \u003Ch2  class=\u0022titulo\u0022 \u003E\n        FCITEC realiz\u00f3 Segundo Coloquio Nacional de Avances de Trabajo Terminal y Tesis de posgrado\n\u003C\/h2\u003E\n      \n  \n\n    \n                          \u003Cdiv  class=\u0022resumen\u0022 \u003E\n      Incluy\u00f3 presentaciones de investigaci\u00f3n, espacios de retroalimentaci\u00f3n acad\u00e9mica y la toma de protesta de la nueva generaci\u00f3n de maestrantes\u003C\/div\u003E\n      \n  \n\n\n\u003Cdiv  class=\u0022datos\u0022\u003E\n            \u003Cdiv  class=\u0022autor\u0022\u003E\n            \u003Cdiv  class=\u0022field-label-inline\u0022\u003EPor\u003C\/div\u003E\n  \n                  \u003Ca href=\u0022\/autores\/melissa-prieto\u0022 hreflang=\u0022es\u0022\u003EMelissa Prieto\u003C\/a\u003E\n      \n  \n    \u003C\/div\u003E\n\n      \u003Cdiv  class=\u0022campus\u0022\u003E\n            \u003Cdiv  class=\u0022field-label-inline\u0022\u003ECampus\u003C\/div\u003E\n  \n                  \u003Ca href=\u0022\/campus\/tijuana\u0022 hreflang=\u0022es\u0022\u003ETijuana\u003C\/a\u003E\n      \n  \n    \u003C\/div\u003E\n\n    \n                          \u003Cdiv  class=\u0022fecha\u0022 \u003E\n      16 de Junio de 2025\u003C\/div\u003E\n      \n  \n\n\n  \u003C\/div\u003E\n    \n                          \u003Cdiv  class=\u0022texto\u0022 \u003E\n      \u003Cp\u003ELos d\u00edas 5 y 6 de junio se realiz\u00f3 de forma virtual el II Coloquio Nacional de Avances de Trabajo Terminal y Tesis, en el que participaron los programas de posgrado en Tecnolog\u00edas para el Aprendizaje Organizacional (MTAO), de la Facultad de Ciencias de la Ingenier\u00eda y Tecnolog\u00eda (FCITEC), y en Tecnolog\u00edas de la Informaci\u00f3n (MTI), del Instituto Tecnol\u00f3gico de Tijuana (ITT). El evento fue coordinado por la doctora Leticia Cervantes, responsable del programa MTAO en FCITEC.\u003C\/p\u003E\n\n\u003Cp\u003EEl coloquio tuvo como prop\u00f3sito brindar un espacio acad\u00e9mico para la presentaci\u00f3n, an\u00e1lisis y retroalimentaci\u00f3n de los proyectos de investigaci\u00f3n desarrollados por estudiantes de ambos programas. En total, participaron 16 estudiantes \u2014ocho de cada instituci\u00f3n\u2014, quienes compartieron los avances de sus trabajos ante una audiencia compuesta por docentes, directivos y compa\u00f1eros de posgrado.\u003C\/p\u003E\n\n\u003Cp\u003EDurante la jornada del 5 de junio tambi\u00e9n se llev\u00f3 a cabo la ceremonia de toma de protesta de la nueva generaci\u00f3n de estudiantes de la MTAO, presidida por el doctor David Abdel Mej\u00eda Medina. En el acto rindieron protesta Efr\u00e9n Feliciano Dom\u00ednguez, Magali Galindo Gonz\u00e1lez y Joshue Garz\u00f3n Vega, quienes asumieron formalmente su compromiso con la excelencia acad\u00e9mica y la responsabilidad profesional.\u003C\/p\u003E\n\n\u003Cp\u003EEste coloquio reafirma la colaboraci\u00f3n entre la FCITEC y el ITT, consolidando un espacio interinstitucional orientado al fortalecimiento del conocimiento, el desarrollo de proyectos pertinentes y la formaci\u00f3n de especialistas en tecnolog\u00edas aplicadas a la educaci\u00f3n y la informaci\u00f3n.\u003C\/p\u003E\u003C\/div\u003E\n      \n  \n\n    \n            \u003Cdiv  class=\u0022palabras-clave\u0022\u003E\n                        \u003Ca href=\u0022\/tags\/coloquio-nacional\u0022 hreflang=\u0022es\u0022\u003EColoquio Nacional\u003C\/a\u003E\n                \u003Ca href=\u0022\/tags\/toma-de-protesta\u0022 hreflang=\u0022es\u0022\u003EToma de protesta\u003C\/a\u003E\n                \u003Ca href=\u0022\/tags\/tecnologia\u0022 hreflang=\u0022es\u0022\u003ETecnolog\u00eda\u003C\/a\u003E\n      \n      \u003C\/div\u003E\n  \n\n\n  \u003C\/div\u003E\n\n  \u003C\/div\u003E\n\n  \u003Cdiv class=\u0022area-extras group-right\u0022\u003E\n        \n                          \u003Cdiv  class=\u0022enlace-blockBottom\u0022 \u003E\n      \u003Cdiv\u003EVer m\u00e1s \u003Ca href=\u0022http:\/\/gaceta.uabc.mx\/notas\u0022\u003ENotas\u003C\/a\u003E\u003C\/div\u003E\n\u003C\/div\u003E\n      \n  \n\n\n  \u003C\/div\u003E\n\n\u003C\/div\u003E\n\n","settings":null}]