[{"command":"settings","settings":{"pluralDelimiter":"\u0003","suppressDeprecationErrors":true,"ajaxPageState":{"libraries":"core\/drupal.ajax,core\/picturefill,ds\/ds_3col_equal_width","theme":"gaceta","theme_token":null},"ajaxTrustedUrl":[],"field_group":{"html_element":{"mode":"media_expanded","context":"view","settings":{"classes":"datos","show_empty_fields":false,"id":"","element":"div","show_label":false,"label_element":"h3","label_element_classes":"","attributes":"","effect":"none","speed":"fast"}}},"user":{"uid":0,"permissionsHash":"55dc977d165ab1e05e51b6cc6487f6d73e65ab536d99ee82c6990d9001d5c21c"}},"merge":true},{"command":"add_css","data":"\u003Clink rel=\u0022stylesheet\u0022 media=\u0022all\u0022 href=\u0022\/sites\/default\/files\/css\/css_mxJrjoKKAZuuB4_4f-B1u9VnFZxvSor3Az4JEdrFEso.css\u0022 \/\u003E\n\u003Clink rel=\u0022stylesheet\u0022 media=\u0022all\u0022 href=\u0022\/sites\/default\/files\/css\/css_-BXSGQpS8YTwwuXGbPoshUvZ7W-_HbYR3H7d0DA_mEY.css\u0022 \/\u003E\n\u003Clink rel=\u0022stylesheet\u0022 media=\u0022all\u0022 href=\u0022\/sites\/default\/files\/css\/css_89YreTu0npezhXSakRJR9TVHyBS9bTcyt0s3IckAe-M.css\u0022 \/\u003E\n"},{"command":"add_js","selector":"body","data":[{"src":"\/sites\/default\/files\/js\/js_9UaAhXvc9u0KYXXUw-OKyLP2baQxdV4zY3Y_KGurcvY.js"},{"src":"\/sites\/default\/files\/js\/js_oDJxUBLBzfRb_FDgNfkNOm9-tiatS2kNfxQIeVRZA7Y.js"},{"src":"\/sites\/default\/files\/js\/js_YM82KRuzNIr2X-Kb8pQW8cOcSbWgQ_QGKclTYJ_aMlI.js"},{"src":"\/sites\/default\/files\/js\/js_pqqsPPmPmxKgamY6qk_WSawtL05XH_yAY8GkPHVyahI.js"}]},{"command":"insert","method":"replaceWith","selector":".view-mode-full","data":"\u003Cdiv data-history-node-id=\u002223441\u0022 class=\u0022contenido view-mode-media_expanded ds-3col-equal clearfix\u0022\u003E\n\n  \n\n  \u003Cdiv class=\u0022area-medios group-left\u0022\u003E\n        \n                          \u003Cdiv  class=\u0022imagen\u0022 \u003E\n          \u003Cpicture\u003E\n                  \u003Csource srcset=\u0022\/sites\/default\/files\/styles\/max_650x650\/public\/notas\/2025-06-24\/WhatsApp%20Image%202025-06-24%20at%201.07.20%20PM.webp?itok=-ZqSOPr4 650w, \/sites\/default\/files\/styles\/max_1300x1300\/public\/notas\/2025-06-24\/WhatsApp%20Image%202025-06-24%20at%201.07.20%20PM.webp?itok=j-SsZY72 1300w, \/sites\/default\/files\/styles\/max_1900x1900\/public\/notas\/2025-06-24\/WhatsApp%20Image%202025-06-24%20at%201.07.20%20PM.webp?itok=NfLjdLji 1900w\u0022 type=\u0022image\/webp\u0022 sizes=\u0022100vw\u0022\/\u003E\n              \u003Csource srcset=\u0022\/sites\/default\/files\/styles\/max_650x650\/public\/notas\/2025-06-24\/WhatsApp%20Image%202025-06-24%20at%201.07.20%20PM.jpeg?itok=-ZqSOPr4 650w, \/sites\/default\/files\/styles\/max_1300x1300\/public\/notas\/2025-06-24\/WhatsApp%20Image%202025-06-24%20at%201.07.20%20PM.jpeg?itok=j-SsZY72 1300w, \/sites\/default\/files\/styles\/max_1900x1900\/public\/notas\/2025-06-24\/WhatsApp%20Image%202025-06-24%20at%201.07.20%20PM.jpeg?itok=NfLjdLji 1900w\u0022 type=\u0022image\/jpeg\u0022 sizes=\u0022100vw\u0022\/\u003E\n                  \u003Cimg srcset=\u0022\/sites\/default\/files\/styles\/max_650x650\/public\/notas\/2025-06-24\/WhatsApp%20Image%202025-06-24%20at%201.07.20%20PM.jpeg?itok=-ZqSOPr4 650w, \/sites\/default\/files\/styles\/max_1300x1300\/public\/notas\/2025-06-24\/WhatsApp%20Image%202025-06-24%20at%201.07.20%20PM.jpeg?itok=j-SsZY72 1300w, \/sites\/default\/files\/styles\/max_1900x1900\/public\/notas\/2025-06-24\/WhatsApp%20Image%202025-06-24%20at%201.07.20%20PM.jpeg?itok=NfLjdLji 1900w\u0022 sizes=\u0022100vw\u0022 src=\u0022\/sites\/default\/files\/styles\/max_1300x1300\/public\/notas\/2025-06-24\/WhatsApp%20Image%202025-06-24%20at%201.07.20%20PM.jpeg?itok=j-SsZY72\u0022 alt=\u0022idiomas y CEC\u0022 typeof=\u0022foaf:Image\u0022 class=\u0022img-fluid\u0022 \/\u003E\n\n  \u003C\/picture\u003E\n\n\u003C\/div\u003E\n      \n  \n\n      \u003Cdiv  class=\u0022boton-expander\u0022\u003E\n        \n                  \u003Cdiv class=\u0022item-list\u0022\u003E\u003Cul\u003E\u003Cli\u003E\u003Ca href=\u0022\/ds-switch-view-mode\/node\/23441\/media_collapsed?selector=view-mode-media_expanded\u0022 class=\u0022use-ajax\u0022\u003E\u2191\u003C\/a\u003E\u003C\/li\u003E\u003C\/ul\u003E\u003C\/div\u003E\n      \n  \n    \u003C\/div\u003E\n\n\n  \u003C\/div\u003E\n\n  \u003Cdiv class=\u0022area-info group-middle\u0022\u003E\n    \n\u003Cdiv  class=\u0022inner\u0022\u003E\n          \n                          \u003Ch2  class=\u0022titulo\u0022 \u003E\n        Se realiz\u00f3 la primera entrega de diplomas bajo el modelo de microcredenciales de la UABC\n\u003C\/h2\u003E\n      \n  \n\n    \n                          \u003Cdiv  class=\u0022resumen\u0022 \u003E\n      La Facultad de Idiomas Mexicali celebr\u00f3 la primera entrega de diplomas bajo el modelo de microcredenciales de la UABC\u003C\/div\u003E\n      \n  \n\n\n\u003Cdiv  class=\u0022datos\u0022\u003E\n            \u003Cdiv  class=\u0022autor\u0022\u003E\n            \u003Cdiv  class=\u0022field-label-inline\u0022\u003EPor\u003C\/div\u003E\n  \n                  \u003Ca href=\u0022\/autores\/comunicacion-y-difusion-de-la-facultad-de-idiomas-mexicali\u0022 hreflang=\u0022es\u0022\u003EComunicaci\u00f3n y Difusi\u00f3n de la Facultad de Idiomas Mexicali\u003C\/a\u003E\n      \n  \n    \u003C\/div\u003E\n\n      \u003Cdiv  class=\u0022campus\u0022\u003E\n            \u003Cdiv  class=\u0022field-label-inline\u0022\u003ECampus\u003C\/div\u003E\n  \n                  \u003Ca href=\u0022\/campus\/mexicali\u0022 hreflang=\u0022es\u0022\u003EMexicali\u003C\/a\u003E\n      \n  \n    \u003C\/div\u003E\n\n    \n                          \u003Cdiv  class=\u0022fecha\u0022 \u003E\n      24 de Junio de 2025\u003C\/div\u003E\n      \n  \n\n\n  \u003C\/div\u003E\n    \n                          \u003Cdiv  class=\u0022texto\u0022 \u003E\n      \u003Cp\u003EEn un emotivo evento realizado el 24 de junio en el Aula Magna Mtra. Gloria Martija Arellano, la Facultad de Idiomas Mexicali, en coordinaci\u00f3n con el Centro de Educaci\u00f3n Continua de la Universidad Aut\u00f3noma de Baja California (CEC-UABC), llev\u00f3 a cabo la ceremonia de entrega de diplomas a las y los egresados del Diplomado en Lenguaje Inclusivo y del Diplomado en Tecnolog\u00eda y Traducci\u00f3n.\u003C\/p\u003E\n\n\u003Cp\u003EEste acto acad\u00e9mico no solo reconoci\u00f3 el esfuerzo y compromiso de quienes culminaron exitosamente estos programas formativos, sino que tambi\u00e9n marc\u00f3 un hito en la historia de la facultad y de la UABC. Por primera vez, se otorgaron diplomas dentro del marco del programa de microcredenciales impulsado por el CEC-UABC, una iniciativa que promueve nuevas formas de aprendizaje, actualizaci\u00f3n y certificaci\u00f3n profesional para la comunidad universitaria.\u003C\/p\u003E\n\n\u003Cp\u003EEl modelo de microcredenciales representa una transformaci\u00f3n en la educaci\u00f3n continua, al ofrecer rutas flexibles, pertinentes y enfocadas en el desarrollo de competencias espec\u00edficas. Esto permite que estudiantes, egresados y profesionales en formaci\u00f3n respondan con mayor agilidad a los retos del entorno laboral actual y fortalezcan su perfil profesional mediante procesos de aprendizaje accesibles y de alta calidad.\u003C\/p\u003E\n\n\u003Cp\u003EDurante la ceremonia, se destac\u00f3 el papel de estos diplomados como espacios de formaci\u00f3n innovadora: el Diplomado en Lenguaje Inclusivo promueve pr\u00e1cticas ling\u00fc\u00edsticas equitativas y respetuosas de la diversidad, mientras que el Diplomado en Tecnolog\u00eda y Traducci\u00f3n responde a las crecientes demandas de digitalizaci\u00f3n y profesionalizaci\u00f3n en el campo de la traducci\u00f3n.\u003C\/p\u003E\n\n\u003Cp\u003ELa Facultad de Idiomas Mexicali reafirma as\u00ed su compromiso con la educaci\u00f3n pertinente, inclusiva y alineada con los desaf\u00edos contempor\u00e1neos, consolid\u00e1ndose como una instituci\u00f3n pionera en la implementaci\u00f3n de estrategias educativas basadas en tecnolog\u00eda y enfoques de inclusi\u00f3n social y ling\u00fc\u00edstica.\u003C\/p\u003E\u003C\/div\u003E\n      \n  \n\n    \n            \u003Cdiv  class=\u0022palabras-clave\u0022\u003E\n                        \u003Ca href=\u0022\/tags\/diplomados\u0022 hreflang=\u0022es\u0022\u003EDiplomados\u003C\/a\u003E\n                \u003Ca href=\u0022\/tags\/tecnologia\u0022 hreflang=\u0022es\u0022\u003ETecnolog\u00eda\u003C\/a\u003E\n                \u003Ca href=\u0022\/tags\/microcredenciales\u0022 hreflang=\u0022es\u0022\u003EMicrocredenciales\u003C\/a\u003E\n                \u003Ca href=\u0022\/tags\/educacion-continua\u0022 hreflang=\u0022es\u0022\u003EEducaci\u00f3n continua\u003C\/a\u003E\n      \n      \u003C\/div\u003E\n  \n\n\n  \u003C\/div\u003E\n\n  \u003C\/div\u003E\n\n  \u003Cdiv class=\u0022area-extras group-right\u0022\u003E\n        \n                          \u003Cdiv  class=\u0022enlace-blockBottom\u0022 \u003E\n      \u003Cdiv\u003EVer m\u00e1s \u003Ca href=\u0022http:\/\/gaceta.uabc.mx\/notas\u0022\u003ENotas\u003C\/a\u003E\u003C\/div\u003E\n\u003C\/div\u003E\n      \n  \n\n\n  \u003C\/div\u003E\n\n\u003C\/div\u003E\n\n","settings":null}]