[{"command":"settings","settings":{"pluralDelimiter":"\u0003","suppressDeprecationErrors":true,"ajaxPageState":{"libraries":"core\/drupal.ajax,core\/picturefill,ds\/ds_3col_equal_width","theme":"gaceta","theme_token":null},"ajaxTrustedUrl":[],"field_group":{"html_element":{"mode":"media_expanded","context":"view","settings":{"classes":"datos","show_empty_fields":false,"id":"","element":"div","show_label":false,"label_element":"h3","label_element_classes":"","attributes":"","effect":"none","speed":"fast"}}},"user":{"uid":0,"permissionsHash":"55dc977d165ab1e05e51b6cc6487f6d73e65ab536d99ee82c6990d9001d5c21c"}},"merge":true},{"command":"add_css","data":"\u003Clink rel=\u0022stylesheet\u0022 media=\u0022all\u0022 href=\u0022\/sites\/default\/files\/css\/css_mxJrjoKKAZuuB4_4f-B1u9VnFZxvSor3Az4JEdrFEso.css\u0022 \/\u003E\n\u003Clink rel=\u0022stylesheet\u0022 media=\u0022all\u0022 href=\u0022\/sites\/default\/files\/css\/css_-BXSGQpS8YTwwuXGbPoshUvZ7W-_HbYR3H7d0DA_mEY.css\u0022 \/\u003E\n\u003Clink rel=\u0022stylesheet\u0022 media=\u0022all\u0022 href=\u0022\/sites\/default\/files\/css\/css_89YreTu0npezhXSakRJR9TVHyBS9bTcyt0s3IckAe-M.css\u0022 \/\u003E\n"},{"command":"add_js","selector":"body","data":[{"src":"\/sites\/default\/files\/js\/js_9UaAhXvc9u0KYXXUw-OKyLP2baQxdV4zY3Y_KGurcvY.js"},{"src":"\/sites\/default\/files\/js\/js_oDJxUBLBzfRb_FDgNfkNOm9-tiatS2kNfxQIeVRZA7Y.js"},{"src":"\/sites\/default\/files\/js\/js_YM82KRuzNIr2X-Kb8pQW8cOcSbWgQ_QGKclTYJ_aMlI.js"},{"src":"\/sites\/default\/files\/js\/js_pqqsPPmPmxKgamY6qk_WSawtL05XH_yAY8GkPHVyahI.js"}]},{"command":"insert","method":"replaceWith","selector":".view-mode-full","data":"\u003Cdiv data-history-node-id=\u002223454\u0022 class=\u0022contenido view-mode-media_expanded ds-3col-equal clearfix\u0022\u003E\n\n  \n\n  \u003Cdiv class=\u0022area-medios group-left\u0022\u003E\n        \n                          \u003Cdiv  class=\u0022imagen\u0022 \u003E\n          \u003Cpicture\u003E\n                  \u003Csource srcset=\u0022\/sites\/default\/files\/styles\/max_650x650\/public\/notas\/2025-06-27\/0D1A8742.webp?itok=4SePWeHr 650w, \/sites\/default\/files\/styles\/max_1300x1300\/public\/notas\/2025-06-27\/0D1A8742.webp?itok=jCfTC_NX 1300w, \/sites\/default\/files\/styles\/max_1900x1900\/public\/notas\/2025-06-27\/0D1A8742.webp?itok=X0rVZJr0 1620w\u0022 type=\u0022image\/webp\u0022 sizes=\u0022100vw\u0022\/\u003E\n              \u003Csource srcset=\u0022\/sites\/default\/files\/styles\/max_650x650\/public\/notas\/2025-06-27\/0D1A8742.JPG?itok=4SePWeHr 650w, \/sites\/default\/files\/styles\/max_1300x1300\/public\/notas\/2025-06-27\/0D1A8742.JPG?itok=jCfTC_NX 1300w, \/sites\/default\/files\/styles\/max_1900x1900\/public\/notas\/2025-06-27\/0D1A8742.JPG?itok=X0rVZJr0 1620w\u0022 type=\u0022image\/jpeg\u0022 sizes=\u0022100vw\u0022\/\u003E\n                  \u003Cimg srcset=\u0022\/sites\/default\/files\/styles\/max_650x650\/public\/notas\/2025-06-27\/0D1A8742.JPG?itok=4SePWeHr 650w, \/sites\/default\/files\/styles\/max_1300x1300\/public\/notas\/2025-06-27\/0D1A8742.JPG?itok=jCfTC_NX 1300w, \/sites\/default\/files\/styles\/max_1900x1900\/public\/notas\/2025-06-27\/0D1A8742.JPG?itok=X0rVZJr0 1620w\u0022 sizes=\u0022100vw\u0022 src=\u0022\/sites\/default\/files\/styles\/max_1300x1300\/public\/notas\/2025-06-27\/0D1A8742.JPG?itok=jCfTC_NX\u0022 alt=\u0022taller museograf\u00eda y museolog\u00eda\u0022 typeof=\u0022foaf:Image\u0022 class=\u0022img-fluid\u0022 \/\u003E\n\n  \u003C\/picture\u003E\n\n\u003C\/div\u003E\n      \n  \n\n      \u003Cdiv  class=\u0022boton-expander\u0022\u003E\n        \n                  \u003Cdiv class=\u0022item-list\u0022\u003E\u003Cul\u003E\u003Cli\u003E\u003Ca href=\u0022\/ds-switch-view-mode\/node\/23454\/media_collapsed?selector=view-mode-media_expanded\u0022 class=\u0022use-ajax\u0022\u003E\u2191\u003C\/a\u003E\u003C\/li\u003E\u003C\/ul\u003E\u003C\/div\u003E\n      \n  \n    \u003C\/div\u003E\n\n\n  \u003C\/div\u003E\n\n  \u003Cdiv class=\u0022area-info group-middle\u0022\u003E\n    \n\u003Cdiv  class=\u0022inner\u0022\u003E\n          \n                          \u003Ch2  class=\u0022titulo\u0022 \u003E\n        Taller sobre Museolog\u00eda y Museograf\u00eda en el IIC-Museo\n\u003C\/h2\u003E\n      \n  \n\n    \n                          \u003Cdiv  class=\u0022resumen\u0022 \u003E\n      El inter\u00e9s por la profesionalizaci\u00f3n en el \u00e1mbito museal reuni\u00f3 a personal de instituciones culturales, estudiantes y p\u00fablico general en dos ediciones del taller\u003C\/div\u003E\n      \n  \n\n\n\u003Cdiv  class=\u0022datos\u0022\u003E\n            \u003Cdiv  class=\u0022autor\u0022\u003E\n            \u003Cdiv  class=\u0022field-label-inline\u0022\u003EPor\u003C\/div\u003E\n  \n                  \u003Ca href=\u0022\/autores\/iic-museo-uabc\u0022 hreflang=\u0022es\u0022\u003EIIC-Museo UABC\u003C\/a\u003E\n      \n  \n    \u003C\/div\u003E\n\n      \u003Cdiv  class=\u0022campus\u0022\u003E\n            \u003Cdiv  class=\u0022field-label-inline\u0022\u003ECampus\u003C\/div\u003E\n  \n                  \u003Ca href=\u0022\/campus\/mexicali\u0022 hreflang=\u0022es\u0022\u003EMexicali\u003C\/a\u003E\n      \n  \n    \u003C\/div\u003E\n\n    \n                          \u003Cdiv  class=\u0022fecha\u0022 \u003E\n      27 de Junio de 2025\u003C\/div\u003E\n      \n  \n\n\n  \u003C\/div\u003E\n    \n                          \u003Cdiv  class=\u0022texto\u0022 \u003E\n      \u003Cp\u003ECon el prop\u00f3sito de fortalecer las capacidades profesionales en el \u00e1mbito de la gesti\u00f3n y dise\u00f1o de exposiciones, el Instituto de Investigaciones Culturales\u2013Museo (IIC-Museo) de la Universidad Aut\u00f3noma de Baja California, en colaboraci\u00f3n con el Instituto Municipal de Arte y Cultura Mexicali y la Facultad de Artes (FA) campus Mexicali, llevaron a cabo el taller \u201cIntroducci\u00f3n a la Museolog\u00eda y Museograf\u00eda: herramientas comunicativas del espacio museal\u201d.\u003C\/p\u003E\n\n\u003Cp\u003ELa convocatoria gener\u00f3 un notable inter\u00e9s, lo que llev\u00f3 a realizar dos ediciones de este taller para poder atender la respuesta de quienes buscan formaci\u00f3n en estas \u00e1reas. La museolog\u00eda y museograf\u00eda siguen siendo disciplinas fundamentales para el fortalecimiento del discurso curatorial, la comunicaci\u00f3n efectiva de las colecciones y la creaci\u00f3n de experiencias significativas en museos, galer\u00edas y espacios culturales.\u003C\/p\u003E\n\n\u003Cp\u003EEntre las y los asistentes se cont\u00f3 con la participaci\u00f3n de personal de la Galer\u00eda Garc\u00eda Arroyo, de la Direcci\u00f3n Municipal de Cultura de San Luis R\u00edo Colorado, del IMACUM, as\u00ed como integrantes del propio IIC-Museo, estudiantes universitarios, trabajadoras y trabajadores de distintas instituciones educativas y p\u00fablico en general, lo cual dio al taller un car\u00e1cter interdisciplinario y regional.\u003C\/p\u003E\n\n\u003Cp\u003ELa capacitaci\u00f3n estuvo a cargo del maestro H\u00e9ctor Manuel B\u00e1zaca L\u00f3pez, coordinador de la licenciatura en Artes Pl\u00e1sticas de la FA\u00a0y el maestro H\u00e9ctor Manuel Rubio Chavar\u00edn, coordinador del Museo, quienes compartieron herramientas te\u00f3ricas y pr\u00e1cticas para la planeaci\u00f3n, dise\u00f1o y montaje de exposiciones, abordando tambi\u00e9n los factores t\u00e9cnicos y comunicativos que intervienen en el quehacer museogr\u00e1fico.\u003C\/p\u003E\n\n\u003Cp\u003ECon acciones como esta, la UABC reafirma su compromiso con la profesionalizaci\u00f3n del campo cultural y con la formaci\u00f3n de p\u00fablicos capaces de dialogar cr\u00edticamente con el arte, el patrimonio y su contexto.\u003C\/p\u003E\u003C\/div\u003E\n      \n  \n\n    \n            \u003Cdiv  class=\u0022palabras-clave\u0022\u003E\n                        \u003Ca href=\u0022\/tags\/iic-museo\u0022 hreflang=\u0022es\u0022\u003EIIC Museo\u003C\/a\u003E\n      \n      \u003C\/div\u003E\n  \n\n\n  \u003C\/div\u003E\n\n  \u003C\/div\u003E\n\n  \u003Cdiv class=\u0022area-extras group-right\u0022\u003E\n        \n                          \u003Cdiv  class=\u0022enlace-blockBottom\u0022 \u003E\n      \u003Cdiv\u003EVer m\u00e1s \u003Ca href=\u0022http:\/\/gaceta.uabc.mx\/notas\u0022\u003ENotas\u003C\/a\u003E\u003C\/div\u003E\n\u003C\/div\u003E\n      \n  \n\n\n  \u003C\/div\u003E\n\n\u003C\/div\u003E\n\n","settings":null}]