[{"command":"settings","settings":{"pluralDelimiter":"\u0003","suppressDeprecationErrors":true,"ajaxPageState":{"libraries":"core\/drupal.ajax,core\/picturefill,ds\/ds_3col_equal_width","theme":"gaceta","theme_token":null},"ajaxTrustedUrl":[],"field_group":{"html_element":{"mode":"media_expanded","context":"view","settings":{"classes":"datos","show_empty_fields":false,"id":"","element":"div","show_label":false,"label_element":"h3","label_element_classes":"","attributes":"","effect":"none","speed":"fast"}}},"user":{"uid":0,"permissionsHash":"55dc977d165ab1e05e51b6cc6487f6d73e65ab536d99ee82c6990d9001d5c21c"}},"merge":true},{"command":"add_css","data":"\u003Clink rel=\u0022stylesheet\u0022 media=\u0022all\u0022 href=\u0022\/sites\/default\/files\/css\/css_mxJrjoKKAZuuB4_4f-B1u9VnFZxvSor3Az4JEdrFEso.css\u0022 \/\u003E\n\u003Clink rel=\u0022stylesheet\u0022 media=\u0022all\u0022 href=\u0022\/sites\/default\/files\/css\/css_-BXSGQpS8YTwwuXGbPoshUvZ7W-_HbYR3H7d0DA_mEY.css\u0022 \/\u003E\n\u003Clink rel=\u0022stylesheet\u0022 media=\u0022all\u0022 href=\u0022\/sites\/default\/files\/css\/css_89YreTu0npezhXSakRJR9TVHyBS9bTcyt0s3IckAe-M.css\u0022 \/\u003E\n"},{"command":"add_js","selector":"body","data":[{"src":"\/sites\/default\/files\/js\/js_9UaAhXvc9u0KYXXUw-OKyLP2baQxdV4zY3Y_KGurcvY.js"},{"src":"\/sites\/default\/files\/js\/js_oDJxUBLBzfRb_FDgNfkNOm9-tiatS2kNfxQIeVRZA7Y.js"},{"src":"\/sites\/default\/files\/js\/js_YM82KRuzNIr2X-Kb8pQW8cOcSbWgQ_QGKclTYJ_aMlI.js"},{"src":"\/sites\/default\/files\/js\/js_pqqsPPmPmxKgamY6qk_WSawtL05XH_yAY8GkPHVyahI.js"}]},{"command":"insert","method":"replaceWith","selector":".view-mode-full","data":"\u003Cdiv data-history-node-id=\u002223457\u0022 class=\u0022contenido view-mode-media_expanded ds-3col-equal clearfix\u0022\u003E\n\n  \n\n  \u003Cdiv class=\u0022area-medios group-left\u0022\u003E\n        \n                          \u003Cdiv  class=\u0022imagen\u0022 \u003E\n          \u003Cpicture\u003E\n                  \u003Csource srcset=\u0022\/sites\/default\/files\/styles\/max_650x650\/public\/notas\/2025-06-27\/congreso-enfermeria.webp?itok=hFDP-s-V 650w, \/sites\/default\/files\/styles\/max_1300x1300\/public\/notas\/2025-06-27\/congreso-enfermeria.webp?itok=a6bDUi4s 1300w, \/sites\/default\/files\/styles\/max_1900x1900\/public\/notas\/2025-06-27\/congreso-enfermeria.webp?itok=7CyKHReU 1615w\u0022 type=\u0022image\/webp\u0022 sizes=\u0022100vw\u0022\/\u003E\n              \u003Csource srcset=\u0022\/sites\/default\/files\/styles\/max_650x650\/public\/notas\/2025-06-27\/congreso-enfermeria.jpg?itok=hFDP-s-V 650w, \/sites\/default\/files\/styles\/max_1300x1300\/public\/notas\/2025-06-27\/congreso-enfermeria.jpg?itok=a6bDUi4s 1300w, \/sites\/default\/files\/styles\/max_1900x1900\/public\/notas\/2025-06-27\/congreso-enfermeria.jpg?itok=7CyKHReU 1615w\u0022 type=\u0022image\/jpeg\u0022 sizes=\u0022100vw\u0022\/\u003E\n                  \u003Cimg srcset=\u0022\/sites\/default\/files\/styles\/max_650x650\/public\/notas\/2025-06-27\/congreso-enfermeria.jpg?itok=hFDP-s-V 650w, \/sites\/default\/files\/styles\/max_1300x1300\/public\/notas\/2025-06-27\/congreso-enfermeria.jpg?itok=a6bDUi4s 1300w, \/sites\/default\/files\/styles\/max_1900x1900\/public\/notas\/2025-06-27\/congreso-enfermeria.jpg?itok=7CyKHReU 1615w\u0022 sizes=\u0022100vw\u0022 src=\u0022\/sites\/default\/files\/styles\/max_1300x1300\/public\/notas\/2025-06-27\/congreso-enfermeria.jpg?itok=a6bDUi4s\u0022 alt=\u0022.\u0022 typeof=\u0022foaf:Image\u0022 class=\u0022img-fluid\u0022 \/\u003E\n\n  \u003C\/picture\u003E\n\n\u003C\/div\u003E\n      \n  \n\n      \u003Cdiv  class=\u0022boton-expander\u0022\u003E\n        \n                  \u003Cdiv class=\u0022item-list\u0022\u003E\u003Cul\u003E\u003Cli\u003E\u003Ca href=\u0022\/ds-switch-view-mode\/node\/23457\/media_collapsed?selector=view-mode-media_expanded\u0022 class=\u0022use-ajax\u0022\u003E\u2191\u003C\/a\u003E\u003C\/li\u003E\u003C\/ul\u003E\u003C\/div\u003E\n      \n  \n    \u003C\/div\u003E\n\n\n  \u003C\/div\u003E\n\n  \u003Cdiv class=\u0022area-info group-middle\u0022\u003E\n    \n\u003Cdiv  class=\u0022inner\u0022\u003E\n          \n                          \u003Ch2  class=\u0022titulo\u0022 \u003E\n        Investigadoras de la Facultad de Enfermer\u00eda participan en Congreso Nacional e Internacional de Enfermer\u00eda\n\u003C\/h2\u003E\n      \n  \n\n    \n                          \u003Cdiv  class=\u0022resumen\u0022 \u003E\n      Participaci\u00f3n de docentes en congreso nacional e internacional\u003C\/div\u003E\n      \n  \n\n\n\u003Cdiv  class=\u0022datos\u0022\u003E\n            \u003Cdiv  class=\u0022autor\u0022\u003E\n            \u003Cdiv  class=\u0022field-label-inline\u0022\u003EPor\u003C\/div\u003E\n  \n                  \u003Ca href=\u0022\/autores\/lorena-simental-chavez\u0022 hreflang=\u0022es\u0022\u003ELorena Simental Ch\u00e1vez \u003C\/a\u003E\n      \n  \n    \u003C\/div\u003E\n\n      \u003Cdiv  class=\u0022campus\u0022\u003E\n            \u003Cdiv  class=\u0022field-label-inline\u0022\u003ECampus\u003C\/div\u003E\n  \n                  \u003Ca href=\u0022\/campus\/mexicali\u0022 hreflang=\u0022es\u0022\u003EMexicali\u003C\/a\u003E\n      \n  \n    \u003C\/div\u003E\n\n    \n                          \u003Cdiv  class=\u0022fecha\u0022 \u003E\n      27 de Junio de 2025\u003C\/div\u003E\n      \n  \n\n\n  \u003C\/div\u003E\n    \n                          \u003Cdiv  class=\u0022texto\u0022 \u003E\n      \u003Cp\u003ELa doctora Claudia Jennifer Dom\u00ednguez Ch\u00e1vez y la doctora Mar\u00eda Eugenia Cervera Baas, integrantes del Grupo de Investigaci\u00f3n Bienestar y Frontera de la Facultad de Enfermer\u00eda de la UABC, asistieron al\u00a0XLI Congreso Nacional e Internacional de Enfermer\u00eda \u0022El Poder de la Enfermer\u00eda Hacia el Cambio en el Pa\u00eds\u0022, organizado por la Federaci\u00f3n Mexicana de Asociaciones de Facultades y Escuelas de Enfermer\u00eda (FEMAFEE).\u003C\/p\u003E\n\n\u003Cp\u003EDurante el evento, las acad\u00e9micas impartieron los talleres \u0022Valoraci\u00f3n de la funcionalidad en personas mayores\u0022 y\u00a0\u0022Valoraci\u00f3n del perfil del cuidador informal de la persona adulta mayor\u0022,\u00a0contribuyendo con su expertise en el \u00e1mbito del envejecimiento y el cuidado de la salud.\u003C\/p\u003E\n\n\u003Cp\u003EEsta participaci\u00f3n refuerza el compromiso de la UABC con la generaci\u00f3n y divulgaci\u00f3n de conocimiento en beneficio de la sociedad, as\u00ed como el posicionamiento de sus investigadores en espacios acad\u00e9micos de relevancia nacional e internacional.\u003C\/p\u003E\u003C\/div\u003E\n      \n  \n\n    \n            \u003Cdiv  class=\u0022palabras-clave\u0022\u003E\n                        \u003Ca href=\u0022\/tags\/facultad-de-enfermeria\u0022 hreflang=\u0022es\u0022\u003EFacultad de Enfermer\u00eda\u003C\/a\u003E\n                \u003Ca href=\u0022\/tags\/gi-bienestar-y-frontera\u0022 hreflang=\u0022es\u0022\u003EGI. Bienestar y Frontera\u003C\/a\u003E\n                \u003Ca href=\u0022\/tags\/salud-adulto-mayor\u0022 hreflang=\u0022es\u0022\u003Esalud adulto mayor\u003C\/a\u003E\n      \n      \u003C\/div\u003E\n  \n\n\n  \u003C\/div\u003E\n\n  \u003C\/div\u003E\n\n  \u003Cdiv class=\u0022area-extras group-right\u0022\u003E\n        \n                          \u003Cdiv  class=\u0022enlace-blockBottom\u0022 \u003E\n      \u003Cdiv\u003EVer m\u00e1s \u003Ca href=\u0022http:\/\/gaceta.uabc.mx\/notas\u0022\u003ENotas\u003C\/a\u003E\u003C\/div\u003E\n\u003C\/div\u003E\n      \n  \n\n\n  \u003C\/div\u003E\n\n\u003C\/div\u003E\n\n","settings":null}]