[{"command":"settings","settings":{"pluralDelimiter":"\u0003","suppressDeprecationErrors":true,"ajaxPageState":{"libraries":"core\/drupal.ajax,core\/picturefill,ds\/ds_3col_equal_width","theme":"gaceta","theme_token":null},"ajaxTrustedUrl":[],"field_group":{"html_element":{"mode":"media_expanded","context":"view","settings":{"classes":"datos","show_empty_fields":false,"id":"","element":"div","show_label":false,"label_element":"h3","label_element_classes":"","attributes":"","effect":"none","speed":"fast"}}},"user":{"uid":0,"permissionsHash":"55dc977d165ab1e05e51b6cc6487f6d73e65ab536d99ee82c6990d9001d5c21c"}},"merge":true},{"command":"add_css","data":"\u003Clink rel=\u0022stylesheet\u0022 media=\u0022all\u0022 href=\u0022\/sites\/default\/files\/css\/css_mxJrjoKKAZuuB4_4f-B1u9VnFZxvSor3Az4JEdrFEso.css\u0022 \/\u003E\n\u003Clink rel=\u0022stylesheet\u0022 media=\u0022all\u0022 href=\u0022\/sites\/default\/files\/css\/css_-BXSGQpS8YTwwuXGbPoshUvZ7W-_HbYR3H7d0DA_mEY.css\u0022 \/\u003E\n\u003Clink rel=\u0022stylesheet\u0022 media=\u0022all\u0022 href=\u0022\/sites\/default\/files\/css\/css_89YreTu0npezhXSakRJR9TVHyBS9bTcyt0s3IckAe-M.css\u0022 \/\u003E\n"},{"command":"add_js","selector":"body","data":[{"src":"\/sites\/default\/files\/js\/js_9UaAhXvc9u0KYXXUw-OKyLP2baQxdV4zY3Y_KGurcvY.js"},{"src":"\/sites\/default\/files\/js\/js_oDJxUBLBzfRb_FDgNfkNOm9-tiatS2kNfxQIeVRZA7Y.js"},{"src":"\/sites\/default\/files\/js\/js_YM82KRuzNIr2X-Kb8pQW8cOcSbWgQ_QGKclTYJ_aMlI.js"},{"src":"\/sites\/default\/files\/js\/js_pqqsPPmPmxKgamY6qk_WSawtL05XH_yAY8GkPHVyahI.js"}]},{"command":"insert","method":"replaceWith","selector":".view-mode-full","data":"\u003Cdiv data-history-node-id=\u002223468\u0022 class=\u0022contenido view-mode-media_expanded ds-3col-equal clearfix\u0022\u003E\n\n  \n\n  \u003Cdiv class=\u0022area-medios group-left\u0022\u003E\n        \n                          \u003Cdiv  class=\u0022imagen\u0022 \u003E\n          \u003Cpicture\u003E\n                  \u003Csource srcset=\u0022\/sites\/default\/files\/styles\/max_650x650\/public\/notas\/2025-07-04\/FCITECexpomueble.webp?itok=bMvkTDic 650w, \/sites\/default\/files\/styles\/max_1300x1300\/public\/notas\/2025-07-04\/FCITECexpomueble.webp?itok=X74CHmIa 1300w, \/sites\/default\/files\/styles\/max_1900x1900\/public\/notas\/2025-07-04\/FCITECexpomueble.webp?itok=qXptbyA5 1420w\u0022 type=\u0022image\/webp\u0022 sizes=\u0022100vw\u0022\/\u003E\n              \u003Csource srcset=\u0022\/sites\/default\/files\/styles\/max_650x650\/public\/notas\/2025-07-04\/FCITECexpomueble.jpg?itok=bMvkTDic 650w, \/sites\/default\/files\/styles\/max_1300x1300\/public\/notas\/2025-07-04\/FCITECexpomueble.jpg?itok=X74CHmIa 1300w, \/sites\/default\/files\/styles\/max_1900x1900\/public\/notas\/2025-07-04\/FCITECexpomueble.jpg?itok=qXptbyA5 1420w\u0022 type=\u0022image\/jpeg\u0022 sizes=\u0022100vw\u0022\/\u003E\n                  \u003Cimg srcset=\u0022\/sites\/default\/files\/styles\/max_650x650\/public\/notas\/2025-07-04\/FCITECexpomueble.jpg?itok=bMvkTDic 650w, \/sites\/default\/files\/styles\/max_1300x1300\/public\/notas\/2025-07-04\/FCITECexpomueble.jpg?itok=X74CHmIa 1300w, \/sites\/default\/files\/styles\/max_1900x1900\/public\/notas\/2025-07-04\/FCITECexpomueble.jpg?itok=qXptbyA5 1420w\u0022 sizes=\u0022100vw\u0022 src=\u0022\/sites\/default\/files\/styles\/max_1300x1300\/public\/notas\/2025-07-04\/FCITECexpomueble.jpg?itok=X74CHmIa\u0022 alt=\u0022Destacada participaci\u00f3n de la FCITEC en Expo Mueble 2025\u0022 typeof=\u0022foaf:Image\u0022 class=\u0022img-fluid\u0022 \/\u003E\n\n  \u003C\/picture\u003E\n\n\u003C\/div\u003E\n      \n  \n\n      \u003Cdiv  class=\u0022boton-expander\u0022\u003E\n        \n                  \u003Cdiv class=\u0022item-list\u0022\u003E\u003Cul\u003E\u003Cli\u003E\u003Ca href=\u0022\/ds-switch-view-mode\/node\/23468\/media_collapsed?selector=view-mode-media_expanded\u0022 class=\u0022use-ajax\u0022\u003E\u2191\u003C\/a\u003E\u003C\/li\u003E\u003C\/ul\u003E\u003C\/div\u003E\n      \n  \n    \u003C\/div\u003E\n\n\n  \u003C\/div\u003E\n\n  \u003Cdiv class=\u0022area-info group-middle\u0022\u003E\n    \n\u003Cdiv  class=\u0022inner\u0022\u003E\n          \n                          \u003Ch2  class=\u0022titulo\u0022 \u003E\n        Destacada participaci\u00f3n de la FCITEC en Expo Mueble 2025\n\u003C\/h2\u003E\n      \n  \n\n    \n                          \u003Cdiv  class=\u0022resumen\u0022 \u003E\n      Promueven la vinculaci\u00f3n entre la comunidad estudiantil y el sector industrial\u003C\/div\u003E\n      \n  \n\n\n\u003Cdiv  class=\u0022datos\u0022\u003E\n            \u003Cdiv  class=\u0022autor\u0022\u003E\n            \u003Cdiv  class=\u0022field-label-inline\u0022\u003EPor\u003C\/div\u003E\n  \n                  \u003Ca href=\u0022\/autores\/gaceta-uabc\u0022 hreflang=\u0022es\u0022\u003EGaceta UABC\u003C\/a\u003E\n      \n  \n    \u003C\/div\u003E\n\n      \u003Cdiv  class=\u0022campus\u0022\u003E\n            \u003Cdiv  class=\u0022field-label-inline\u0022\u003ECampus\u003C\/div\u003E\n  \n                  \u003Ca href=\u0022\/campus\/tijuana\u0022 hreflang=\u0022es\u0022\u003ETijuana\u003C\/a\u003E\n      \n  \n    \u003C\/div\u003E\n\n    \n                          \u003Cdiv  class=\u0022fecha\u0022 \u003E\n      4 de Julio de 2025\u003C\/div\u003E\n      \n  \n\n\n  \u003C\/div\u003E\n    \n                          \u003Cdiv  class=\u0022texto\u0022 \u003E\n      \u003Cp\u003ELa Facultad de Ciencias de la Ingenier\u00eda y Tecnolog\u00eda (FCITEC), de la UABC campus Tijuana, particip\u00f3 activamente en la octava edici\u00f3n de Expo Mueble Baja California, 2025; con el stand \u201cDise\u00f1o con identidad universitaria\u201d, en el que present\u00f3 ocho propuestas de mobiliario desarrolladas por estudiantes, egresadas y egresados de la carrera de Dise\u00f1o Industrial, dirigidos por el doctor Vladimir Becerril Mendoza, profesor de la facultad.\u00a0\u003C\/p\u003E\n\n\u003Cp\u003EDel 27 al 29 de junio, la Expo Mueble 2025 reuni\u00f3 a proveedores, fabricantes, distribuidores y comerciantes del sector, consolid\u00e1ndose como el principal punto de encuentro para el dise\u00f1o, la innovaci\u00f3n y los negocios en la industria del mueble. El evento atrajo a visitantes de ambas Californias, fortaleciendo as\u00ed su proyecci\u00f3n binacional.\u003C\/p\u003E\n\n\u003Cp\u003EDurante su participaci\u00f3n, la FCITEC promovi\u00f3 la visibilidad de dise\u00f1os innovadores, que fomentan la identidad universitaria y tienen alto potencial de inserci\u00f3n en el mercado; producto del esfuerzo, creatividad y formaci\u00f3n de sus estudiantes y egresados. Estos dise\u00f1os se encuentran bajo la protecci\u00f3n del Instituto Mexicano de la Propiedad Industrial (IMPI) como modelos industriales, modelos de utilidad y una patente.\u00a0\u003C\/p\u003E\n\n\u003Cp\u003EDentro de los que destac\u00f3 Nudolinga, un sistema mobiliario modular y apilable con una patente reciente por su dise\u00f1o innovador que consta de paneles entrelazados que no requieren herramientas, tornillos, bisagras ni adhesivos. Su estructura fabricada con un solo material favorece la producci\u00f3n y reciclaje, adem\u00e1s de contar con un empaque plano que facilita su almacenamiento, distribuci\u00f3n y adaptaci\u00f3n.\u003C\/p\u003E\n\n\u003Cp\u003E\u201cEl stand de la FCITEC-UABC permiti\u00f3 visibilizar el valor de los dise\u00f1os con identidad universitaria y dise\u00f1os con identidad cimarr\u00f3n, al fortalecer los v\u00ednculos con actores clave del ecosistema productivo regional. Esta iniciativa reafirma el compromiso de la UABC por impulsar la transferencia de conocimiento, el emprendimiento creativo y la transformaci\u00f3n de proyectos acad\u00e9micos en soluciones reales para el entorno\u201d, declar\u00f3 el doctor Becerril Mendoza.\u003C\/p\u003E\n\n\u003Cp\u003EOtra de las participaciones destacadas de la FCITEC durante la jornada, fue la mesa de di\u00e1logo \u201cDise\u00f1o que forma y se transforma: experiencias desde el aula y el territorio\u201d, donde profesores-investigadores de la UABC, propiciaron un espacio de reflexi\u00f3n sobre el papel del dise\u00f1o industrial como herramienta formativa y transformadora que promueve la creatividad, la investigaci\u00f3n, el compromiso social y la innovaci\u00f3n tecnol\u00f3gica.\u00a0\u003C\/p\u003E\n\n\u003Cp\u003ELa mesa integrada por los doctores Yirandy Rodr\u00edguez Le\u00f3n y Vladimir Becerril Mendoza; los maestros Alejandro Murga Gonz\u00e1lez y Tonatiuh Maga\u00f1a Guzm\u00e1n; y la maestra Virginia Rosas Burgos; abord\u00f3 sus experiencias con estudiantes y aliados, desarrollando proyectos que vinculan al dise\u00f1o con necesidades reales de comunidades, actores productivos y territorios espec\u00edficos.\u003C\/p\u003E\n\n\u003Cp\u003EExploraron l\u00edneas clave como la importancia de conocer profundamente a las personas y sus contextos en el proceso de dise\u00f1o; la participaci\u00f3n activa de usuarios en las diferentes fases del desarrollo de productos; los retos de implementar metodolog\u00edas centradas en las personas dentro de la academia; y las estrategias de vinculaci\u00f3n entre estudiantes y actores externos. Tambi\u00e9n se abordaron aspectos como la documentaci\u00f3n, protecci\u00f3n y escalamiento de las propuestas universitarias, as\u00ed como los aprendizajes que surgen cuando el dise\u00f1o trasciende las aulas.\u00a0\u003C\/p\u003E\n\n\u003Cp\u003EComo reflexi\u00f3n final, la mesa permiti\u00f3 reconocer al dise\u00f1o industrial como un campo en el que convergen saberes t\u00e9cnicos, comprensi\u00f3n del entorno y responsabilidad social. Destacaron que el dise\u00f1o centrado en las personas no s\u00f3lo mejora los resultados proyectuales, sino que genera aprendizajes significativos al responder a la diversidad de contextos.\u00a0\u003C\/p\u003E\n\n\u003Cp\u003EAsimismo, se subray\u00f3 la necesidad de fortalecer la transferencia tecnol\u00f3gica desde la universidad, documentando y comunicando adecuadamente las propuestas, para que puedan alcanzar a sectores productivos y comunidades fuera del \u00e1mbito acad\u00e9mico.\u00a0\u003C\/p\u003E\n\n\u003Cp\u003ELa participaci\u00f3n en la Expo Mueble BC 2025 fue posible gracias al respaldo y reconocimiento de la contadora Maricruz Arizmendi, directora general de Expo Mueble, y la licenciada Lorena L\u00f3pez Mijangos, directora comercial, quienes han impulsado activamente la inclusi\u00f3n de estudiantes y docentes universitarios en este tipo de espacios.\u003C\/p\u003E\n\n\u003Cp\u003E\u201cEsta participaci\u00f3n reafirma el compromiso institucional de la UABC con la formaci\u00f3n integral de sus estudiantes, el impulso a la innovaci\u00f3n y el fortalecimiento de v\u00ednculos con la sociedad y la industria\u201d, declar\u00f3 el doctor Becerril Mendoza.\u003C\/p\u003E\n\n\u003Cp\u003E\u003Cimg alt=\u0022Destacada participaci\u00f3n de la FCITEC en Expo Mueble 2025\u0022 data-entity-type=\u0022file\u0022 data-entity-uuid=\u00225e41157d-fa89-4b6c-a0ac-6444fb0187c6\u0022 src=\u0022\/sites\/default\/files\/inline-images\/5.jpg\u0022 width=\u00222048\u0022 height=\u00221365\u0022 loading=\u0022lazy\u0022 \/\u003E\u003C\/p\u003E\u003C\/div\u003E\n      \n  \n\n    \n            \u003Cdiv  class=\u0022palabras-clave\u0022\u003E\n                        \u003Ca href=\u0022\/tags\/fcitec\u0022 hreflang=\u0022es\u0022\u003EFCITEC\u003C\/a\u003E\n                \u003Ca href=\u0022\/tags\/expo-mueble-2025\u0022 hreflang=\u0022es\u0022\u003EExpo Mueble 2025\u003C\/a\u003E\n                \u003Ca href=\u0022\/tags\/diseno-industrial\u0022 hreflang=\u0022es\u0022\u003EDise\u00f1o Industrial\u003C\/a\u003E\n      \n      \u003C\/div\u003E\n  \n\n\n  \u003C\/div\u003E\n\n  \u003C\/div\u003E\n\n  \u003Cdiv class=\u0022area-extras group-right\u0022\u003E\n        \n                          \u003Cdiv  class=\u0022enlace-blockBottom\u0022 \u003E\n      \u003Cdiv\u003EVer m\u00e1s \u003Ca href=\u0022http:\/\/gaceta.uabc.mx\/notas\u0022\u003ENotas\u003C\/a\u003E\u003C\/div\u003E\n\u003C\/div\u003E\n      \n  \n\n\n  \u003C\/div\u003E\n\n\u003C\/div\u003E\n\n","settings":null}]