[{"command":"settings","settings":{"pluralDelimiter":"\u0003","suppressDeprecationErrors":true,"ajaxPageState":{"libraries":"core\/drupal.ajax,core\/picturefill,ds\/ds_3col_equal_width","theme":"gaceta","theme_token":null},"ajaxTrustedUrl":[],"field_group":{"html_element":{"mode":"media_expanded","context":"view","settings":{"classes":"datos","show_empty_fields":false,"id":"","element":"div","show_label":false,"label_element":"h3","label_element_classes":"","attributes":"","effect":"none","speed":"fast"}}},"user":{"uid":0,"permissionsHash":"55dc977d165ab1e05e51b6cc6487f6d73e65ab536d99ee82c6990d9001d5c21c"}},"merge":true},{"command":"add_css","data":"\u003Clink rel=\u0022stylesheet\u0022 media=\u0022all\u0022 href=\u0022\/sites\/default\/files\/css\/css_mxJrjoKKAZuuB4_4f-B1u9VnFZxvSor3Az4JEdrFEso.css\u0022 \/\u003E\n\u003Clink rel=\u0022stylesheet\u0022 media=\u0022all\u0022 href=\u0022\/sites\/default\/files\/css\/css_-BXSGQpS8YTwwuXGbPoshUvZ7W-_HbYR3H7d0DA_mEY.css\u0022 \/\u003E\n\u003Clink rel=\u0022stylesheet\u0022 media=\u0022all\u0022 href=\u0022\/sites\/default\/files\/css\/css_89YreTu0npezhXSakRJR9TVHyBS9bTcyt0s3IckAe-M.css\u0022 \/\u003E\n"},{"command":"add_js","selector":"body","data":[{"src":"\/sites\/default\/files\/js\/js_9UaAhXvc9u0KYXXUw-OKyLP2baQxdV4zY3Y_KGurcvY.js"},{"src":"\/sites\/default\/files\/js\/js_oDJxUBLBzfRb_FDgNfkNOm9-tiatS2kNfxQIeVRZA7Y.js"},{"src":"\/sites\/default\/files\/js\/js_YM82KRuzNIr2X-Kb8pQW8cOcSbWgQ_QGKclTYJ_aMlI.js"},{"src":"\/sites\/default\/files\/js\/js_pqqsPPmPmxKgamY6qk_WSawtL05XH_yAY8GkPHVyahI.js"}]},{"command":"insert","method":"replaceWith","selector":".view-mode-full","data":"\u003Cdiv data-history-node-id=\u002223478\u0022 class=\u0022contenido view-mode-media_expanded ds-3col-equal clearfix\u0022\u003E\n\n  \n\n  \u003Cdiv class=\u0022area-medios group-left\u0022\u003E\n        \n                          \u003Cdiv  class=\u0022imagen\u0022 \u003E\n          \u003Cpicture\u003E\n                  \u003Csource srcset=\u0022\/sites\/default\/files\/styles\/max_650x650\/public\/notas\/2025-07-10\/FCITECexpomueble%20%281%29.webp?itok=jWAIey2V 650w, \/sites\/default\/files\/styles\/max_1300x1300\/public\/notas\/2025-07-10\/FCITECexpomueble%20%281%29.webp?itok=wduQLZxF 1300w, \/sites\/default\/files\/styles\/max_1900x1900\/public\/notas\/2025-07-10\/FCITECexpomueble%20%281%29.webp?itok=SAQHLrGi 1420w\u0022 type=\u0022image\/webp\u0022 sizes=\u0022100vw\u0022\/\u003E\n              \u003Csource srcset=\u0022\/sites\/default\/files\/styles\/max_650x650\/public\/notas\/2025-07-10\/FCITECexpomueble%20%281%29.jpg?itok=jWAIey2V 650w, \/sites\/default\/files\/styles\/max_1300x1300\/public\/notas\/2025-07-10\/FCITECexpomueble%20%281%29.jpg?itok=wduQLZxF 1300w, \/sites\/default\/files\/styles\/max_1900x1900\/public\/notas\/2025-07-10\/FCITECexpomueble%20%281%29.jpg?itok=SAQHLrGi 1420w\u0022 type=\u0022image\/jpeg\u0022 sizes=\u0022100vw\u0022\/\u003E\n                  \u003Cimg srcset=\u0022\/sites\/default\/files\/styles\/max_650x650\/public\/notas\/2025-07-10\/FCITECexpomueble%20%281%29.jpg?itok=jWAIey2V 650w, \/sites\/default\/files\/styles\/max_1300x1300\/public\/notas\/2025-07-10\/FCITECexpomueble%20%281%29.jpg?itok=wduQLZxF 1300w, \/sites\/default\/files\/styles\/max_1900x1900\/public\/notas\/2025-07-10\/FCITECexpomueble%20%281%29.jpg?itok=SAQHLrGi 1420w\u0022 sizes=\u0022100vw\u0022 src=\u0022\/sites\/default\/files\/styles\/max_1300x1300\/public\/notas\/2025-07-10\/FCITECexpomueble%20%281%29.jpg?itok=wduQLZxF\u0022 alt=\u0022FCITEC particip\u00f3 en el concurso \u201cDise\u00f1o de mobiliario sin fronteras\u201d, recibi\u00f3 menci\u00f3n honor\u00edfica\u0022 typeof=\u0022foaf:Image\u0022 class=\u0022img-fluid\u0022 \/\u003E\n\n  \u003C\/picture\u003E\n\n\u003C\/div\u003E\n      \n  \n\n      \u003Cdiv  class=\u0022boton-expander\u0022\u003E\n        \n                  \u003Cdiv class=\u0022item-list\u0022\u003E\u003Cul\u003E\u003Cli\u003E\u003Ca href=\u0022\/ds-switch-view-mode\/node\/23478\/media_collapsed?selector=view-mode-media_expanded\u0022 class=\u0022use-ajax\u0022\u003E\u2191\u003C\/a\u003E\u003C\/li\u003E\u003C\/ul\u003E\u003C\/div\u003E\n      \n  \n    \u003C\/div\u003E\n\n\n  \u003C\/div\u003E\n\n  \u003Cdiv class=\u0022area-info group-middle\u0022\u003E\n    \n\u003Cdiv  class=\u0022inner\u0022\u003E\n          \n                          \u003Ch2  class=\u0022titulo\u0022 \u003E\n        Alumnado de FCITEC obtuvo menci\u00f3n honor\u00edfica en concurso de dise\u00f1o\n\u003C\/h2\u003E\n      \n  \n\n    \n                          \u003Cdiv  class=\u0022resumen\u0022 \u003E\n      Presentaron dise\u00f1os que destacaron por su innovaci\u00f3n, sensibilidad social y enfoque regional\u003C\/div\u003E\n      \n  \n\n\n\u003Cdiv  class=\u0022datos\u0022\u003E\n            \u003Cdiv  class=\u0022autor\u0022\u003E\n            \u003Cdiv  class=\u0022field-label-inline\u0022\u003EPor\u003C\/div\u003E\n  \n                  \u003Ca href=\u0022\/autores\/vladimir-becerril-mendoza\u0022 hreflang=\u0022es\u0022\u003EVladimir Becerril Mendoza\u003C\/a\u003E\n      \n  \n    \u003C\/div\u003E\n\n      \u003Cdiv  class=\u0022campus\u0022\u003E\n            \u003Cdiv  class=\u0022field-label-inline\u0022\u003ECampus\u003C\/div\u003E\n  \n                  \u003Ca href=\u0022\/campus\/tijuana\u0022 hreflang=\u0022es\u0022\u003ETijuana\u003C\/a\u003E\n      \n  \n    \u003C\/div\u003E\n\n    \n                          \u003Cdiv  class=\u0022fecha\u0022 \u003E\n      10 de Julio de 2025\u003C\/div\u003E\n      \n  \n\n\n  \u003C\/div\u003E\n    \n                          \u003Cdiv  class=\u0022texto\u0022 \u003E\n      \u003Cp\u003EEn el marco de la octava edici\u00f3n de la Expo Mueble Baja California, la Facultad de Ciencias de la Ingenier\u00eda y Tecnolog\u00eda (FCITEC) de la UABC campus Tijuana, particip\u00f3 en el concurso \u201cDise\u00f1o de mobiliario sin fronteras\u201d, organizado por City Health Research \u0026amp; Design, con el objetivo de apoyar a las nuevas generaciones, brind\u00e1ndoles una plataforma para mostrar su creatividad e innovaci\u00f3n en el dise\u00f1o de mobiliario urbano. Donde la FCITEC, destac\u00f3 con la participaci\u00f3n de dos equipos conformados por estudiantes del tronco com\u00fan de Arquitectura y Dise\u00f1o; tambi\u00e9n de la Maestr\u00eda y Doctorado en Arquitectura, Urbanismo y Dise\u00f1o (MyDAUD); uno de ellos recibi\u00f3 menci\u00f3n honor\u00edfica.\u003C\/p\u003E\n\n\u003Cp\u003EEl concurso contempl\u00f3 cuatro categor\u00edas estrat\u00e9gicas: dise\u00f1o ecol\u00f3gico y regenerativo; mobiliario modular y adaptable; innovaci\u00f3n tecnol\u00f3gica e inspiraci\u00f3n en la cultura; y las necesidades de Baja California. Participaron m\u00e1s de 40 instituciones a nivel estado, de las cuales la FCITEC-UABC, logr\u00f3 llegar a la final en el Baja California Center.\u00a0\u003C\/p\u003E\n\n\u003Cp\u003ELos equipos de la FCITEC, fueron reconocidos por su innovaci\u00f3n, sensibilidad social y enfoque regional. Uno de ellos fue BIOBANCO, una banca que fusiona dise\u00f1o, sostenibilidad y bienestar, pensada como una soluci\u00f3n integral. Incluye espacios para sentarse, colocar plantas y convivir con mascotas, en un estilo minimalista con identidad regional; que incorpora materiales reciclados y grabados representativos de Baja California. Fue desarrollado por Sebasti\u00e1n Avena Robles, Gricelda Jarethsinay Due\u00f1as Caudillo y Ana Rebecca Gardu\u00f1o S\u00e1nchez, estudiantes del segundo semestre del tronco com\u00fan de Arquitectura y Dise\u00f1o.\u003C\/p\u003E\n\n\u003Cp\u003EEl segundo proyecto recibi\u00f3 una menci\u00f3n honor\u00edfica por su enfoque innovador y emp\u00e1tico. Eco Sensory Pod, que es una cabina sensorial individual, concebida como un refugio introspectivo en entornos p\u00fablicos o educativos. Su objetivo es brindar un espacio de regulaci\u00f3n emocional y descanso sensorial, particularmente para personas con alta sensibilidad o condiciones neurodivergentes. Fue dise\u00f1ada por la maestra Valeria D\u00edaz Ontiveros, doctorante en la MyDAUD, quien articul\u00f3 funcionalidad, est\u00e9tica y tecnolog\u00eda en una soluci\u00f3n sensible a los desaf\u00edos del dise\u00f1o urbano actual.\u003C\/p\u003E\n\n\u003Cp\u003ELa participaci\u00f3n de la FCITEC en este concurso destac\u00f3 el compromiso de su comunidad por desarrollar propuestas con alto valor social, cultural y ambiental y reafirm\u00f3 su vocaci\u00f3n por formar dise\u00f1adores capaces de incidir positivamente en el entorno mediante proyectos con identidad, pertinencia e impacto.\u003C\/p\u003E\u003C\/div\u003E\n      \n  \n\n    \n            \u003Cdiv  class=\u0022palabras-clave\u0022\u003E\n                        \u003Ca href=\u0022\/tags\/fcitec\u0022 hreflang=\u0022es\u0022\u003EFCITEC\u003C\/a\u003E\n                \u003Ca href=\u0022\/tags\/expo-mueble-2025\u0022 hreflang=\u0022es\u0022\u003EExpo Mueble 2025\u003C\/a\u003E\n                \u003Ca href=\u0022\/tags\/arquitectura-y-diseno\u0022 hreflang=\u0022es\u0022\u003EArquitectura y Dise\u00f1o\u003C\/a\u003E\n      \n      \u003C\/div\u003E\n  \n\n\n  \u003C\/div\u003E\n\n  \u003C\/div\u003E\n\n  \u003Cdiv class=\u0022area-extras group-right\u0022\u003E\n        \n                          \u003Cdiv  class=\u0022enlace-blockBottom\u0022 \u003E\n      \u003Cdiv\u003EVer m\u00e1s \u003Ca href=\u0022http:\/\/gaceta.uabc.mx\/notas\u0022\u003ENotas\u003C\/a\u003E\u003C\/div\u003E\n\u003C\/div\u003E\n      \n  \n\n\n  \u003C\/div\u003E\n\n\u003C\/div\u003E\n\n","settings":null}]