[{"command":"settings","settings":{"pluralDelimiter":"\u0003","suppressDeprecationErrors":true,"ajaxPageState":{"libraries":"core\/drupal.ajax,core\/picturefill,ds\/ds_3col_equal_width","theme":"gaceta","theme_token":null},"ajaxTrustedUrl":[],"field_group":{"html_element":{"mode":"media_expanded","context":"view","settings":{"classes":"datos","show_empty_fields":false,"id":"","element":"div","show_label":false,"label_element":"h3","label_element_classes":"","attributes":"","effect":"none","speed":"fast"}}},"user":{"uid":0,"permissionsHash":"55dc977d165ab1e05e51b6cc6487f6d73e65ab536d99ee82c6990d9001d5c21c"}},"merge":true},{"command":"add_css","data":"\u003Clink rel=\u0022stylesheet\u0022 media=\u0022all\u0022 href=\u0022\/sites\/default\/files\/css\/css_mxJrjoKKAZuuB4_4f-B1u9VnFZxvSor3Az4JEdrFEso.css\u0022 \/\u003E\n\u003Clink rel=\u0022stylesheet\u0022 media=\u0022all\u0022 href=\u0022\/sites\/default\/files\/css\/css_-BXSGQpS8YTwwuXGbPoshUvZ7W-_HbYR3H7d0DA_mEY.css\u0022 \/\u003E\n\u003Clink rel=\u0022stylesheet\u0022 media=\u0022all\u0022 href=\u0022\/sites\/default\/files\/css\/css_89YreTu0npezhXSakRJR9TVHyBS9bTcyt0s3IckAe-M.css\u0022 \/\u003E\n"},{"command":"add_js","selector":"body","data":[{"src":"\/sites\/default\/files\/js\/js_9UaAhXvc9u0KYXXUw-OKyLP2baQxdV4zY3Y_KGurcvY.js"},{"src":"\/sites\/default\/files\/js\/js_oDJxUBLBzfRb_FDgNfkNOm9-tiatS2kNfxQIeVRZA7Y.js"},{"src":"\/sites\/default\/files\/js\/js_YM82KRuzNIr2X-Kb8pQW8cOcSbWgQ_QGKclTYJ_aMlI.js"},{"src":"\/sites\/default\/files\/js\/js_pqqsPPmPmxKgamY6qk_WSawtL05XH_yAY8GkPHVyahI.js"}]},{"command":"insert","method":"replaceWith","selector":".view-mode-full","data":"\u003Cdiv data-history-node-id=\u002223482\u0022 class=\u0022contenido view-mode-media_expanded ds-3col-equal clearfix\u0022\u003E\n\n  \n\n  \u003Cdiv class=\u0022area-medios group-left\u0022\u003E\n        \n                          \u003Cdiv  class=\u0022imagen\u0022 \u003E\n          \u003Cpicture\u003E\n                  \u003Csource srcset=\u0022\/sites\/default\/files\/styles\/max_650x650\/public\/notas\/2025-07-29\/FOTO-PARA-GACETA-UABC-WEB.webp?itok=apw9h0px 650w, \/sites\/default\/files\/styles\/max_1300x1300\/public\/notas\/2025-07-29\/FOTO-PARA-GACETA-UABC-WEB.webp?itok=fVq613lq 1300w, \/sites\/default\/files\/styles\/max_1900x1900\/public\/notas\/2025-07-29\/FOTO-PARA-GACETA-UABC-WEB.webp?itok=4uWzcBB5 1615w\u0022 type=\u0022image\/webp\u0022 sizes=\u0022100vw\u0022\/\u003E\n              \u003Csource srcset=\u0022\/sites\/default\/files\/styles\/max_650x650\/public\/notas\/2025-07-29\/FOTO-PARA-GACETA-UABC-WEB.jpg?itok=apw9h0px 650w, \/sites\/default\/files\/styles\/max_1300x1300\/public\/notas\/2025-07-29\/FOTO-PARA-GACETA-UABC-WEB.jpg?itok=fVq613lq 1300w, \/sites\/default\/files\/styles\/max_1900x1900\/public\/notas\/2025-07-29\/FOTO-PARA-GACETA-UABC-WEB.jpg?itok=4uWzcBB5 1615w\u0022 type=\u0022image\/jpeg\u0022 sizes=\u0022100vw\u0022\/\u003E\n                  \u003Cimg srcset=\u0022\/sites\/default\/files\/styles\/max_650x650\/public\/notas\/2025-07-29\/FOTO-PARA-GACETA-UABC-WEB.jpg?itok=apw9h0px 650w, \/sites\/default\/files\/styles\/max_1300x1300\/public\/notas\/2025-07-29\/FOTO-PARA-GACETA-UABC-WEB.jpg?itok=fVq613lq 1300w, \/sites\/default\/files\/styles\/max_1900x1900\/public\/notas\/2025-07-29\/FOTO-PARA-GACETA-UABC-WEB.jpg?itok=4uWzcBB5 1615w\u0022 sizes=\u0022100vw\u0022 src=\u0022\/sites\/default\/files\/styles\/max_1300x1300\/public\/notas\/2025-07-29\/FOTO-PARA-GACETA-UABC-WEB.jpg?itok=fVq613lq\u0022 alt=\u0022.\u0022 typeof=\u0022foaf:Image\u0022 class=\u0022img-fluid\u0022 \/\u003E\n\n  \u003C\/picture\u003E\n\n\u003C\/div\u003E\n      \n  \n\n      \u003Cdiv  class=\u0022boton-expander\u0022\u003E\n        \n                  \u003Cdiv class=\u0022item-list\u0022\u003E\u003Cul\u003E\u003Cli\u003E\u003Ca href=\u0022\/ds-switch-view-mode\/node\/23482\/media_collapsed?selector=view-mode-media_expanded\u0022 class=\u0022use-ajax\u0022\u003E\u2191\u003C\/a\u003E\u003C\/li\u003E\u003C\/ul\u003E\u003C\/div\u003E\n      \n  \n    \u003C\/div\u003E\n\n\n  \u003C\/div\u003E\n\n  \u003Cdiv class=\u0022area-info group-middle\u0022\u003E\n    \n\u003Cdiv  class=\u0022inner\u0022\u003E\n          \n                          \u003Ch2  class=\u0022titulo\u0022 \u003E\n        UABC impulsa la internacionalizaci\u00f3n con la primera semana del programa Summer in Baja realizado en el Campus Ensenada\n\u003C\/h2\u003E\n      \n  \n\n    \n                          \u003Cdiv  class=\u0022resumen\u0022 \u003E\n      Esta iniciativa acad\u00e9mica binacional, en la que participaron estudiantes del sistema CSU, combin\u00f3 formaci\u00f3n te\u00f3rica, experiencias culturales y aprendizaje en contextos comunitarios\u003C\/div\u003E\n      \n  \n\n\n\u003Cdiv  class=\u0022datos\u0022\u003E\n            \u003Cdiv  class=\u0022autor\u0022\u003E\n            \u003Cdiv  class=\u0022field-label-inline\u0022\u003EPor\u003C\/div\u003E\n  \n                  \u003Ca href=\u0022\/autores\/olivia-yaritza-lopez-segoviano-con-informacion-de-la-coordinacion-general-de-vinculacion-y\u0022 hreflang=\u0022es\u0022\u003EOlivia Yaritza L\u00f3pez Segoviano con informaci\u00f3n de la Coordinaci\u00f3n General de Vinculaci\u00f3n y Cooperaci\u00f3n Acad\u00e9mica\u003C\/a\u003E\n      \n  \n    \u003C\/div\u003E\n\n      \u003Cdiv  class=\u0022campus\u0022\u003E\n            \u003Cdiv  class=\u0022field-label-inline\u0022\u003ECampus\u003C\/div\u003E\n  \n                  \u003Ca href=\u0022\/campus\/ensenada\u0022 hreflang=\u0022es\u0022\u003EEnsenada\u003C\/a\u003E\n      \n  \n    \u003C\/div\u003E\n\n    \n                          \u003Cdiv  class=\u0022fecha\u0022 \u003E\n      29 de Julio de 2025\u003C\/div\u003E\n      \n  \n\n\n  \u003C\/div\u003E\n    \n                          \u003Cdiv  class=\u0022texto\u0022 \u003E\n      \u003Cp\u003ELa UABC, a trav\u00e9s del campus Ensenada, fue sede de la primera semana del programa internacional de verano Summer in Baja, una iniciativa acad\u00e9mica conjunta con CETYS Universidad, desarrollada del 14 al 19 de julio de 2025. Este programa refuerza el compromiso de la UABC con la internacionalizaci\u00f3n y la formaci\u00f3n intercultural de alto nivel.\u003C\/p\u003E\n\n\u003Cp\u003EEl curso tuvo como objetivos realizar un an\u00e1lisis del desarrollo hist\u00f3rico, cultural y pol\u00edtico de M\u00e9xico y Baja California y vincularlo con problem\u00e1ticas actuales; comprender las din\u00e1micas de las comunidades fronterizas y fomentar el aprendizaje mediante la participaci\u00f3n \u00e9tica en contextos comunitarios.\u003C\/p\u003E\n\n\u003Cp\u003EEn esta edici\u00f3n participaron 19 estudiantes del Sistema de Universidades Estatales de California (CSU System, por sus siglas en ingl\u00e9s), provenientes de instituciones como Cal Poly Humboldt, CSU East Bay, Fresno State University, CSU Fullerton y CSU Los Angeles, entre otras. Las y los j\u00f3venes participantes se forman en programas educativos de diversas \u00e1reas como estudios internacionales, psicolog\u00eda, econom\u00eda, comunicaci\u00f3n ambiental, estudios chicanos, ciberseguridad y \u003Cem\u003Eliberal studies\u003C\/em\u003E.\u003C\/p\u003E\n\n\u003Cp\u003EDurante su estancia en la UABC, las y los participantes asistieron al seminario \u201cInterdisciplinary perspectives on history, culture and border studies\u201d, impartido por docentes de la instituci\u00f3n, en el cual tuvieron oportunidad de explorar temas clave como la identidad cultural en contextos fronterizos, historia de Baja California, sostenibilidad y desarrollo regional.\u003C\/p\u003E\n\n\u003Cp\u003EComplementaron su experiencia con actividades pr\u00e1cticas y visitas a sitios emblem\u00e1ticos de la regi\u00f3n, entre ellos el Museo de Historia de Ensenada, el centro hist\u00f3rico, el Valle de Guadalupe \u2014donde exploraron pr\u00e1cticas de desarrollo sustentable y vitivinicultura\u2014, y una jornada de convivencia con la comunidad ind\u00edgena kumiai, donde participaron en una clase de cocina tradicional. Del mismo modo, realizaron un \u003Cem\u003Etour\u003C\/em\u003E gastron\u00f3mico en Tijuana.\u003C\/p\u003E\n\n\u003Cp\u003ETodas las actividades del programa fueron dise\u00f1adas para ofrecer una experiencia significativa que combine el aprendizaje en el aula con la exploraci\u00f3n real del contexto social, hist\u00f3rico y cultural de Baja California y la regi\u00f3n fronteriza entre M\u00e9xico y Estados Unidos.\u003C\/p\u003E\n\n\u003Cp\u003EEl equipo docente estuvo conformado por la doctora Marisa Reyes Orta, profesora de tiempo completo en la Facultad de Ciencias Marinas de la UABC, especialista en turismo, gastronom\u00eda sustentable y econom\u00eda circular aplicada a problemas socioambientales; y el doctor Alejandro Monjaraz, profesor de tiempo completo en la Facultad de Econom\u00eda y Relaciones Internacionales, campus Tijuana, cuyas l\u00edneas de investigaci\u00f3n incluyen pol\u00edtica exterior, estudios fronterizos y relaciones internacionales.\u003C\/p\u003E\n\n\u003Cp\u003ELa colaboraci\u00f3n de UABC en Summer in Baja refuerza su papel como instituci\u00f3n anfitriona y promotora del di\u00e1logo acad\u00e9mico intercultural, adem\u00e1s de representar un paso significativo hacia la internacionalizaci\u00f3n de la m\u00e1xima casa de estudios. Asimismo, posiciona a Baja California como un destino estrat\u00e9gico para el intercambio educativo internacional, caracterizado por su riqueza hist\u00f3rica, cultural y ambiental.\u003C\/p\u003E\n\n\u003Cp\u003E\u003Cimg alt=\u0022.\u0022 data-entity-type=\u0022file\u0022 data-entity-uuid=\u0022c697a9f4-8ba3-48dc-abfc-d3705d8c1997\u0022 src=\u0022\/sites\/default\/files\/inline-images\/IMG-20250714-WA0027.jpeg\u0022 width=\u00221280\u0022 height=\u0022960\u0022 loading=\u0022lazy\u0022 \/\u003E\u003C\/p\u003E\u003C\/div\u003E\n      \n  \n\n    \n            \u003Cdiv  class=\u0022palabras-clave\u0022\u003E\n                        \u003Ca href=\u0022\/tags\/programa-internacional-de-verano-summer-baja\u0022 hreflang=\u0022es\u0022\u003Eprograma internacional de verano Summer in Baja\u003C\/a\u003E\n      \n      \u003C\/div\u003E\n  \n\n\n  \u003C\/div\u003E\n\n  \u003C\/div\u003E\n\n  \u003Cdiv class=\u0022area-extras group-right\u0022\u003E\n        \n                          \u003Cdiv  class=\u0022enlace-blockBottom\u0022 \u003E\n      \u003Cdiv\u003EVer m\u00e1s \u003Ca href=\u0022http:\/\/gaceta.uabc.mx\/notas\u0022\u003ENotas\u003C\/a\u003E\u003C\/div\u003E\n\u003C\/div\u003E\n      \n  \n\n\n  \u003C\/div\u003E\n\n\u003C\/div\u003E\n\n","settings":null}]