[{"command":"settings","settings":{"pluralDelimiter":"\u0003","suppressDeprecationErrors":true,"ajaxPageState":{"libraries":"core\/drupal.ajax,core\/picturefill,ds\/ds_3col_equal_width","theme":"gaceta","theme_token":null},"ajaxTrustedUrl":[],"field_group":{"html_element":{"mode":"media_expanded","context":"view","settings":{"classes":"datos","show_empty_fields":false,"id":"","element":"div","show_label":false,"label_element":"h3","label_element_classes":"","attributes":"","effect":"none","speed":"fast"}}},"user":{"uid":0,"permissionsHash":"55dc977d165ab1e05e51b6cc6487f6d73e65ab536d99ee82c6990d9001d5c21c"}},"merge":true},{"command":"add_css","data":"\u003Clink rel=\u0022stylesheet\u0022 media=\u0022all\u0022 href=\u0022\/sites\/default\/files\/css\/css_mxJrjoKKAZuuB4_4f-B1u9VnFZxvSor3Az4JEdrFEso.css\u0022 \/\u003E\n\u003Clink rel=\u0022stylesheet\u0022 media=\u0022all\u0022 href=\u0022\/sites\/default\/files\/css\/css_-BXSGQpS8YTwwuXGbPoshUvZ7W-_HbYR3H7d0DA_mEY.css\u0022 \/\u003E\n\u003Clink rel=\u0022stylesheet\u0022 media=\u0022all\u0022 href=\u0022\/sites\/default\/files\/css\/css_89YreTu0npezhXSakRJR9TVHyBS9bTcyt0s3IckAe-M.css\u0022 \/\u003E\n"},{"command":"add_js","selector":"body","data":[{"src":"\/sites\/default\/files\/js\/js_9UaAhXvc9u0KYXXUw-OKyLP2baQxdV4zY3Y_KGurcvY.js"},{"src":"\/sites\/default\/files\/js\/js_oDJxUBLBzfRb_FDgNfkNOm9-tiatS2kNfxQIeVRZA7Y.js"},{"src":"\/sites\/default\/files\/js\/js_YM82KRuzNIr2X-Kb8pQW8cOcSbWgQ_QGKclTYJ_aMlI.js"},{"src":"\/sites\/default\/files\/js\/js_pqqsPPmPmxKgamY6qk_WSawtL05XH_yAY8GkPHVyahI.js"}]},{"command":"insert","method":"replaceWith","selector":".view-mode-full","data":"\u003Cdiv data-history-node-id=\u002223490\u0022 class=\u0022contenido view-mode-media_expanded ds-3col-equal clearfix\u0022\u003E\n\n  \n\n  \u003Cdiv class=\u0022area-medios group-left\u0022\u003E\n        \n                          \u003Cdiv  class=\u0022imagen\u0022 \u003E\n          \u003Cpicture\u003E\n                  \u003Csource srcset=\u0022\/sites\/default\/files\/styles\/max_650x650\/public\/notas\/2025-08-05\/FTyM%20estancias.webp?itok=dh6u17-a 650w, \/sites\/default\/files\/styles\/max_1300x1300\/public\/notas\/2025-08-05\/FTyM%20estancias.webp?itok=r9IQYeVQ 1300w, \/sites\/default\/files\/styles\/max_1900x1900\/public\/notas\/2025-08-05\/FTyM%20estancias.webp?itok=qc-9Eekl 1420w\u0022 type=\u0022image\/webp\u0022 sizes=\u0022100vw\u0022\/\u003E\n              \u003Csource srcset=\u0022\/sites\/default\/files\/styles\/max_650x650\/public\/notas\/2025-08-05\/FTyM%20estancias.jpg?itok=dh6u17-a 650w, \/sites\/default\/files\/styles\/max_1300x1300\/public\/notas\/2025-08-05\/FTyM%20estancias.jpg?itok=r9IQYeVQ 1300w, \/sites\/default\/files\/styles\/max_1900x1900\/public\/notas\/2025-08-05\/FTyM%20estancias.jpg?itok=qc-9Eekl 1420w\u0022 type=\u0022image\/jpeg\u0022 sizes=\u0022100vw\u0022\/\u003E\n                  \u003Cimg srcset=\u0022\/sites\/default\/files\/styles\/max_650x650\/public\/notas\/2025-08-05\/FTyM%20estancias.jpg?itok=dh6u17-a 650w, \/sites\/default\/files\/styles\/max_1300x1300\/public\/notas\/2025-08-05\/FTyM%20estancias.jpg?itok=r9IQYeVQ 1300w, \/sites\/default\/files\/styles\/max_1900x1900\/public\/notas\/2025-08-05\/FTyM%20estancias.jpg?itok=qc-9Eekl 1420w\u0022 sizes=\u0022100vw\u0022 src=\u0022\/sites\/default\/files\/styles\/max_1300x1300\/public\/notas\/2025-08-05\/FTyM%20estancias.jpg?itok=r9IQYeVQ\u0022 alt=\u0022Estudiantes de la Facultad de Turismo y Mercadotecnia fortalecen su formaci\u00f3n en programas de movilidad internacional durante el semestre 2025-1\u0022 typeof=\u0022foaf:Image\u0022 class=\u0022img-fluid\u0022 \/\u003E\n\n  \u003C\/picture\u003E\n\n\u003C\/div\u003E\n      \n  \n\n      \u003Cdiv  class=\u0022boton-expander\u0022\u003E\n        \n                  \u003Cdiv class=\u0022item-list\u0022\u003E\u003Cul\u003E\u003Cli\u003E\u003Ca href=\u0022\/ds-switch-view-mode\/node\/23490\/media_collapsed?selector=view-mode-media_expanded\u0022 class=\u0022use-ajax\u0022\u003E\u2191\u003C\/a\u003E\u003C\/li\u003E\u003C\/ul\u003E\u003C\/div\u003E\n      \n  \n    \u003C\/div\u003E\n\n\n  \u003C\/div\u003E\n\n  \u003Cdiv class=\u0022area-info group-middle\u0022\u003E\n    \n\u003Cdiv  class=\u0022inner\u0022\u003E\n          \n                          \u003Ch2  class=\u0022titulo\u0022 \u003E\n        Estudiantes de la Facultad de Turismo y Mercadotecnia fortalecen su formaci\u00f3n en programas de movilidad internacional durante el semestre 2025-1\n\u003C\/h2\u003E\n      \n  \n\n    \n                          \u003Cdiv  class=\u0022resumen\u0022 \u003E\n      Experiencias de movilidad internacional contribuyen al desarrollo de habilidades profesionales, liderazgo y adaptabilidad\u003C\/div\u003E\n      \n  \n\n\n\u003Cdiv  class=\u0022datos\u0022\u003E\n            \u003Cdiv  class=\u0022autor\u0022\u003E\n            \u003Cdiv  class=\u0022field-label-inline\u0022\u003EPor\u003C\/div\u003E\n  \n                  \u003Ca href=\u0022\/autores\/jose-t-olague-de-la-cruz\u0022 hreflang=\u0022es\u0022\u003EJos\u00e9 T. Olague de la Cruz\u003C\/a\u003E\n      \n  \n    \u003C\/div\u003E\n\n      \u003Cdiv  class=\u0022campus\u0022\u003E\n            \u003Cdiv  class=\u0022field-label-inline\u0022\u003ECampus\u003C\/div\u003E\n  \n                  \u003Ca href=\u0022\/campus\/tijuana\u0022 hreflang=\u0022es\u0022\u003ETijuana\u003C\/a\u003E\n      \n  \n    \u003C\/div\u003E\n\n    \n                          \u003Cdiv  class=\u0022fecha\u0022 \u003E\n      5 de Agosto de 2025\u003C\/div\u003E\n      \n  \n\n\n  \u003C\/div\u003E\n    \n                          \u003Cdiv  class=\u0022texto\u0022 \u003E\n      \u003Cp\u003EEstudiantes de la Facultad de Turismo y Mercadotecnia (FTyM) de la Universidad Aut\u00f3noma de Baja California participaron en diversos programas de movilidad internacional realizados durante el semestre 2025-1, en los que adquirieron experiencia profesional y vivencias interculturales que enriquecen su formaci\u00f3n acad\u00e9mica.\u00a0\u003C\/p\u003E\n\n\u003Cp\u003EEn Europa desarrollaron estancias profesionales en Las Palmas, Gran Canaria, y en Almer\u00eda, Espa\u00f1a, colaborando en prestigiosos restaurantes y centros gastron\u00f3micos.\u00a0\u003C\/p\u003E\n\n\u003Cp\u003EEn Am\u00e9rica, un grupo particip\u00f3 en el Disney Cultural Exchange Program \u2013 Verano 2025, en Estados Unidos, donde se integraron a equipos de trabajo en el sector tur\u00edstico y de entretenimiento, reforzando competencias como atenci\u00f3n al cliente, trabajo en equipo y gesti\u00f3n de experiencias para visitantes de todo el mundo.\u00a0\u003C\/p\u003E\n\n\u003Cp\u003EEstas experiencias de movilidad internacional contribuyen al desarrollo de habilidades profesionales, liderazgo y adaptabilidad, as\u00ed como al fortalecimiento de una visi\u00f3n global, elementos esenciales para el \u00e9xito en el \u00e1mbito tur\u00edstico y mercadol\u00f3gico.\u00a0\u003C\/p\u003E\n\n\u003Cp\u003ELa FTyM y la UABC reiteran su compromiso con la internacionalizaci\u00f3n y con la creaci\u00f3n de oportunidades que permitan a sus estudiantes vivir experiencias formativas de alto impacto, prepar\u00e1ndoles para enfrentar los retos y demandas de un mercado laboral cada vez m\u00e1s competitivo.\u00a0\u003C\/p\u003E\n\n\u003Cp\u003E\u00a0\u003C\/p\u003E\u003C\/div\u003E\n      \n  \n\n    \n            \u003Cdiv  class=\u0022palabras-clave\u0022\u003E\n                        \u003Ca href=\u0022\/tags\/estancias-de-verano\u0022 hreflang=\u0022es\u0022\u003EEstancias de verano\u003C\/a\u003E\n                \u003Ca href=\u0022\/tags\/ftym\u0022 hreflang=\u0022es\u0022\u003EFTyM\u003C\/a\u003E\n                \u003Ca href=\u0022\/tags\/disney-world\u0022 hreflang=\u0022es\u0022\u003EDisney World\u003C\/a\u003E\n                \u003Ca href=\u0022\/tags\/espana\u0022 hreflang=\u0022es\u0022\u003EEspa\u00f1a\u003C\/a\u003E\n      \n      \u003C\/div\u003E\n  \n\n\n  \u003C\/div\u003E\n\n  \u003C\/div\u003E\n\n  \u003Cdiv class=\u0022area-extras group-right\u0022\u003E\n        \n                          \u003Cdiv  class=\u0022enlace-blockBottom\u0022 \u003E\n      \u003Cdiv\u003EVer m\u00e1s \u003Ca href=\u0022http:\/\/gaceta.uabc.mx\/notas\u0022\u003ENotas\u003C\/a\u003E\u003C\/div\u003E\n\u003C\/div\u003E\n      \n  \n\n\n  \u003C\/div\u003E\n\n\u003C\/div\u003E\n\n","settings":null}]