[{"command":"settings","settings":{"pluralDelimiter":"\u0003","suppressDeprecationErrors":true,"ajaxPageState":{"libraries":"core\/drupal.ajax,core\/picturefill,ds\/ds_3col_equal_width","theme":"gaceta","theme_token":null},"ajaxTrustedUrl":[],"field_group":{"html_element":{"mode":"media_expanded","context":"view","settings":{"classes":"datos","show_empty_fields":false,"id":"","element":"div","show_label":false,"label_element":"h3","label_element_classes":"","attributes":"","effect":"none","speed":"fast"}}},"user":{"uid":0,"permissionsHash":"55dc977d165ab1e05e51b6cc6487f6d73e65ab536d99ee82c6990d9001d5c21c"}},"merge":true},{"command":"add_css","data":"\u003Clink rel=\u0022stylesheet\u0022 media=\u0022all\u0022 href=\u0022\/sites\/default\/files\/css\/css_mxJrjoKKAZuuB4_4f-B1u9VnFZxvSor3Az4JEdrFEso.css\u0022 \/\u003E\n\u003Clink rel=\u0022stylesheet\u0022 media=\u0022all\u0022 href=\u0022\/sites\/default\/files\/css\/css_-BXSGQpS8YTwwuXGbPoshUvZ7W-_HbYR3H7d0DA_mEY.css\u0022 \/\u003E\n\u003Clink rel=\u0022stylesheet\u0022 media=\u0022all\u0022 href=\u0022\/sites\/default\/files\/css\/css_89YreTu0npezhXSakRJR9TVHyBS9bTcyt0s3IckAe-M.css\u0022 \/\u003E\n"},{"command":"add_js","selector":"body","data":[{"src":"\/sites\/default\/files\/js\/js_9UaAhXvc9u0KYXXUw-OKyLP2baQxdV4zY3Y_KGurcvY.js"},{"src":"\/sites\/default\/files\/js\/js_oDJxUBLBzfRb_FDgNfkNOm9-tiatS2kNfxQIeVRZA7Y.js"},{"src":"\/sites\/default\/files\/js\/js_YM82KRuzNIr2X-Kb8pQW8cOcSbWgQ_QGKclTYJ_aMlI.js"},{"src":"\/sites\/default\/files\/js\/js_pqqsPPmPmxKgamY6qk_WSawtL05XH_yAY8GkPHVyahI.js"}]},{"command":"insert","method":"replaceWith","selector":".view-mode-full","data":"\u003Cdiv data-history-node-id=\u002223505\u0022 class=\u0022contenido view-mode-media_expanded ds-3col-equal clearfix\u0022\u003E\n\n  \n\n  \u003Cdiv class=\u0022area-medios group-left\u0022\u003E\n        \n                          \u003Cdiv  class=\u0022imagen\u0022 \u003E\n          \u003Cpicture\u003E\n                  \u003Csource srcset=\u0022\/sites\/default\/files\/styles\/max_650x650\/public\/notas\/2025-08-12\/LUPUS.webp?itok=O5EIm507 650w, \/sites\/default\/files\/styles\/max_1300x1300\/public\/notas\/2025-08-12\/LUPUS.webp?itok=GZ4pO9oR 1300w, \/sites\/default\/files\/styles\/max_1900x1900\/public\/notas\/2025-08-12\/LUPUS.webp?itok=nGlRIb8K 1615w\u0022 type=\u0022image\/webp\u0022 sizes=\u0022100vw\u0022\/\u003E\n              \u003Csource srcset=\u0022\/sites\/default\/files\/styles\/max_650x650\/public\/notas\/2025-08-12\/LUPUS.jpg?itok=O5EIm507 650w, \/sites\/default\/files\/styles\/max_1300x1300\/public\/notas\/2025-08-12\/LUPUS.jpg?itok=GZ4pO9oR 1300w, \/sites\/default\/files\/styles\/max_1900x1900\/public\/notas\/2025-08-12\/LUPUS.jpg?itok=nGlRIb8K 1615w\u0022 type=\u0022image\/jpeg\u0022 sizes=\u0022100vw\u0022\/\u003E\n                  \u003Cimg srcset=\u0022\/sites\/default\/files\/styles\/max_650x650\/public\/notas\/2025-08-12\/LUPUS.jpg?itok=O5EIm507 650w, \/sites\/default\/files\/styles\/max_1300x1300\/public\/notas\/2025-08-12\/LUPUS.jpg?itok=GZ4pO9oR 1300w, \/sites\/default\/files\/styles\/max_1900x1900\/public\/notas\/2025-08-12\/LUPUS.jpg?itok=nGlRIb8K 1615w\u0022 sizes=\u0022100vw\u0022 src=\u0022\/sites\/default\/files\/styles\/max_1300x1300\/public\/notas\/2025-08-12\/LUPUS.jpg?itok=GZ4pO9oR\u0022 alt=\u0022.\u0022 typeof=\u0022foaf:Image\u0022 class=\u0022img-fluid\u0022 \/\u003E\n\n  \u003C\/picture\u003E\n\n\u003C\/div\u003E\n      \n  \n\n      \u003Cdiv  class=\u0022boton-expander\u0022\u003E\n        \n                  \u003Cdiv class=\u0022item-list\u0022\u003E\u003Cul\u003E\u003Cli\u003E\u003Ca href=\u0022\/ds-switch-view-mode\/node\/23505\/media_collapsed?selector=view-mode-media_expanded\u0022 class=\u0022use-ajax\u0022\u003E\u2191\u003C\/a\u003E\u003C\/li\u003E\u003C\/ul\u003E\u003C\/div\u003E\n      \n  \n    \u003C\/div\u003E\n\n\n  \u003C\/div\u003E\n\n  \u003Cdiv class=\u0022area-info group-middle\u0022\u003E\n    \n\u003Cdiv  class=\u0022inner\u0022\u003E\n          \n                          \u003Ch2  class=\u0022titulo\u0022 \u003E\n        Inician trabajos para el Tercer Congreso Internacional Potencia Lupus 2026 en UABC Tijuana\n\u003C\/h2\u003E\n      \n  \n\n    \n                          \u003Cdiv  class=\u0022resumen\u0022 \u003E\n      Fortaleciendo la investigaci\u00f3n y activismo sobre Lupus: Un convenio entre la UABC y CETLU\u003C\/div\u003E\n      \n  \n\n\n\u003Cdiv  class=\u0022datos\u0022\u003E\n            \u003Cdiv  class=\u0022autor\u0022\u003E\n            \u003Cdiv  class=\u0022field-label-inline\u0022\u003EPor\u003C\/div\u003E\n  \n                  \u003Ca href=\u0022\/autores\/gaceta-uabc\u0022 hreflang=\u0022es\u0022\u003EGaceta UABC\u003C\/a\u003E\n      \n  \n    \u003C\/div\u003E\n\n      \u003Cdiv  class=\u0022campus\u0022\u003E\n            \u003Cdiv  class=\u0022field-label-inline\u0022\u003ECampus\u003C\/div\u003E\n  \n                  \u003Ca href=\u0022\/campus\/tijuana\u0022 hreflang=\u0022es\u0022\u003ETijuana\u003C\/a\u003E\n      \n  \n    \u003C\/div\u003E\n\n    \n                          \u003Cdiv  class=\u0022fecha\u0022 \u003E\n      12 de Agosto de 2025\u003C\/div\u003E\n      \n  \n\n\n  \u003C\/div\u003E\n    \n                          \u003Cdiv  class=\u0022texto\u0022 \u003E\n      \u003Cp\u003EEn pasados d\u00edas se llev\u00f3 a cabo una reuni\u00f3n de trabajo entre la UABC y el Centro de Estudios Transdisciplinarios Athi\u00e9-Calleja por los Derechos de las Personas con Lupus A.C. (CETLU), con el objetivo de dar paso a la organizaci\u00f3n del Tercer Congreso Internacional Potencia Lupus 2026, con sede en la UABC, campus Tijuana.\u00a0\u003C\/p\u003E\n\n\u003Cp\u003EEsta reuni\u00f3n se dio despu\u00e9s de que ambas instituciones formalizaron su colaboraci\u00f3n mediante un convenio. El acuerdo tiene como prop\u00f3sito articular la investigaci\u00f3n transdisciplinaria, el activismo ciudadano, la formaci\u00f3n cl\u00ednica human\u00edstica, el desarrollo de pol\u00edticas p\u00fablicas y la toma de agencia en torno al lupus y otras enfermedades autoinmunes, todo en pro de una salud m\u00e1s justa, emp\u00e1tica e informada.\u003C\/p\u003E\n\n\u003Cp\u003EDurante la sesi\u00f3n, estuvieron presentes autoridades de la UABC, como la doctora Hayde\u00e9 Gomez Llanos Ju\u00e1rez, vicerrectora del campus Tijuana; la doctora Martha Lobo Rodr\u00edguez, coordinadora general de Vinculaci\u00f3n y Cooperaci\u00f3n Acad\u00e9mica; el maestro Guillermo Navarro V\u00e1zquez, jefe del Departamento de Apoyo a la Extensi\u00f3n de la Cultura y Vinculaci\u00f3n; y la doctora Guadalupe Delgadillo Ramos, directora de la Facultad de Medicina y Psicolog\u00eda (FMP). Por parte de CETLU, participaron la presidenta, doctora Laura Athi\u00e9 Ju\u00e1rez, y el doctor Efr\u00e9n Calleja Macedo, director de la instituci\u00f3n.\u003C\/p\u003E\n\n\u003Cp\u003EEl Tercer Congreso Internacional Potencia Lupus, que se celebrar\u00e1 el pr\u00f3ximo a\u00f1o en la UABC, campus Tijuana, reunir\u00e1 a especialistas en salud, as\u00ed como a expertos en diversas ciencias humanas y sociales, todos comprometidos con la atenci\u00f3n de las problem\u00e1ticas de las personas con lupus, tanto a nivel nacional como internacional. Durante esta colaboraci\u00f3n participar\u00e1 activamente la Facultad de Medicina y Psicolog\u00eda, del campus Tijuana, con el objetivo de aperturar di\u00e1logos cient\u00edficos, acad\u00e9micos, formativos y narrativos en torno al lupus. Asimismo, se explorar\u00e1n las posibilidades, retos y realidades de la investigaci\u00f3n gen\u00f3mica en esta enfermedad.\u003C\/p\u003E\n\n\u003Cp\u003EAdem\u00e1s, la UABC llevar\u00e1 a cabo el primer censo de su poblaci\u00f3n estudiantil y sus familias, con el fin de obtener datos m\u00e1s precisos sobre aquellos que viven con lupus y otras enfermedades autoinmunes. De este modo, se posiciona como la primera universidad mexicana con una iniciativa permanente que influir\u00e1 en pol\u00edticas p\u00fablicas en beneficio de este sector. Esta acci\u00f3n tambi\u00e9n busca visibilizar la toma de agencia, el activismo y la organizaci\u00f3n proactiva de las personas con lupus.\u003C\/p\u003E\n\n\u003Cp\u003EPosterior a la reuni\u00f3n se realiz\u00f3 un recorrido con representantes de CETLU por diversos espacios del campus.\u003C\/p\u003E\u003C\/div\u003E\n      \n  \n\n    \n            \u003Cdiv  class=\u0022palabras-clave\u0022\u003E\n                        \u003Ca href=\u0022\/tags\/convenio-de-colaboracion\u0022 hreflang=\u0022es\u0022\u003EConvenio de colaboraci\u00f3n\u003C\/a\u003E\n                \u003Ca href=\u0022\/tags\/cetlu\u0022 hreflang=\u0022es\u0022\u003ECETLU\u003C\/a\u003E\n                \u003Ca href=\u0022\/tags\/lupus\u0022 hreflang=\u0022es\u0022\u003ELupus\u003C\/a\u003E\n      \n      \u003C\/div\u003E\n  \n\n\n  \u003C\/div\u003E\n\n  \u003C\/div\u003E\n\n  \u003Cdiv class=\u0022area-extras group-right\u0022\u003E\n        \n                          \u003Cdiv  class=\u0022enlace-blockBottom\u0022 \u003E\n      \u003Cdiv\u003EVer m\u00e1s \u003Ca href=\u0022http:\/\/gaceta.uabc.mx\/notas\u0022\u003ENotas\u003C\/a\u003E\u003C\/div\u003E\n\u003C\/div\u003E\n      \n  \n\n\n  \u003C\/div\u003E\n\n\u003C\/div\u003E\n\n","settings":null}]