[{"command":"settings","settings":{"pluralDelimiter":"\u0003","suppressDeprecationErrors":true,"ajaxPageState":{"libraries":"core\/drupal.ajax,core\/picturefill,ds\/ds_3col_equal_width","theme":"gaceta","theme_token":null},"ajaxTrustedUrl":[],"field_group":{"html_element":{"mode":"media_expanded","context":"view","settings":{"classes":"datos","show_empty_fields":false,"id":"","element":"div","show_label":false,"label_element":"h3","label_element_classes":"","attributes":"","effect":"none","speed":"fast"}}},"user":{"uid":0,"permissionsHash":"55dc977d165ab1e05e51b6cc6487f6d73e65ab536d99ee82c6990d9001d5c21c"}},"merge":true},{"command":"add_css","data":"\u003Clink rel=\u0022stylesheet\u0022 media=\u0022all\u0022 href=\u0022\/sites\/default\/files\/css\/css_mxJrjoKKAZuuB4_4f-B1u9VnFZxvSor3Az4JEdrFEso.css\u0022 \/\u003E\n\u003Clink rel=\u0022stylesheet\u0022 media=\u0022all\u0022 href=\u0022\/sites\/default\/files\/css\/css_-BXSGQpS8YTwwuXGbPoshUvZ7W-_HbYR3H7d0DA_mEY.css\u0022 \/\u003E\n\u003Clink rel=\u0022stylesheet\u0022 media=\u0022all\u0022 href=\u0022\/sites\/default\/files\/css\/css_89YreTu0npezhXSakRJR9TVHyBS9bTcyt0s3IckAe-M.css\u0022 \/\u003E\n"},{"command":"add_js","selector":"body","data":[{"src":"\/sites\/default\/files\/js\/js_9UaAhXvc9u0KYXXUw-OKyLP2baQxdV4zY3Y_KGurcvY.js"},{"src":"\/sites\/default\/files\/js\/js_oDJxUBLBzfRb_FDgNfkNOm9-tiatS2kNfxQIeVRZA7Y.js"},{"src":"\/sites\/default\/files\/js\/js_YM82KRuzNIr2X-Kb8pQW8cOcSbWgQ_QGKclTYJ_aMlI.js"},{"src":"\/sites\/default\/files\/js\/js_pqqsPPmPmxKgamY6qk_WSawtL05XH_yAY8GkPHVyahI.js"}]},{"command":"insert","method":"replaceWith","selector":".view-mode-full","data":"\u003Cdiv data-history-node-id=\u002223527\u0022 class=\u0022contenido view-mode-media_expanded ds-3col-equal clearfix\u0022\u003E\n\n  \n\n  \u003Cdiv class=\u0022area-medios group-left\u0022\u003E\n        \n                          \u003Cdiv  class=\u0022imagen\u0022 \u003E\n          \u003Cpicture\u003E\n                  \u003Csource srcset=\u0022\/sites\/default\/files\/styles\/max_650x650\/public\/notas\/2025-08-29\/Certificaci%C3%B3n_Alta_Tecnolog%C3%ADa_Sector_Aeroespacial_UABC02.webp?itok=QIiWRCIq 650w, \/sites\/default\/files\/styles\/max_1300x1300\/public\/notas\/2025-08-29\/Certificaci%C3%B3n_Alta_Tecnolog%C3%ADa_Sector_Aeroespacial_UABC02.webp?itok=j-asY91N 1300w, \/sites\/default\/files\/styles\/max_1900x1900\/public\/notas\/2025-08-29\/Certificaci%C3%B3n_Alta_Tecnolog%C3%ADa_Sector_Aeroespacial_UABC02.webp?itok=jVQObsNi 1615w\u0022 type=\u0022image\/webp\u0022 sizes=\u0022100vw\u0022\/\u003E\n              \u003Csource srcset=\u0022\/sites\/default\/files\/styles\/max_650x650\/public\/notas\/2025-08-29\/Certificaci%C3%B3n_Alta_Tecnolog%C3%ADa_Sector_Aeroespacial_UABC02.jpg?itok=QIiWRCIq 650w, \/sites\/default\/files\/styles\/max_1300x1300\/public\/notas\/2025-08-29\/Certificaci%C3%B3n_Alta_Tecnolog%C3%ADa_Sector_Aeroespacial_UABC02.jpg?itok=j-asY91N 1300w, \/sites\/default\/files\/styles\/max_1900x1900\/public\/notas\/2025-08-29\/Certificaci%C3%B3n_Alta_Tecnolog%C3%ADa_Sector_Aeroespacial_UABC02.jpg?itok=jVQObsNi 1615w\u0022 type=\u0022image\/jpeg\u0022 sizes=\u0022100vw\u0022\/\u003E\n                  \u003Cimg srcset=\u0022\/sites\/default\/files\/styles\/max_650x650\/public\/notas\/2025-08-29\/Certificaci%C3%B3n_Alta_Tecnolog%C3%ADa_Sector_Aeroespacial_UABC02.jpg?itok=QIiWRCIq 650w, \/sites\/default\/files\/styles\/max_1300x1300\/public\/notas\/2025-08-29\/Certificaci%C3%B3n_Alta_Tecnolog%C3%ADa_Sector_Aeroespacial_UABC02.jpg?itok=j-asY91N 1300w, \/sites\/default\/files\/styles\/max_1900x1900\/public\/notas\/2025-08-29\/Certificaci%C3%B3n_Alta_Tecnolog%C3%ADa_Sector_Aeroespacial_UABC02.jpg?itok=jVQObsNi 1615w\u0022 sizes=\u0022100vw\u0022 src=\u0022\/sites\/default\/files\/styles\/max_1300x1300\/public\/notas\/2025-08-29\/Certificaci%C3%B3n_Alta_Tecnolog%C3%ADa_Sector_Aeroespacial_UABC02.jpg?itok=j-asY91N\u0022 alt=\u0022.\u0022 typeof=\u0022foaf:Image\u0022 class=\u0022img-fluid\u0022 \/\u003E\n\n  \u003C\/picture\u003E\n\n\u003C\/div\u003E\n      \n  \n\n      \u003Cdiv  class=\u0022boton-expander\u0022\u003E\n        \n                  \u003Cdiv class=\u0022item-list\u0022\u003E\u003Cul\u003E\u003Cli\u003E\u003Ca href=\u0022\/ds-switch-view-mode\/node\/23527\/media_collapsed?selector=view-mode-media_expanded\u0022 class=\u0022use-ajax\u0022\u003E\u2191\u003C\/a\u003E\u003C\/li\u003E\u003C\/ul\u003E\u003C\/div\u003E\n      \n  \n    \u003C\/div\u003E\n\n\n  \u003C\/div\u003E\n\n  \u003Cdiv class=\u0022area-info group-middle\u0022\u003E\n    \n\u003Cdiv  class=\u0022inner\u0022\u003E\n          \n                          \u003Ch2  class=\u0022titulo\u0022 \u003E\n        UABC lanza Certificaci\u00f3n en Alta Tecnolog\u00eda para fortalecer la industria aeroespacial en Baja California\n\u003C\/h2\u003E\n      \n  \n\n    \n                          \u003Cdiv  class=\u0022resumen\u0022 \u003E\n      La iniciativa busca formar talento especializado, impulsar la innovaci\u00f3n y apoyar la expansi\u00f3n de empresas en la regi\u00f3n\u003C\/div\u003E\n      \n  \n\n\n\u003Cdiv  class=\u0022datos\u0022\u003E\n            \u003Cdiv  class=\u0022autor\u0022\u003E\n            \u003Cdiv  class=\u0022field-label-inline\u0022\u003EPor\u003C\/div\u003E\n  \n                  \u003Ca href=\u0022\/autores\/olivia-yaritza-lopez-segoviano\u0022 hreflang=\u0022es\u0022\u003EOlivia Yaritza L\u00f3pez Segoviano\u003C\/a\u003E\n      \n  \n    \u003C\/div\u003E\n\n      \u003Cdiv  class=\u0022campus\u0022\u003E\n            \u003Cdiv  class=\u0022field-label-inline\u0022\u003ECampus\u003C\/div\u003E\n  \n                  \u003Ca href=\u0022\/campus\/mexicali\u0022 hreflang=\u0022es\u0022\u003EMexicali\u003C\/a\u003E\n      \n  \n    \u003C\/div\u003E\n\n    \n                          \u003Cdiv  class=\u0022fecha\u0022 \u003E\n      20 de Agosto de 2025\u003C\/div\u003E\n      \n  \n\n\n  \u003C\/div\u003E\n    \n                          \u003Cdiv  class=\u0022texto\u0022 \u003E\n      \u003Cp\u003ELa Universidad Aut\u00f3noma de Baja California (UABC) present\u00f3 el programa de Certificaci\u00f3n en Alta Tecnolog\u00eda para el Sector Aeroespacial, iniciativa que busca fortalecer la formaci\u00f3n de talento humano altamente especializado y responder a las demandas de una industria en constante transformaci\u00f3n.\u003C\/p\u003E\n\n\u003Cp\u003EDurante el acto celebrado en el Centro de Innovaci\u00f3n Inteligente y Desarrollo Tecnol\u00f3gico (CIIDT) del Instituto de Ingenier\u00eda, el rector de la UABC, doctor Luis Enrique Palafox Maestre, expres\u00f3 su satisfacci\u00f3n por este nuevo logro acad\u00e9mico. \u201cEstoy profundamente orgulloso por este gran esfuerzo y este proyecto que el d\u00eda de hoy estamos lanzando, que es la certificaci\u00f3n en alta tecnolog\u00eda del sector aeroespacial. Esto es una se\u00f1al m\u00e1s de hacia d\u00f3nde va transitando la universidad\u201d, se\u00f1al\u00f3.\u003C\/p\u003E\n\n\u003Cp\u003EEn su intervenci\u00f3n, destac\u00f3 que la instituci\u00f3n debe evolucionar hacia un modelo educativo m\u00e1s flexible y permanente. \u201cEl modelo de universidad de cuatro a cinco a\u00f1os es un modelo ya caduco. Las instituciones de educaci\u00f3n superior debemos transitar hacia una universidad para toda la vida, donde sus egresadas y egresados nunca salgan de la universidad, sino que siempre est\u00e9n conectados con ella\u201d, afirm\u00f3.\u003C\/p\u003E\n\n\u003Cp\u003EEl rector explic\u00f3 que el programa responde a las necesidades actuales de la industria aeroespacial, que en Baja California cuenta con m\u00e1s de 110 empresas y genera alrededor de 30 mil empleos. \u201cCada vez que colaboramos la academia, el gobierno y la industria \u2014la llamada triple h\u00e9lice\u2014 generamos sinergias estrat\u00e9gicas como la que estamos presentando hoy, impulsando significativamente el desarrollo de nuestra entidad e impactando de manera positiva en la sociedad bajacaliforniana\u201d, subray\u00f3.\u003C\/p\u003E\n\n\u003Cp\u003EAsimismo, resalt\u00f3 que la certificaci\u00f3n permitir\u00e1 a las y los participantes integrarse de forma \u00e1gil a la industria con competencias t\u00e9cnicas y estrat\u00e9gicas alineadas a est\u00e1ndares internacionales. \u201cUna de las mayores aportaciones de esta certificaci\u00f3n es que contribuir\u00e1 a que la regi\u00f3n cuente con talento especializado que incentive la instalaci\u00f3n y expansi\u00f3n de empresas, reduciendo la necesidad de contratar personal de otras partes del pa\u00eds o del mundo\u201d, explic\u00f3.\u003C\/p\u003E\n\n\u003Cp\u003EEl programa contempla la entrega de insignias digitales con valor curricular, emitidas por el Centro de Educaci\u00f3n Continua de la UABC. Sobre ello, el rector enfatiz\u00f3: \u201cLa UABC ha adquirido un rol de liderazgo a nivel nacional en cuanto a microcredenciales e insignias digitales. Estas permiten a las personas mostrar y validar sus logros y competencias en plataformas profesionales, reforzando su posicionamiento en un entorno altamente competitivo\u201d.\u003C\/p\u003E\n\n\u003Cp\u003EPara concluir su participaci\u00f3n, el doctor Palafox Maestre agradeci\u00f3 la confianza del sector empresarial y del Gobierno del Estado. Igualmente, reafirm\u00f3 la responsabilidad institucional con el desarrollo regional. \u201cEl compromiso conjunto entre academia, industria y gobierno es una de las mejores f\u00f3rmulas para seguir fortaleciendo el desarrollo tecnol\u00f3gico y econ\u00f3mico de nuestra regi\u00f3n y del pa\u00eds\u201d, dijo.\u003C\/p\u003E\n\n\u003Cp\u003EPor su parte, el subsecretario de Gesti\u00f3n de Inversi\u00f3n de la Secretar\u00eda de Econom\u00eda e Innovaci\u00f3n de Baja California, maestro Rodolfo Andrade Pelayo, reconoci\u00f3 la labor de la UABC como aliada estrat\u00e9gica del Gobierno del Estado en el fortalecimiento del sector aeroespacial.\u003C\/p\u003E\n\n\u003Cp\u003E\u201cEstamos viviendo con la UABC la Certificaci\u00f3n de Semiconductores que se inici\u00f3 hace tres a\u00f1os y que es un ejemplo internacional de lo que se puede hacer con voluntad y compromiso. Ahora empezamos esta Certificaci\u00f3n en Alta Tecnolog\u00eda Aeroespacial con la misma voluntad y compromiso para que Baja California siga teniendo un liderazgo importante\u201d, expres\u00f3.\u003C\/p\u003E\n\n\u003Cp\u003EEn tanto, el presidente del Cl\u00faster Espacial y Aeron\u00e1utico de Baja California, ingeniero Sergio P\u00e9rez Torres Lara, subray\u00f3 que la Certificaci\u00f3n en Alta Tecnolog\u00eda Aeroespacial representa el primer gran logro del reci\u00e9n conformado organismo, resultado del esfuerzo conjunto entre empresas, universidades y gobierno.\u003C\/p\u003E\n\n\u003Cp\u003EMencion\u00f3 que el esp\u00edritu del cl\u00faster radica en la colaboraci\u00f3n: \u201cYo hago lo que usted no puede y usted hace lo que yo no puedo, pero juntos podemos hacer grandes cosas. Ese es el esp\u00edritu del cl\u00faster y este es un claro ejemplo\u201d, expres\u00f3.\u003C\/p\u003E\n\n\u003Cp\u003EIgualmente, adelant\u00f3 que continuar\u00e1n trabajando en el levantamiento de necesidades de la industria para impulsar nuevos programas y certificaciones que fortalezcan la formaci\u00f3n de talento y el crecimiento del sector en Baja California.\u003C\/p\u003E\n\n\u003Cp\u003EEn representaci\u00f3n de Honeywell Aerospace Mexicali, el l\u00edder de Sitio Honeywell, Mexicali Research and Technology Center (MRTC), doctor Rogelio Ignacio Ballesteros Llanes, se\u00f1al\u00f3 la relevancia del lanzamiento de la Certificaci\u00f3n en Alta Tecnolog\u00eda Aeroespacial como un hito que fortalecer\u00e1 la formaci\u00f3n de talento especializado en Baja California.\u003C\/p\u003E\n\n\u003Cp\u003ESubray\u00f3 la importancia de la colaboraci\u00f3n entre academia, industria y gobierno para impulsar la competitividad regional, al se\u00f1alar que en Honeywell tienen la certeza de que \u201cel progreso surge en la intersecci\u00f3n del talento, la inversi\u00f3n tecnol\u00f3gica y la colaboraci\u00f3n\u201d.\u003C\/p\u003E\n\n\u003Cp\u003EDel mismo modo, expuso que la innovaci\u00f3n del modelo de microcredenciales y certificaciones, el cual permitir\u00e1 reconocer competencias inmediatas y asegurar calificaciones s\u00f3lidas con reconocimiento global. Asimismo, reconoci\u00f3 a la UABC por su papel fundamental en esta iniciativa y agradeci\u00f3 el esfuerzo conjunto del Cl\u00faster Aeroespacial y de la Secretar\u00eda de Econom\u00eda e Innovaci\u00f3n.\u003C\/p\u003E\n\n\u003Cp\u003EFinalmente, expres\u00f3 que este logro es parte de un proyecto colectivo que posiciona a Baja California como referente en la industria aeron\u00e1utica y aeroespacial: \u201cEste es solo el inicio de una nueva etapa de innovaci\u00f3n y crecimiento para nuestra regi\u00f3n\u201d.\u003C\/p\u003E\n\n\u003Cp\u003ELa Certificaci\u00f3n en Alta Tecnolog\u00eda para el Sector Aeroespacial tiene una duraci\u00f3n de seis meses y un modelo formativo mixto. El programa busca responder a las necesidades del sector en \u00e1reas clave como manufactura avanzada, validaci\u00f3n de componentes, transformaci\u00f3n digital e industria 4.0. Quienes concluyan recibir\u00e1n un certificado expedido por el CIIDT e insignias digitales de validez internacional otorgadas por el Centro de Educaci\u00f3n Continua de la universidad.\u003C\/p\u003E\n\n\u003Cp\u003EDe esta manera, la UABC contribuye en la consolidaci\u00f3n de Baja California como l\u00edder nacional e internacional en la industria aeroespacial al preparar a las y los profesionales que enfrentar\u00e1n los retos del futuro.\u003C\/p\u003E\u003C\/div\u003E\n      \n  \n\n    \n            \u003Cdiv  class=\u0022palabras-clave\u0022\u003E\n                        \u003Ca href=\u0022\/tags\/industria-aeroespacial\u0022 hreflang=\u0022es\u0022\u003EIndustria aeroespacial\u003C\/a\u003E\n      \n      \u003C\/div\u003E\n  \n\n\n  \u003C\/div\u003E\n\n  \u003C\/div\u003E\n\n  \u003Cdiv class=\u0022area-extras group-right\u0022\u003E\n        \n                          \u003Cdiv  class=\u0022enlace-blockBottom\u0022 \u003E\n      \u003Cdiv\u003EVer m\u00e1s \u003Ca href=\u0022http:\/\/gaceta.uabc.mx\/notas\u0022\u003ENotas\u003C\/a\u003E\u003C\/div\u003E\n\u003C\/div\u003E\n      \n  \n\n\n  \u003C\/div\u003E\n\n\u003C\/div\u003E\n\n","settings":null}]