[{"command":"settings","settings":{"pluralDelimiter":"\u0003","suppressDeprecationErrors":true,"ajaxPageState":{"libraries":"core\/drupal.ajax,core\/picturefill,ds\/ds_3col_equal_width","theme":"gaceta","theme_token":null},"ajaxTrustedUrl":[],"field_group":{"html_element":{"mode":"media_expanded","context":"view","settings":{"classes":"datos","show_empty_fields":false,"id":"","element":"div","show_label":false,"label_element":"h3","label_element_classes":"","attributes":"","effect":"none","speed":"fast"}}},"user":{"uid":0,"permissionsHash":"55dc977d165ab1e05e51b6cc6487f6d73e65ab536d99ee82c6990d9001d5c21c"}},"merge":true},{"command":"add_css","data":"\u003Clink rel=\u0022stylesheet\u0022 media=\u0022all\u0022 href=\u0022\/sites\/default\/files\/css\/css_mxJrjoKKAZuuB4_4f-B1u9VnFZxvSor3Az4JEdrFEso.css\u0022 \/\u003E\n\u003Clink rel=\u0022stylesheet\u0022 media=\u0022all\u0022 href=\u0022\/sites\/default\/files\/css\/css_-BXSGQpS8YTwwuXGbPoshUvZ7W-_HbYR3H7d0DA_mEY.css\u0022 \/\u003E\n\u003Clink rel=\u0022stylesheet\u0022 media=\u0022all\u0022 href=\u0022\/sites\/default\/files\/css\/css_89YreTu0npezhXSakRJR9TVHyBS9bTcyt0s3IckAe-M.css\u0022 \/\u003E\n"},{"command":"add_js","selector":"body","data":[{"src":"\/sites\/default\/files\/js\/js_9UaAhXvc9u0KYXXUw-OKyLP2baQxdV4zY3Y_KGurcvY.js"},{"src":"\/sites\/default\/files\/js\/js_oDJxUBLBzfRb_FDgNfkNOm9-tiatS2kNfxQIeVRZA7Y.js"},{"src":"\/sites\/default\/files\/js\/js_YM82KRuzNIr2X-Kb8pQW8cOcSbWgQ_QGKclTYJ_aMlI.js"},{"src":"\/sites\/default\/files\/js\/js_pqqsPPmPmxKgamY6qk_WSawtL05XH_yAY8GkPHVyahI.js"}]},{"command":"insert","method":"replaceWith","selector":".view-mode-full","data":"\u003Cdiv data-history-node-id=\u002223535\u0022 class=\u0022contenido view-mode-media_expanded ds-3col-equal clearfix\u0022\u003E\n\n  \n\n  \u003Cdiv class=\u0022area-medios group-left\u0022\u003E\n        \n                          \u003Cdiv  class=\u0022imagen\u0022 \u003E\n          \u003Cpicture\u003E\n                  \u003Csource srcset=\u0022\/sites\/default\/files\/styles\/max_650x650\/public\/notas\/2025-08-21\/UABCFPIE.webp?itok=GN2ri9CI 650w, \/sites\/default\/files\/styles\/max_1300x1300\/public\/notas\/2025-08-21\/UABCFPIE.webp?itok=P-6ZZvSp 1300w, \/sites\/default\/files\/styles\/max_1900x1900\/public\/notas\/2025-08-21\/UABCFPIE.webp?itok=72-Hxbko 1615w\u0022 type=\u0022image\/webp\u0022 sizes=\u0022100vw\u0022\/\u003E\n              \u003Csource srcset=\u0022\/sites\/default\/files\/styles\/max_650x650\/public\/notas\/2025-08-21\/UABCFPIE.jpg?itok=GN2ri9CI 650w, \/sites\/default\/files\/styles\/max_1300x1300\/public\/notas\/2025-08-21\/UABCFPIE.jpg?itok=P-6ZZvSp 1300w, \/sites\/default\/files\/styles\/max_1900x1900\/public\/notas\/2025-08-21\/UABCFPIE.jpg?itok=72-Hxbko 1615w\u0022 type=\u0022image\/jpeg\u0022 sizes=\u0022100vw\u0022\/\u003E\n                  \u003Cimg srcset=\u0022\/sites\/default\/files\/styles\/max_650x650\/public\/notas\/2025-08-21\/UABCFPIE.jpg?itok=GN2ri9CI 650w, \/sites\/default\/files\/styles\/max_1300x1300\/public\/notas\/2025-08-21\/UABCFPIE.jpg?itok=P-6ZZvSp 1300w, \/sites\/default\/files\/styles\/max_1900x1900\/public\/notas\/2025-08-21\/UABCFPIE.jpg?itok=72-Hxbko 1615w\u0022 sizes=\u0022100vw\u0022 src=\u0022\/sites\/default\/files\/styles\/max_1300x1300\/public\/notas\/2025-08-21\/UABCFPIE.jpg?itok=P-6ZZvSp\u0022 alt=\u0022Laboratorio FPIE\u0022 typeof=\u0022foaf:Image\u0022 class=\u0022img-fluid\u0022 \/\u003E\n\n  \u003C\/picture\u003E\n\n\u003C\/div\u003E\n      \n  \n\n      \u003Cdiv  class=\u0022boton-expander\u0022\u003E\n        \n                  \u003Cdiv class=\u0022item-list\u0022\u003E\u003Cul\u003E\u003Cli\u003E\u003Ca href=\u0022\/ds-switch-view-mode\/node\/23535\/media_collapsed?selector=view-mode-media_expanded\u0022 class=\u0022use-ajax\u0022\u003E\u2191\u003C\/a\u003E\u003C\/li\u003E\u003C\/ul\u003E\u003C\/div\u003E\n      \n  \n    \u003C\/div\u003E\n\n\n  \u003C\/div\u003E\n\n  \u003Cdiv class=\u0022area-info group-middle\u0022\u003E\n    \n\u003Cdiv  class=\u0022inner\u0022\u003E\n          \n                          \u003Ch2  class=\u0022titulo\u0022 \u003E\n        Un s\u00edmbolo de compromiso con la educaci\u00f3n cient\u00edfica: inauguran Laboratorio de Ciencias en la FPIE\n\u003C\/h2\u003E\n      \n  \n\n    \n                          \u003Cdiv  class=\u0022resumen\u0022 \u003E\n      Con equipo moderno y seguro, el nuevo espacio permitir\u00e1 a las y los estudiantes experimentar, aprender e inspirarse para formar a las futuras generaciones.\u003C\/div\u003E\n      \n  \n\n\n\u003Cdiv  class=\u0022datos\u0022\u003E\n            \u003Cdiv  class=\u0022autor\u0022\u003E\n            \u003Cdiv  class=\u0022field-label-inline\u0022\u003EPor\u003C\/div\u003E\n  \n                  \u003Ca href=\u0022\/autores\/olivia-yaritza-lopez-segoviano-con-informacion-de-maria-fernanda-flores-moreno\u0022 hreflang=\u0022es\u0022\u003EOlivia Yaritza L\u00f3pez Segoviano con informaci\u00f3n de Mar\u00eda Fernanda Flores Moreno\u003C\/a\u003E\n      \n  \n    \u003C\/div\u003E\n\n      \u003Cdiv  class=\u0022campus\u0022\u003E\n            \u003Cdiv  class=\u0022field-label-inline\u0022\u003ECampus\u003C\/div\u003E\n  \n                  \u003Ca href=\u0022\/campus\/uabc\u0022 hreflang=\u0022es\u0022\u003EUABC\u003C\/a\u003E\n      \n  \n    \u003C\/div\u003E\n\n    \n                          \u003Cdiv  class=\u0022fecha\u0022 \u003E\n      21 de Agosto de 2025\u003C\/div\u003E\n      \n  \n\n\n  \u003C\/div\u003E\n    \n                          \u003Cdiv  class=\u0022texto\u0022 \u003E\n      \u003Cp\u003ELa UABC inaugur\u00f3 el Laboratorio de Ciencias de la Facultad de Pedagog\u00eda e Innovaci\u00f3n Educativa (FPIE), espacio que brindar\u00e1 a las y los estudiantes la oportunidad de realizar pr\u00e1cticas en f\u00edsica, qu\u00edmica, biolog\u00eda y microbiolog\u00eda con equipo moderno y en condiciones de seguridad adecuadas.\u003C\/p\u003E\n\n\u003Cp\u003EEn la ceremonia, el rector de la UABC, doctor Luis Enrique Palafox Maestre, reconoci\u00f3 el esfuerzo de la comunidad universitaria para concretar este proyecto. Mencion\u00f3: \u201cLo que cuesta m\u00e1s trabajo siempre es lo que m\u00e1s se disfruta\u201d, en este caso, \u201cgran parte de la inversi\u00f3n que se ha hecho proviene de recursos generados de Sorteos Universitarios, que justamente se asignaron a la facultad en reciprocidad a la gran participaci\u00f3n de estudiantes, profesoras y profesores\u201d. Agreg\u00f3 que tambi\u00e9n se cont\u00f3 con el respaldo del Patronato Universitario y con recursos propios de la UABC, lo que permiti\u00f3 una inversi\u00f3n cercana a los 2.6 millones de pesos en obra civil, mobiliario, sistemas contra incendios y equipamiento especializado.\u003C\/p\u003E\n\n\u003Cp\u003EEl doctor Palafox Maestre reafirm\u00f3 el compromiso institucional de reducir las brechas en el acceso a la educaci\u00f3n cient\u00edfica desde edades tempranas, al destacar que el aprendizaje de las ciencias es esencial para fomentar la innovaci\u00f3n, el pensamiento cr\u00edtico y la soluci\u00f3n de problemas.\u003C\/p\u003E\n\n\u003Cp\u003EEn este sentido, subray\u00f3 la importancia de contar con docentes especialistas que preparen a las nuevas generaciones para enfrentar los retos tecnol\u00f3gicos, ambientales y sociales del futuro. En este marco, celebr\u00f3 la inauguraci\u00f3n del Laboratorio de Ciencias de la Facultad de Pedagog\u00eda e Innovaci\u00f3n Educativa, el cual permitir\u00e1 a las y los estudiantes desarrollar conocimientos pr\u00e1cticos m\u00e1s all\u00e1 del aula en un espacio moderno y equipado.\u003C\/p\u003E\n\n\u003Cp\u003E\u201cAprovechen cada equipo de laboratorio, val\u00f3renlo porque este les va a permitir una mejor formaci\u00f3n profesional\u201d, exhort\u00f3 el doctor Palafox Maestre al alumnado presente.\u003C\/p\u003E\n\n\u003Cp\u003EPor su parte, la directora de la facultad, doctora Griselda Mend\u00edvil Rosas, manifest\u00f3 que la inauguraci\u00f3n representa la culminaci\u00f3n de un proyecto que inici\u00f3 hace m\u00e1s de diez a\u00f1os como una idea y que hoy se materializa gracias al esfuerzo colectivo de docentes, estudiantes y diversas \u00e1reas universitarias, quienes con compromiso y dedicaci\u00f3n hicieron posible este proyecto. \u201cEl laboratorio de ciencias es m\u00e1s que un espacio f\u00edsico equipado con microscopios, campanas e incubadoras; es un s\u00edmbolo de compromiso con la formaci\u00f3n de la ciencia en ni\u00f1as, ni\u00f1os y j\u00f3venes\u201d, afirm\u00f3.\u003C\/p\u003E\n\n\u003Cp\u003ELa doctora Mend\u00edvil Rosas enfatiz\u00f3 que este espacio permitir\u00e1 a las y los estudiantes \u201cexperimentar, aprender, investigar y sobre todo inspirarse para formar a las futuras generaciones. Hoy celebramos que la licenciatura en Docencia de las Ciencias fortalece esa informaci\u00f3n acad\u00e9mica con un espacio moderno, seguro y multidisciplinario para nuestras y nuestros estudiantes. Este laboratorio refleja lo que somos como comunidad universitaria\u201d.\u003C\/p\u003E\n\n\u003Cp\u003ECon la inauguraci\u00f3n de este laboratorio, la UABC reafirma su compromiso con la formaci\u00f3n integral de sus estudiantes, ofreciendo espacios de vanguardia que fortalecen la calidad acad\u00e9mica y contribuyen al desarrollo de una sociedad m\u00e1s justa y equitativa a trav\u00e9s de la ciencia y la educaci\u00f3n.\u003C\/p\u003E\u003C\/div\u003E\n      \n  \n\n    \n            \u003Cdiv  class=\u0022palabras-clave\u0022\u003E\n                        \u003Ca href=\u0022\/tags\/inauguracion\u0022 hreflang=\u0022es\u0022\u003EInauguraci\u00f3n\u003C\/a\u003E\n                \u003Ca href=\u0022\/tags\/laboratorio\u0022 hreflang=\u0022es\u0022\u003ELaboratorio\u003C\/a\u003E\n                \u003Ca href=\u0022\/tags\/ciencias\u0022 hreflang=\u0022es\u0022\u003ECiencias\u003C\/a\u003E\n      \n      \u003C\/div\u003E\n  \n\n\n  \u003C\/div\u003E\n\n  \u003C\/div\u003E\n\n  \u003Cdiv class=\u0022area-extras group-right\u0022\u003E\n        \n                          \u003Cdiv  class=\u0022enlace-blockBottom\u0022 \u003E\n      \u003Cdiv\u003EVer m\u00e1s \u003Ca href=\u0022http:\/\/gaceta.uabc.mx\/notas\u0022\u003ENotas\u003C\/a\u003E\u003C\/div\u003E\n\u003C\/div\u003E\n      \n  \n\n\n  \u003C\/div\u003E\n\n\u003C\/div\u003E\n\n","settings":null}]